{"id":3328,"date":"2017-09-25T19:40:33","date_gmt":"2017-09-25T19:40:33","guid":{"rendered":"http:\/\/kostolna.fara.sk\/?p=3328"},"modified":"2017-09-25T19:40:33","modified_gmt":"2017-09-25T19:40:33","slug":"put-k-svatemu-martinovi-szent-martonhoz-zarandokoltunk","status":"publish","type":"post","link":"https:\/\/www.farakostolna.sk\/?p=3328","title":{"rendered":"P\u00fa\u0165 k sv\u00e4t\u00e9mu Martinovi \/ Szent M\u00e1rtonhoz zar\u00e1ndokoltunk"},"content":{"rendered":"<p>\t\t\t\t<a href=\"http:\/\/kostolna.fara.sk\/put-k-svatemu-martinovi-szent-martonhoz-zarandokoltunk\/img_20170923_084502\/\" rel=\"attachment wp-att-3329\"><img loading=\"lazy\" decoding=\"async\" class=\"size-medium wp-image-3329 alignleft\" src=\"http:\/\/kostolna.fara.sk\/wp-content\/uploads\/2017\/10\/IMG_20170923_084502-300x168.jpg\" alt=\"\" width=\"300\" height=\"168\" \/><\/a>Pri pr\u00edle\u017eitosti 1700. v\u00fdro\u010dia narodenia patr\u00f3na na\u0161ej arcidiec\u00e9zy sa 23. septembra konala p\u00fa\u0165 ma\u010farsk\u00fdch veriacich do D\u00f3mu sv. Martina. <!--more-->Priv\u00edtal n\u00e1s p\u00e1n arcibiskup Stanislav Zvolensk\u00fd, hlavn\u00fdm celebrantom sl\u00e1vnostnej sv. om\u0161e bol bratislavsk\u00fd pomocn\u00fd biskup Jozef Ha\u013eko, ktor\u00fd n\u00e1m predstavil hist\u00f3riu d\u00f3mu a\u00a0obohatil n\u00e1s cenn\u00fdmi my\u0161lienkami.<\/p>\n<p align=\"JUSTIFY\"><a href=\"https:\/\/photos.app.goo.gl\/E7ZYMyMHAckzg1Hj1\" target=\"_blank\" rel=\"noopener noreferrer\">Fotky \/ F\u00e9nyk\u00e9pek<\/a><\/p>\n<p align=\"JUSTIFY\"><span lang=\"hu-HU\">A Tours-i Szent M\u00e1rton sz\u00fclet\u00e9s\u00e9nek 1700. \u00e9vfordul\u00f3ja alkalm\u00e1b\u00f3l meghirdetett Szent M\u00e1rton-\u00e9v aprop\u00f3j\u00e1n a Pozsonyi F\u0151egyh\u00e1zmegye \u00a0magyar h\u00edvei t\u00f6lt\u00f6tt\u00e9k meg az egykori koron\u00e1z\u00f3templomot. A zar\u00e1ndoklatra szeptember 23-\u00e1n ker\u00fclt sor, s pl\u00e9b\u00e1niak\u00f6zs\u00e9g\u00fcnkb\u0151l is indult aut\u00f3busz a Szent M\u00e1rton-sz\u00e9kesegyh\u00e1zba. <\/span><\/p>\n<p align=\"JUSTIFY\"><span lang=\"hu-HU\">A h\u00edveket Stanislav Zvolensk\u00fd pozsonyi \u00e9rsek-metropolita k\u00f6sz\u00f6nt\u00f6tte, majd \u00e1tadta a sz\u00f3t Ha\u013eko J\u00f3zsef seg\u00e9dp\u00fcsp\u00f6knek, aki egyben a pozsonyi d\u00f3m t\u00f6rt\u00e9net\u00e9nek jeles ismer\u0151je, \u00edgy avatott szakember kalauzolt az \u00e9rdekesebbn\u00e9l \u00e9rdekesebb r\u00e9szletek k\u00f6z\u00f6tt. Sz\u00f3 esett a Szent M\u00e1rton-szoborr\u00f3l; a nagy kir\u00e1lyn\u0151, M\u00e1ria Ter\u00e9zia megkoron\u00e1z\u00e1sr\u00f3l; Kempelen Farkasnak, a sakkoz\u00f3g\u00e9p feltal\u00e1l\u00f3j\u00e1nak megkeresztel\u00e9s\u00e9r\u0151l; a H\u00e9tf\u00e1jdalm\u00fa Sz\u0171z mell\u00e9kolt\u00e1r\u00e1nak jelent\u0151s\u00e9g\u00e9r\u0151l; P\u00e1zm\u00e1ny P\u00e9ter pr\u00edm\u00e1s, esztergomi \u00e9rsek s\u00edrj\u00e1r\u00f3l; s term\u00e9szetesen a d\u00f3m \u00e9s az eg\u00e9sz f\u0151egyh\u00e1zmegye v\u00e9d\u0151szentj\u00e9nek Tours-i Szent M\u00e1rtonnak az \u00e9let\u00e9r\u0151l \u00e9s \u00fczenet\u00e9r\u0151l is. A r\u00e9szletekben m\u00e9g ink\u00e1bb elmer\u00fclni k\u00edv\u00e1n\u00f3k megv\u00e1s\u00e1rolhatt\u00e1k a p\u00fcsp\u00f6k atya tavaly decemberben magyar nyelven megjelent k\u00f6nyv\u00e9t koron\u00e1z\u00f3templomunkr\u00f3l. <\/span><\/p>\n<p align=\"JUSTIFY\"><span lang=\"hu-HU\">A d\u00f3m megtekint\u00e9se ut\u00e1n az egybegy\u0171lt h\u00edvek elim\u00e1dkozt\u00e1k a r\u00f3zsaf\u00fcz\u00e9rt, ezek ut\u00e1n kezd\u0151d\u00f6tt az \u00fcnnepi szentmise, melynek f\u0151celebr\u00e1nsa Ha\u013eko J\u00f3zsef p\u00fcsp\u00f6k atya volt. Pr\u00e9dik\u00e1ci\u00f3j\u00e1ban \u2013 az alkalomb\u00f3l ad\u00f3d\u00f3an \u2013 kit\u00e9rt szent\u00fcnk legend\u00e1s tett\u00e9re, mikor megosztotta egy koldussal a k\u00f6peny\u00e9t. Vajon van-e m\u00e9g aktualit\u00e1sa ennek a tettnek \u2013 tette f\u00f6l a k\u00e9rd\u00e9st, \u2013 mikor manaps\u00e1g m\u00e1r ruh\u00e1zati cikkekb\u0151l igaz\u00e1n nincs hi\u00e1ny? Term\u00e9szetesen van, ha kicsit tov\u00e1bbgondoljuk. Tal\u00e1n finom s\u00fctem\u00e9ny \u00e9s k\u00e1v\u00e9 mellett nyelv\u00fcnkkel nem vetk\u0151ztetj\u00fck-e mez\u00edtelenre embert\u00e1rsainkat, akik \u00e9ppen nincsenek jelen? Vajon akad-e olyan tagja az adott t\u00e1rsas\u00e1gnak, aki b\u00e1tran felsz\u00f3lalva, az emberi m\u00e9lt\u00f3s\u00e1g k\u00f6peny\u00e9vel eltakarn\u00e1 az \u00e9rintett szem\u00e9ly mez\u00edtelens\u00e9g\u00e9t, megv\u00e9den\u00e9 becs\u00fclet\u00e9t? Arcpir\u00edt\u00f3, elevenbe v\u00e1g\u00f3 szavak. Ez bizony\u00e1ra sokaknak nem jutott esz\u00e9be Tours-i Szent M\u00e1rton tette kapcs\u00e1n\u2026<\/span><\/p>\n<p align=\"JUSTIFY\"><span lang=\"hu-HU\">A szentmise\u00e1ldozat bemutat\u00e1s\u00e1ban r\u00e9szt vettek a k\u00f6rny\u00e9kbeli pl\u00e9b\u00e1niak\u00f6zs\u00e9gek magyar ajk\u00fa lelkiaty\u00e1i is. A szentmise v\u00e9g\u00e9n Naszvadi S\u00e1ndor nagymagyari esperespl\u00e9b\u00e1nos sz\u00f3lt a jelenl\u00e9v\u0151kh\u00f6z, hogy k\u00f6sz\u00f6net\u00e9t fejezze ki az eg\u00e9sz zar\u00e1ndoklat\u00e9rt \u00e9s a p\u00fcsp\u00f6k atya buzd\u00edt\u00f3 szavai\u00e9rt. V\u00e9g\u00fcl a h\u00edvek p\u00fcsp\u00f6ki \u00e1ld\u00e1sban r\u00e9szes\u00fcltek, s felcsend\u00fclt a p\u00e1pai himnusz ut\u00e1n nemzeti im\u00e1ds\u00e1gunk is. A zar\u00e1ndoklat v\u00e9g\u00e9n a pontot Szent M\u00e1rton p\u00fcsp\u00f6k erekly\u00e9j\u00e9nek szem\u00e9lyes tisztelete jelentette. <\/span><\/p>\n<p align=\"JUSTIFY\"><span lang=\"hu-HU\">K\u00f6sz\u00f6net illeti Gajdo\u0161 P\u00e1l pl\u00e9b\u00e1nos aty\u00e1t, aki r\u00e9szv\u00e9telre buzd\u00edtotta pl\u00e9b\u00e1niak\u00f6zs\u00e9g\u00fcnk magyar ajk\u00fa h\u00edveit. Rendk\u00edv\u00fcl \u00e9rt\u00e9kes d\u00e9lel\u0151ttben volt r\u00e9sze azoknak, akik elj\u00f6ttek. P\u00e9lda\u00e9rt\u00e9k\u0171 a zar\u00e1ndoklaton r\u00e9szt vev\u0151 cserk\u00e9szek kitart\u00e1sa, a legkisebbek is h\u0151siesen kib\u00edrt\u00e1k a sz\u00e1mukra hossz\u00fa lelki programot. <\/span><\/p>\n<p align=\"JUSTIFY\"><span lang=\"hu-HU\">V\u00e9g\u00fcl m\u00e9g egy szomor\u00fa \u00e9szrev\u00e9tel: nem tudom, megfigyelt\u00e9k-e, de a magyar kir\u00e1lyok egykori koron\u00e1z\u00f3templom\u00e1ban nem tal\u00e1lkozni magyar feliratokkal. De, hogy valami pozit\u00edvabbal fejezzem be: a szentmise m\u00e1r el\u00e9g f\u00e1raszt\u00f3 volt a gyerekeimnek, \u00f6r\u00fcltem, hogy kib\u00edrt\u00e1k. Mikor azonban haza\u00e9rt\u00fcnk, a k\u00f6vetkez\u0151 felki\u00e1lt\u00e1ssal l\u00e9ptek be az ajt\u00f3n: \u2013 J\u00e1tsszunk mis\u00e9set! <\/span><\/p>\n<p align=\"RIGHT\"><a name=\"_GoBack\"><\/a><span lang=\"hu-HU\"><i>Gujber Zsuzsanna,<\/i><\/span><\/p>\n<p align=\"RIGHT\"><span lang=\"hu-HU\">Hegys\u00far<\/span><\/p>\n","protected":false},"excerpt":{"rendered":"<p>Pri pr\u00edle\u017eitosti 1700. v\u00fdro\u010dia narodenia patr\u00f3na na\u0161ej arcidiec\u00e9zy sa 23. septembra konala p\u00fa\u0165 ma\u010farsk\u00fdch veriacich do D\u00f3mu sv. Martina.<\/p>\n","protected":false},"author":1,"featured_media":3329,"comment_status":"closed","ping_status":"closed","sticky":false,"template":"","format":"standard","meta":{"footnotes":""},"categories":[4,14],"tags":[22,32],"class_list":{"0":"entry","1":"post","2":"publish","3":"author-marian-jasenoveceltras-sk","4":"has-excerpt","5":"has-more-link","6":"post-3328","8":"format-standard","9":"has-post-thumbnail","10":"category-akcie","11":"category-put","12":"post_tag-akcie","13":"post_tag-put"},"_links":{"self":[{"href":"https:\/\/www.farakostolna.sk\/index.php?rest_route=\/wp\/v2\/posts\/3328","targetHints":{"allow":["GET"]}}],"collection":[{"href":"https:\/\/www.farakostolna.sk\/index.php?rest_route=\/wp\/v2\/posts"}],"about":[{"href":"https:\/\/www.farakostolna.sk\/index.php?rest_route=\/wp\/v2\/types\/post"}],"author":[{"embeddable":true,"href":"https:\/\/www.farakostolna.sk\/index.php?rest_route=\/wp\/v2\/users\/1"}],"replies":[{"embeddable":true,"href":"https:\/\/www.farakostolna.sk\/index.php?rest_route=%2Fwp%2Fv2%2Fcomments&post=3328"}],"version-history":[{"count":0,"href":"https:\/\/www.farakostolna.sk\/index.php?rest_route=\/wp\/v2\/posts\/3328\/revisions"}],"wp:featuredmedia":[{"embeddable":true,"href":"https:\/\/www.farakostolna.sk\/index.php?rest_route=\/"}],"wp:attachment":[{"href":"https:\/\/www.farakostolna.sk\/index.php?rest_route=%2Fwp%2Fv2%2Fmedia&parent=3328"}],"wp:term":[{"taxonomy":"category","embeddable":true,"href":"https:\/\/www.farakostolna.sk\/index.php?rest_route=%2Fwp%2Fv2%2Fcategories&post=3328"},{"taxonomy":"post_tag","embeddable":true,"href":"https:\/\/www.farakostolna.sk\/index.php?rest_route=%2Fwp%2Fv2%2Ftags&post=3328"}],"curies":[{"name":"wp","href":"https:\/\/api.w.org\/{rel}","templated":true}]}}