{"id":3323,"date":"2017-10-09T07:52:12","date_gmt":"2017-10-09T07:52:12","guid":{"rendered":"http:\/\/kostolna.fara.sk\/?p=3323"},"modified":"2017-10-09T07:52:12","modified_gmt":"2017-10-09T07:52:12","slug":"blahorecenie-titusa-zemana","status":"publish","type":"post","link":"https:\/\/www.farakostolna.sk\/?p=3323","title":{"rendered":"Blahore\u010denie Titusa Zemana"},"content":{"rendered":"<p>\t\t\t\t<span style=\"font-size: large;\"><i><a href=\"http:\/\/kostolna.fara.sk\/blahorecenie-titusa-zemana\/img_20170930_121712\/\" rel=\"attachment wp-att-3324\"><img loading=\"lazy\" decoding=\"async\" class=\"size-medium wp-image-3324 alignleft\" src=\"http:\/\/kostolna.fara.sk\/wp-content\/uploads\/2017\/10\/IMG_20170930_121712-300x168.jpg\" alt=\"\" width=\"300\" height=\"168\" \/><\/a> Mnoh\u00ed na\u0161i farn\u00edci mali d\u00e1tum 30. september u\u017e dlh\u0161\u00ed \u010das rezervovan\u00fd. Ani sme sa nenazdali a dlho o\u010dak\u00e1van\u00fd okamih v\u00fdznamnej udalosti blahore\u010denia salezi\u00e1nskeho k\u0148aza Titusa Zemana bol tu. Ni\u010d sme nechceli zme\u0161ka\u0165, tak sme sa do Petr\u017ealky vybrali s dostato\u010dn\u00fdm predstihom u\u017e r\u00e1no.<\/i><\/span><!--more--><\/p>\n<p align=\"JUSTIFY\"><span style=\"font-size: large;\"> To, \u017ee usporiadatelia si dali na v\u0161etkom z\u00e1le\u017ea\u0165 napovedali aj elektronick\u00e9 prenosn\u00e9 smerov\u00e9 tabule s blikaj\u00facim n\u00e1pisom \u201eBlahore\u010denie Titusa Zemana\u201c, ktor\u00e9 n\u00e1s spo\u013eahlivo navigovali ku kostolu Sv\u00e4tej rodiny, kde sa uskuto\u010dnila cel\u00e1 o\u010dak\u00e1van\u00e1 sl\u00e1vnos\u0165. Mo\u017eno niektor\u00ed v\u00e1hali s osobnou \u00fa\u010das\u0165ou na tejto v\u00fdnimo\u010dnej udalosti. Iste, nie ka\u017ed\u00fd m\u00f4\u017ee absolvova\u0165 tak\u00fato udalos\u0165. Boli sme radi, \u017ee n\u00e1m sa to podarilo aj s de\u0165mi. Mo\u017eno a\u017e \u010dasom si skuto\u010dne uvedom\u00edme, na akej v\u00fdznamnej udalosti sme sa z\u00fa\u010dastnili. Ve\u010f ofici\u00e1lne sv\u00e4t\u00ed sa na Slovensku nevyhlasuj\u00fa ka\u017ed\u00fd rok. Okrem samotnej \u00fa\u010dasti na sl\u00e1vnosti a na spolo\u010denstve veriacich sme vydali svedectvo aj pre ostatn\u00fdch, ktor\u00ed to vn\u00edmali mo\u017eno cez pootvoren\u00e9 okn\u00e1 petr\u017ealsk\u00fdch \u010din\u017eiakov \u010di cez m\u00e9di\u00e1, ktor\u00e9 o tomto v\u0161etkom informovali. Celkov\u00fd po\u010det p\u00fatnikov je odhadovan\u00fd na 25 000, pri\u010dom medzi nimi bolo po\u010du\u0165 r\u00f4zne eur\u00f3pske jazyky. <\/span><\/p>\n<p align=\"JUSTIFY\"><span style=\"font-size: large;\"> Titus bol vern\u00fd Bohu, nikdy nezav\u00e1hal. Pri \u010d\u00edtan\u00ed jeho \u017eivotopisu na sl\u00e1vnosti niektor\u00e9 pas\u00e1\u017ee zneli a\u017e neuverite\u013ene \u2013 na nen\u00e1vis\u0165 neodpovedal zlobou, ale trpezlivo zn\u00e1\u0161al krivdy, ktor\u00e9 na \u0148om boli p\u00e1chan\u00e9. On vedel, \u017ee jeho tr\u00fdznitelia s\u00fa oklaman\u00ed a v skuto\u010dnosti oni s\u00fa t\u00ed, ktor\u00ed potrebuj\u00fa pomoc, odpustenie a spoznanie Pravdy. <\/span><\/p>\n<p align=\"JUSTIFY\"><span style=\"font-size: large;\"> Blahore\u010denie tohto mu\u010den\u00edka, ktor\u00fd bol surovo t\u00fdran\u00fd pre pomoc, ktor\u00fa preuk\u00e1zal bud\u00facim k\u0148azom je v dne\u0161nej dobe mementom, ktor\u00e9 by mali po\u010du\u0165 v\u0161etci, ktor\u00ed s\u00fa z r\u00f4znych d\u00f4vodov na pochyb\u00e1ch, \u010di komunizmus bol naozaj zl\u00fd. Strom pozn\u00e1me po ovoc\u00ed. Mysl\u00edm si, \u017ee re\u017eim, ktor\u00fd dok\u00e1\u017ee z \u013eud\u00ed vytiahnu\u0165 to najhor\u0161ie, \u010do v nich je m\u00f4\u017eeme pr\u00e1vom nazva\u0165 tyransk\u00fdm. Dnes, ke\u010f mnoh\u00ed s nostalgiou spom\u00ednaj\u00fa na \u201ezlat\u00e9\u201c komunistick\u00e9 \u010dasy, ke\u010f ka\u017ed\u00fd mal pr\u00e1cu je Titusov odkaz jasn\u00fdm bud\u00ed\u010dkom. Na jednej strane n\u00e1m ukazuje kam \u010dlovek \u2013 homo sapiens \u2013 m\u00f4\u017ee z\u00e1js\u0165 vo svojej krutosti, ak bojuje proti Bohu. Na druhej strane m\u00e1me jasn\u00fd a st\u00e1le \u017eiv\u00fd pr\u00edklad toho, ako \u017ei\u0165 evanjeliov\u00fd odkaz aj v tak\u00fdchto sk\u00fa\u0161kach. Titus je ten, ktor\u00fd miloval, ktor\u00fd trpel, a ktor\u00fd odpustil. Toto je siln\u00fd odkaz nielen pre na\u0161u gener\u00e1ciu, ale aj pre \u010fal\u0161ie, ktor\u00e9 bud\u00fa \u010d\u00edta\u0165 na\u0161e dejiny.<\/span><\/p>\n<p align=\"JUSTIFY\"><span style=\"font-size: large;\"> Okrem toho, \u017ee sme boli svedkami blahore\u010denia k\u0148aza, ktor\u00fd sa stal patr\u00f3nom duchovn\u00fdch povolan\u00ed, sme boli predstaven\u00fdmi Cirkvi priamo vyzvan\u00ed, aby sme sa v modlitb\u00e1ch utiekali k nov\u00e9mu blahoslaven\u00e9mu, ktor\u00fd n\u00e1m m\u00f4\u017ee vyprosi\u0165 milosti u Boha. A toto m\u00e1 by\u0165 na\u0161a \u017eiv\u00e1 sk\u00fasenos\u0165 so spolo\u010denstvom sv\u00e4t\u00fdch. Nebojme sa jej, ve\u010f to nie s\u00fa len teoretick\u00e9 trakt\u00e1ty u\u010dite\u013eov Cirkvi, ale m\u00f4\u017ee to by\u0165 aj na\u0161a re\u00e1lna sk\u00fasenos\u0165. Proste a dostanete, klopte a otvoria V\u00e1m. Nu\u017e, nebojme sa a modlime sa k Titusovi. Nech na\u0161a viera rastie aj cez modlitbu, ktor\u00e1 m\u00f4\u017ee by\u0165 vysly\u0161an\u00e1.<\/span><\/p>\n<p align=\"JUSTIFY\"><a href=\"https:\/\/photos.app.goo.gl\/WUioubnT8ZtOEdoG3\" target=\"_blank\" rel=\"noopener noreferrer\">Fotky<\/a><\/p>\n<p align=\"RIGHT\"><i>Martin \u0160i\u0161ka,<\/i><\/p>\n<p align=\"RIGHT\"><i>Hrub\u00fd \u0160\u00far<\/i><\/p>\n","protected":false},"excerpt":{"rendered":"<p>Mnoh\u00ed na\u0161i farn\u00edci mali d\u00e1tum 30. september u\u017e dlh\u0161\u00ed \u010das rezervovan\u00fd. Ani sme sa nenazdali a dlho o\u010dak\u00e1van\u00fd okamih v\u00fdznamnej udalosti blahore\u010denia salezi\u00e1nskeho k\u0148aza Titusa Zemana bol tu. Ni\u010d sme nechceli zme\u0161ka\u0165, tak sme sa do Petr\u017ealky vybrali s dostato\u010dn\u00fdm predstihom u\u017e r\u00e1no.<\/p>\n","protected":false},"author":1,"featured_media":3324,"comment_status":"closed","ping_status":"closed","sticky":false,"template":"","format":"standard","meta":{"footnotes":""},"categories":[6,14],"tags":[24,32],"class_list":{"0":"entry","1":"post","2":"publish","3":"author-marian-jasenoveceltras-sk","4":"has-excerpt","5":"has-more-link","6":"post-3323","8":"format-standard","9":"has-post-thumbnail","10":"category-aktuality-sk","11":"category-put","12":"post_tag-aktuality","13":"post_tag-put"},"_links":{"self":[{"href":"https:\/\/www.farakostolna.sk\/index.php?rest_route=\/wp\/v2\/posts\/3323","targetHints":{"allow":["GET"]}}],"collection":[{"href":"https:\/\/www.farakostolna.sk\/index.php?rest_route=\/wp\/v2\/posts"}],"about":[{"href":"https:\/\/www.farakostolna.sk\/index.php?rest_route=\/wp\/v2\/types\/post"}],"author":[{"embeddable":true,"href":"https:\/\/www.farakostolna.sk\/index.php?rest_route=\/wp\/v2\/users\/1"}],"replies":[{"embeddable":true,"href":"https:\/\/www.farakostolna.sk\/index.php?rest_route=%2Fwp%2Fv2%2Fcomments&post=3323"}],"version-history":[{"count":0,"href":"https:\/\/www.farakostolna.sk\/index.php?rest_route=\/wp\/v2\/posts\/3323\/revisions"}],"wp:featuredmedia":[{"embeddable":true,"href":"https:\/\/www.farakostolna.sk\/index.php?rest_route=\/"}],"wp:attachment":[{"href":"https:\/\/www.farakostolna.sk\/index.php?rest_route=%2Fwp%2Fv2%2Fmedia&parent=3323"}],"wp:term":[{"taxonomy":"category","embeddable":true,"href":"https:\/\/www.farakostolna.sk\/index.php?rest_route=%2Fwp%2Fv2%2Fcategories&post=3323"},{"taxonomy":"post_tag","embeddable":true,"href":"https:\/\/www.farakostolna.sk\/index.php?rest_route=%2Fwp%2Fv2%2Ftags&post=3323"}],"curies":[{"name":"wp","href":"https:\/\/api.w.org\/{rel}","templated":true}]}}