{"id":3311,"date":"2017-09-25T22:38:19","date_gmt":"2017-09-25T22:38:19","guid":{"rendered":"http:\/\/kostolna.fara.sk\/?p=3311"},"modified":"2017-09-25T22:38:19","modified_gmt":"2017-09-25T22:38:19","slug":"povzbudenia-z-modlitboveho-trojdnia-3","status":"publish","type":"post","link":"https:\/\/www.farakostolna.sk\/?p=3311","title":{"rendered":"Povzbudenia z\u00a0modlitbov\u00e9ho trojdnia"},"content":{"rendered":"<p>\t\t\t\t<a href=\"http:\/\/kostolna.fara.sk\/povzbudenia-z-modlitboveho-trojdnia-3\/img_20170922_100001\/\" rel=\"attachment wp-att-3312\"><img loading=\"lazy\" decoding=\"async\" class=\"size-medium wp-image-3312 alignleft\" src=\"http:\/\/kostolna.fara.sk\/wp-content\/uploads\/2017\/09\/IMG_20170922_100001-300x169.jpeg\" alt=\"\" width=\"300\" height=\"169\" \/><\/a>Prin\u00e1\u0161ame v\u00e1m \u00favahy nad cit\u00e1tmi zo Sv\u00e4t\u00e9ho P\u00edsma, nad ktor\u00fdmi sme sa zam\u00fd\u0161\u013eali po\u010das uplynul\u00e9ho modlitbov\u00e9ho trojdnia modlitieb matiek. <!--more-->Zapojili sme sa tak op\u00e4\u0165 k\u00a0celosvetov\u00e9mu trojdniu modlitieb odprosenia za na\u0161e hriechy, za t\u00fdch, ktor\u00ed ubl\u00ed\u017eili n\u00e1m a\u00a0na\u0161im de\u0165om a\u00a0prosieb za ich obr\u00e1tenie a\u00a0tie\u017e v\u010faky a\u00a0chv\u00e1ly P\u00e1novi za v\u0161etko, \u010do spravil v\u00a0na\u0161ich \u017eivotoch.<\/p>\n<p><b>1 J\u00e1n 1, 5-9<\/b> &#8211; piatok 22. septembra 2017<\/p>\n<p><i>A toto je zves\u0165, ktor\u00fa sme od neho po\u010duli a v\u00e1m zvestujeme: Boh je svetlo a niet v \u0148om nijakej tmy. Ak hovor\u00edme, \u017ee m\u00e1me s\u00a0n\u00edm spolo\u010denstvo, ale chod\u00edme vo tme, luh\u00e1me a nekon\u00e1me pravdu. Ale ak chod\u00edme vo svetle, ako je on vo svetle, m\u00e1me spolo\u010denstvo medzi sebou a krv Je\u017ei\u0161a, jeho Syna, n\u00e1s o\u010dis\u0165uje od ka\u017ed\u00e9ho hriechu. Ak hovor\u00edme, \u017ee nem\u00e1me hriech, klameme sami seba a nie je v n\u00e1s<br \/>\npravda. Ale ak vyzn\u00e1vame svoje hriechy, on je vern\u00fd a spravodliv\u00fd: odpust\u00ed n\u00e1m hriechy a o\u010dist\u00ed n\u00e1s od ka\u017edej nepr\u00e1vosti.\u201c<\/i><\/p>\n<p>Boh je svetlo. Pripravili sme si pre v\u00e1s slnie\u010dkov\u00fa lampu s mal\u00fdmi svetielkami, ktor\u00e1 symbolizuje Boha a tie svetielka vn\u00fatri s\u00fa Panna M\u00e1ria a sv\u00e4t\u00ed, m\u00f4\u017eeme tam by\u0165 aj my, ke\u010f sa spoj\u00edme s Bohom. Tak pr\u00ed\u010fme k prame\u0148u svetla a nechajme sa zap\u00e1li\u0165. Ako povzbudenie si m\u00f4\u017eeme vzia\u0165 my\u0161lienku o svetle zo Sv\u00e4t\u00e9ho P\u00edsma alebo od sv\u00e4t\u00fdch.<\/p>\n<p><b>List J\u00fadovi 1, 17-25<\/b> \u2013 sobota 23. septembra 2017<\/p>\n<p><span style=\"color: #000000;\"><i>Ale vy, milovan\u00ed, pam\u00e4tajte na slov\u00e1, ktor\u00e9 v\u00e1m vopred povedali apo\u0161toli n\u00e1\u0161ho P\u00e1na Je\u017ei\u0161a Krista. Lebo v\u00e1m hovorili: \u201eV poslednom \u010dase pr\u00eddu posmieva\u010di, \u010do \u017eij\u00fa pod\u013ea svojich bezbo\u017en\u00fdch \u017eiadost\u00ed.\u201c To s\u00fa t\u00ed, \u010do vyvol\u00e1vaj\u00fa roztr\u017eky, \u013eudia telesn\u00ed, \u010do nemaj\u00fa Ducha. Ale vy, milovan\u00ed, budujte sami seba na svojej presv\u00e4tej viere a modlite sa v Duchu Sv\u00e4tom. Zachovajte sa v Bo\u017eej l\u00e1ske a o\u010dak\u00e1vajte milosrdenstvo n\u00e1\u0161ho P\u00e1na Je\u017ei\u0161a Krista pre ve\u010dn\u00fd \u017eivot. A s t\u00fdmi, \u010do pochybuj\u00fa, majte z\u013eutovanie; zachr\u00e1\u0148te ich, vyrvite ich z oh\u0148a. Nad in\u00fdmi sa z\u013eut\u00favajte s b\u00e1z\u0148ou; nen\u00e1vi\u010fte aj ten odev po\u0161kvrnen\u00fd telom. Tomu v\u0161ak, ktor\u00fd m\u00e1 moc uchr\u00e1ni\u0165 v\u00e1s od hriechu a nepo\u0161kvrnen\u00fdch postavi\u0165 v plesan\u00ed pred svoju sl\u00e1vu, jedin\u00e9mu Bohu, n\u00e1\u0161mu Spasite\u013eovi, skrze Je\u017ei\u0161a Krista, n\u00e1\u0161ho P\u00e1na, sl\u00e1va a veleba, vl\u00e1da a moc pred v\u0161etk\u00fdmi vekmi i teraz i po v\u0161etky veky. Amen.<\/i><\/span><\/p>\n<p><span style=\"color: #000000;\">Tak\u00fdch, \u010do sa posmievaj\u00fa, \u00fato\u010dia a zra\u0148uj\u00fa druh\u00fdch, bolo, je a bude v\u017edy dos\u0165. Ale t\u00fdch,\u010do s\u00fa na boles\u0165, krivdy, posmech \u010di \u00fatok pripraven\u00ed, je st\u00e1le ve\u013emi m\u00e1lo.<\/span><\/p>\n<p><span style=\"color: #000000;\">Dnes, ke\u010f m\u00e1me ma\u0165 srdce aj myse\u013e otvoren\u00e9 pre odpustenie v\u0161etk\u00fdm, \u010do ubli\u017euj\u00fa n\u00e1m a na\u0161im de\u0165om, prich\u00e1dza slovo miluj\u00faceho Boha, ktor\u00fd skrze apo\u0161tola aj n\u00e1m dnes hovor\u00ed: \u201eNeboj sa! Ja viem, \u010do pre\u017e\u00edva\u0161 a viem aj to, \u010do v\u0161etko bude\u0161 musie\u0165 znies\u0165. Len zotrvaj v mojej l\u00e1ske, buduj svoju vieru, prijmi moje milosrdenstvo a volaj ma do v\u0161etk\u00fdch vz\u0165ahov a\u00a0situ\u00e1ci\u00ed, a ja ti pom\u00f4\u017eem.\u201c <\/span><\/p>\n<p><span style=\"color: #000000;\">Bu\u010fme teda pripraven\u00ed, bu\u010fme vern\u00ed Bohu, s n\u00edm budujme na\u0161e domovy, man\u017eelstv\u00e1, na\u0161e vz\u0165ahy a Jeho dielo v n\u00e1s bude s nami r\u00e1s\u0165&#8230;<\/span><\/p>\n<p><span style=\"color: #000000;\">Vezmite si kame\u0148 &#8211; stavebn\u00fd prvok&#8230;. Nech je pre n\u00e1s kame\u0148om uholn\u00fdm,v ktorom je ka\u017ed\u00e9 dielo dokonan\u00e9 Je\u017ei\u0161om Kristom.<\/span><\/p>\n<p><b>\u017dalm 100<\/b> \u2013nede\u013ea 24. septembra 2017<\/p>\n<p>\u201e<i>Jasaj na chv\u00e1lu P\u00e1novi, cel\u00e1 zem, s rados\u0165ou sl\u00fa\u017ete P\u00e1novi. S plesan\u00edm vstupujte pred jeho tv\u00e1r. Vedzte, \u017ee n\u00e1\u0161 P\u00e1n je Boh; on je n\u00e1\u0161 stvorite\u013e a jemu patr\u00edme, sme jeho \u013eud a ovce z jeho st\u00e1da. Vstupujte do jeho br\u00e1n s pies\u0148ou chv\u00e1ly a do jeho n\u00e1dvor\u00ed s pies\u0148ami oslavn\u00fdmi; chv\u00e1\u013ete ho a velebte jeho meno. Lebo P\u00e1n je dobr\u00fd; jeho milosrdenstvo trv\u00e1 naveky a jeho vernos\u0165 z pokolenia na pokolenie.\u201c<\/i><\/p>\n<p><span style=\"color: #000000;\">Ke\u010f m\u00e1me z\u00a0nie\u010doho rados\u0165, ke\u010f m\u00e1me dobr\u00fa n\u00e1ladu, zvykneme si pospevova\u0165, pohmk\u00e1va\u0165 \u010di p\u00edska\u0165 mel\u00f3die z\u00a0ob\u013e\u00faben\u00fdch piesn\u00ed, \u010di vytv\u00e1ra\u0165 si vlastn\u00e9. A\u00a0v\u00f4bec n\u00e1m vtedy neprek\u00e1\u017ea, \u017ee spieva\u0165 nevieme, nepozn\u00e1me slov\u00e1 alebo n\u00e1m unikaj\u00fa v\u00fd\u0161ky. Lebo tie nedokonalosti nie s\u00fa podstatn\u00e9. Ale rados\u0165 a \u0161\u0165astie, hoci z\u00a0mali\u010dkosti.<\/span><\/p>\n<p><a name=\"_GoBack\"><\/a><span style=\"color: #000000;\">Preto dnes prin\u00e1\u0161ame k\u00a0olt\u00e1ru noty. S\u00fa symbolom oslavnej piesne a piesne chv\u00e1ly. \u017dalmista n\u00e1s nimi poz\u00fdva oslavova\u0165 Boha ako svojho Stvorite\u013ea a\u00a0P\u00e1na. Prin\u00e1\u0161ajme teda k\u00a0olt\u00e1ru tieto noty a\u00a0po\u010fakujme Bohu. Len tak. Za to, \u017ee je. A\u00a0\u017ee to nevieme poveda\u0165 tak\u00fdmi kr\u00e1snymi a\u00a0vzletn\u00fdmi slovami, ako by si pod\u013ea n\u00e1s zasl\u00fa\u017eil? Bohu to ur\u010dite nevad\u00ed. On s\u00e1m zapln\u00ed t\u00fa nedokonalos\u0165. Ka\u017ed\u00e1 jedna tak\u00e1to piese\u0148, hoci kostrbat\u00e1, je pre neho hitom. <\/span><\/p>\n<p style=\"text-align: right;\">mamy z MM<\/p>\n<p><a href=\"https:\/\/photos.app.goo.gl\/ausrdibkxFqL7p9z2\" target=\"_blank\" rel=\"noopener noreferrer\">Fotky<\/a>\t\t\t\t<\/p>\n","protected":false},"excerpt":{"rendered":"<p>Prin\u00e1\u0161ame v\u00e1m \u00favahy nad cit\u00e1tmi zo Sv\u00e4t\u00e9ho P\u00edsma, nad ktor\u00fdmi sme sa zam\u00fd\u0161\u013eali po\u010das uplynul\u00e9ho modlitbov\u00e9ho trojdnia modlitieb matiek.<\/p>\n","protected":false},"author":1,"featured_media":3312,"comment_status":"closed","ping_status":"closed","sticky":false,"template":"","format":"standard","meta":{"footnotes":""},"categories":[6],"tags":[24],"class_list":{"0":"entry","1":"post","2":"publish","3":"author-marian-jasenoveceltras-sk","4":"has-excerpt","5":"has-more-link","6":"post-3311","8":"format-standard","9":"has-post-thumbnail","10":"category-aktuality-sk","11":"post_tag-aktuality"},"_links":{"self":[{"href":"https:\/\/www.farakostolna.sk\/index.php?rest_route=\/wp\/v2\/posts\/3311","targetHints":{"allow":["GET"]}}],"collection":[{"href":"https:\/\/www.farakostolna.sk\/index.php?rest_route=\/wp\/v2\/posts"}],"about":[{"href":"https:\/\/www.farakostolna.sk\/index.php?rest_route=\/wp\/v2\/types\/post"}],"author":[{"embeddable":true,"href":"https:\/\/www.farakostolna.sk\/index.php?rest_route=\/wp\/v2\/users\/1"}],"replies":[{"embeddable":true,"href":"https:\/\/www.farakostolna.sk\/index.php?rest_route=%2Fwp%2Fv2%2Fcomments&post=3311"}],"version-history":[{"count":0,"href":"https:\/\/www.farakostolna.sk\/index.php?rest_route=\/wp\/v2\/posts\/3311\/revisions"}],"wp:featuredmedia":[{"embeddable":true,"href":"https:\/\/www.farakostolna.sk\/index.php?rest_route=\/"}],"wp:attachment":[{"href":"https:\/\/www.farakostolna.sk\/index.php?rest_route=%2Fwp%2Fv2%2Fmedia&parent=3311"}],"wp:term":[{"taxonomy":"category","embeddable":true,"href":"https:\/\/www.farakostolna.sk\/index.php?rest_route=%2Fwp%2Fv2%2Fcategories&post=3311"},{"taxonomy":"post_tag","embeddable":true,"href":"https:\/\/www.farakostolna.sk\/index.php?rest_route=%2Fwp%2Fv2%2Ftags&post=3311"}],"curies":[{"name":"wp","href":"https:\/\/api.w.org\/{rel}","templated":true}]}}