{"id":3299,"date":"2017-09-13T08:11:35","date_gmt":"2017-09-13T08:11:35","guid":{"rendered":"http:\/\/kostolna.fara.sk\/?p=3299"},"modified":"2017-09-13T08:11:35","modified_gmt":"2017-09-13T08:11:35","slug":"pozehnanie-skolskych-tasiek","status":"publish","type":"post","link":"https:\/\/www.farakostolna.sk\/?p=3299","title":{"rendered":"Po\u017eehnanie \u0161kolsk\u00fdch ta\u0161iek"},"content":{"rendered":"<p>\t\t\t\tRodinn\u00e1 sv\u00e4t\u00e1 om\u0161a po letn\u00fdch pr\u00e1zdnin\u00e1ch okrem sl\u00e1venia eucharistie priniesla aspo\u0148 dve novinky, ktor\u00e9 zostan\u00fa v\u00a0hist\u00f3rii na\u0161ej farnosti nie\u010d\u00edm v\u00fdnimo\u010dn\u00fdm.<!--more--><\/p>\n<p>V\u00a0prvom rade to bola prv\u00e1 rodinn\u00e1 sv\u00e4t\u00e1 om\u0161a v\u00a0slovenskom jazyku, ktor\u00e1 bola sl\u00fa\u017een\u00e1 v\u00a0nede\u013eu. Druhou novinkou bolo po\u017eehnanie \u0161kolsk\u00fdch ta\u0161iek. \u0160kol\u00e1ci, nielen prv\u00e1ci, si mohli prinies\u0165 na sv\u00e4t\u00fa om\u0161u svoju \u0161kolsk\u00fa ta\u0161ku, ktor\u00fa im p\u00e1n far\u00e1r na z\u00e1ver bohoslu\u017eby po\u017eehnal. Na za\u010diatok \u0161kolsk\u00e9ho roka 2017\/2018 sme tak na\u0161im de\u0165om mohli do ta\u0161iek pribali\u0165 okrem be\u017en\u00fdch \u0161kolsk\u00fdch pom\u00f4cok aj na\u0161e modlitby a\u00a0po\u017eehnania.<\/p>\n<p><a href=\"https:\/\/photos.app.goo.gl\/p9Eyr2VmHTgH9wVi1\" target=\"_blank\" rel=\"noopener noreferrer\">Fotky<\/a>\t\t\t\t<\/p>\n","protected":false},"excerpt":{"rendered":"<p>Rodinn\u00e1 sv\u00e4t\u00e1 om\u0161a po letn\u00fdch pr\u00e1zdnin\u00e1ch okrem sl\u00e1venia eucharistie priniesla aspo\u0148 dve novinky, ktor\u00e9 zostan\u00fa v\u00a0hist\u00f3rii na\u0161ej farnosti nie\u010d\u00edm v\u00fdnimo\u010dn\u00fdm.<\/p>\n","protected":false},"author":1,"featured_media":3300,"comment_status":"closed","ping_status":"closed","sticky":false,"template":"","format":"standard","meta":{"footnotes":""},"categories":[6],"tags":[24],"class_list":{"0":"entry","1":"post","2":"publish","3":"author-marian-jasenoveceltras-sk","4":"has-excerpt","5":"has-more-link","6":"post-3299","8":"format-standard","9":"has-post-thumbnail","10":"category-aktuality-sk","11":"post_tag-aktuality"},"_links":{"self":[{"href":"https:\/\/www.farakostolna.sk\/index.php?rest_route=\/wp\/v2\/posts\/3299","targetHints":{"allow":["GET"]}}],"collection":[{"href":"https:\/\/www.farakostolna.sk\/index.php?rest_route=\/wp\/v2\/posts"}],"about":[{"href":"https:\/\/www.farakostolna.sk\/index.php?rest_route=\/wp\/v2\/types\/post"}],"author":[{"embeddable":true,"href":"https:\/\/www.farakostolna.sk\/index.php?rest_route=\/wp\/v2\/users\/1"}],"replies":[{"embeddable":true,"href":"https:\/\/www.farakostolna.sk\/index.php?rest_route=%2Fwp%2Fv2%2Fcomments&post=3299"}],"version-history":[{"count":0,"href":"https:\/\/www.farakostolna.sk\/index.php?rest_route=\/wp\/v2\/posts\/3299\/revisions"}],"wp:featuredmedia":[{"embeddable":true,"href":"https:\/\/www.farakostolna.sk\/index.php?rest_route=\/"}],"wp:attachment":[{"href":"https:\/\/www.farakostolna.sk\/index.php?rest_route=%2Fwp%2Fv2%2Fmedia&parent=3299"}],"wp:term":[{"taxonomy":"category","embeddable":true,"href":"https:\/\/www.farakostolna.sk\/index.php?rest_route=%2Fwp%2Fv2%2Fcategories&post=3299"},{"taxonomy":"post_tag","embeddable":true,"href":"https:\/\/www.farakostolna.sk\/index.php?rest_route=%2Fwp%2Fv2%2Ftags&post=3299"}],"curies":[{"name":"wp","href":"https:\/\/api.w.org\/{rel}","templated":true}]}}