{"id":3294,"date":"2017-08-29T12:56:04","date_gmt":"2017-08-29T12:56:04","guid":{"rendered":"http:\/\/kostolna.fara.sk\/?p=3294"},"modified":"2017-08-29T12:56:04","modified_gmt":"2017-08-29T12:56:04","slug":"praha-roma-utan-ra-egy-evre-praga","status":"publish","type":"post","link":"https:\/\/www.farakostolna.sk\/?p=3294","title":{"rendered":"Praha \/ R\u00f3ma ut\u00e1n, r\u00e1 egy \u00e9vre, Pr\u00e1ga"},"content":{"rendered":"<p>\t\t\t\t<span style=\"font-size: large;\"><a href=\"http:\/\/kostolna.fara.sk\/praha-roma-utan-ra-egy-evre-praga\/img_20170829_132105\/\" rel=\"attachment wp-att-3295\"><img loading=\"lazy\" decoding=\"async\" class=\"size-medium wp-image-3295 alignleft\" src=\"http:\/\/kostolna.fara.sk\/wp-content\/uploads\/2017\/09\/IMG_20170829_132105-e1505047995449-300x168.jpg\" alt=\"\" width=\"300\" height=\"168\" \/><\/a>27. augusta sme sa s p\u00e1nom far\u00e1rom vybrali do Prahy. Na ceste sme sa zastavili v Brne kde sme nav\u0161t\u00edvili kostol sv. Pavla a Petra a aj kostol sv. Juraja a kapuc\u00ednsku hrobku.<!--more--> Prv\u00fa noc sme prespali v lese ne\u010faleko Prahy. Na druh\u00fd de\u0148 sme dorazili do Prahy, ubytovan\u00ed sme boli v centre mesta hne\u010f ved\u013ea Karlovho mosta . Na \u010fal\u0161\u00ed de\u0148 sme i\u0161li na om\u0161u do kostola sv. Mikul\u00e1\u0161a v ktorom je Pra\u017esk\u00e9 Jezuliatko .Potom sme i\u0161li na vyhliadkov\u00fa ve\u017eu, z ktorej bolo vidie\u0165 cel\u00fa Prahu. Nav\u0161t\u00edvili sme aj Pra\u017esk\u00fd hrad a n\u00e1dhern\u00fa katedr\u00e1lu sv. V\u00edta. <\/span><\/p>\n<p align=\"LEFT\"><span style=\"font-size: large;\">Na ceste domov sme sa zastavili v Ledniciach a nav\u0161t\u00edvili sme tam Lednick\u00fd z\u00e1mok a aj roz\u013eahl\u00fd park. Ve\u013emi sme si to u\u017eili a te\u0161\u00edme sa na \u010fal\u0161\u00ed v\u00fdlet.<\/span><\/p>\n<p><a href=\"https:\/\/photos.app.goo.gl\/jbZ0JMGq9UTTxnpY2\" target=\"_blank\" rel=\"noopener noreferrer\">Fotky \/ K\u00e9pek<\/a><\/p>\n<p><span style=\"font-size: large;\"><span lang=\"hu-HU\">Ny\u00e1r, 2017 augusztusa, \u00e9s <\/span><\/span><span style=\"font-size: large;\"><span lang=\"hu-HU\"><i>Pali atya<\/i><\/span><\/span><span style=\"font-size: large;\"><span lang=\"hu-HU\"> \u00fajra szervezkedik\u2026 Szervezi az ez \u00e9vi ministr\u00e1nskir\u00e1ndul\u00e1st Pr\u00e1g\u00e1ba.<\/span><\/span><\/p>\n<p><span style=\"font-size: large;\"><span lang=\"hu-HU\">Eredetileg vonattal indultunk volna, de <\/span><\/span><span style=\"font-size: large;\"><span lang=\"hu-HU\"><i>Prv\u00e1k<\/i><\/span><\/span><span style=\"font-size: large;\"><span lang=\"hu-HU\"> apuka felaj\u00e1nlotta seg\u00edts\u00e9g\u00e9t, \u00e9s kilenc szem\u00e9lyes aut\u00f3j\u00e1val biztos\u00edtotta k\u00e9nyelmes utaz\u00e1sunkat. Felejthetetlen volt sz\u00e1munkra ez a kir\u00e1ndul\u00e1s, hiszen el\u0151sz\u00f6r voltunk Pr\u00e1g\u00e1ban, \u00e9s elmondhatjuk, hogy a n\u00e9gy nap alatt rengeteg sz\u00e9ps\u00e9ggel, kultur\u00e1lis gazdags\u00e1ggal b\u0151v\u00fclt l\u00e1t\u00f3k\u00f6r\u00fcnk.<\/span><\/span><\/p>\n<p><span style=\"font-size: large;\"><span lang=\"hu-HU\">A gy\u00f6ny\u00f6r\u0171, gazdagon d\u00edsz\u00edtett templomok Br\u00fcnnben: a Szent P\u00e9ter- \u00e9s P\u00e1l-katedr\u00e1lis, a kapucinus szerzetesek temetkez\u00e9si helye, a Szent Jakab-templom, a sz\u00e1ztorny\u00fa Pr\u00e1g\u00e1ban pedig a K\u00e1roly h\u00edd, a Vencel t\u00e9r, az Orloj, a Pr\u00e1gai kis J\u00e9zus \u00e9s a sz\u00e1mtalan csod\u00e1latos templom nyert\u00e9k el tetsz\u00e9s\u00fcnket. Hazafel\u00e9 a lednicei kast\u00e9ly, a Minaret \u00e9s a k\u00f6r\u00fcl\u00f6tte l\u00e9v\u0151 sz\u00e9pen megtervezett \u00e9s rendbetartott park k\u00f6t\u00f6tte le figyelm\u00fcnket. <\/span><\/span><\/p>\n<p><span style=\"font-size: large;\"><span lang=\"hu-HU\">Megism\u00e9telhetetlen \u00e9s felejthetetlen marad az esti kultur\u00e1lis \u00e9let, mint a Zorba- t\u00e1nc, j\u00e1t\u00e9k a t\u0171zzel, az utcai zen\u00e9szek j\u00e1t\u00e9ka, a karikat\u00fararajzol\u00f3k, a harangj\u00e1t\u00e9k, a csillagos \u00e9g alatt val\u00f3 \u00e9jszak\u00e1z\u00e1s, valamint a 98 koron\u00e1s 2dl-es narancsl\u00e9.<\/span><\/span><\/p>\n<p><span style=\"font-size: large;\"><span lang=\"hu-HU\">A l\u00e1tottak alapj\u00e1n utunk v\u00e9g\u00e9n szinte egy\u00e9rtelm\u0171en \u00fagy d\u00f6nt\u00f6tt\u00fcnk, hogy Pr\u00e1ga van olyan sz\u00e9p, mint R\u00f3ma.<\/span><\/span><\/p>\n<p><span style=\"font-size: large;\"><span lang=\"hu-HU\">P l \u00e9 b \u00e1 n o s \u00fa r, k \u00f6 s z \u00f6 n j \u00fc k !<\/span><\/span><\/p>\n<p><span style=\"font-size: large;\"><span lang=\"hu-HU\">Rem\u00e9lem, siker\u00fcl m\u00e9g a j\u00f6v\u0151ben ell\u00e1togatni Pr\u00e1g\u00e1ba, hiszen van m\u00e9g ott elegend\u0151 l\u00e1tnival\u00f3 sz\u00e1munkra.<\/span><\/span><\/p>\n<p align=\"JUSTIFY\"><span style=\"font-size: large;\"><span lang=\"hu-HU\"><i>Bors Mikl\u00f3s<\/i><\/span><\/span><\/p>\n","protected":false},"excerpt":{"rendered":"<p>27. augusta sme sa s p\u00e1nom far\u00e1rom vybrali do Prahy. Na ceste sme sa zastavili v Brne kde sme nav\u0161t\u00edvili kostol sv. Pavla a Petra a aj kostol sv. Juraja a kapuc\u00ednsku hrobku.<\/p>\n","protected":false},"author":1,"featured_media":3295,"comment_status":"closed","ping_status":"closed","sticky":false,"template":"","format":"standard","meta":{"footnotes":""},"categories":[4,6,14],"tags":[22,24,32],"class_list":{"0":"entry","1":"post","2":"publish","3":"author-marian-jasenoveceltras-sk","4":"has-excerpt","5":"has-more-link","6":"post-3294","8":"format-standard","9":"has-post-thumbnail","10":"category-akcie","11":"category-aktuality-sk","12":"category-put","13":"post_tag-akcie","14":"post_tag-aktuality","15":"post_tag-put"},"_links":{"self":[{"href":"https:\/\/www.farakostolna.sk\/index.php?rest_route=\/wp\/v2\/posts\/3294","targetHints":{"allow":["GET"]}}],"collection":[{"href":"https:\/\/www.farakostolna.sk\/index.php?rest_route=\/wp\/v2\/posts"}],"about":[{"href":"https:\/\/www.farakostolna.sk\/index.php?rest_route=\/wp\/v2\/types\/post"}],"author":[{"embeddable":true,"href":"https:\/\/www.farakostolna.sk\/index.php?rest_route=\/wp\/v2\/users\/1"}],"replies":[{"embeddable":true,"href":"https:\/\/www.farakostolna.sk\/index.php?rest_route=%2Fwp%2Fv2%2Fcomments&post=3294"}],"version-history":[{"count":0,"href":"https:\/\/www.farakostolna.sk\/index.php?rest_route=\/wp\/v2\/posts\/3294\/revisions"}],"wp:featuredmedia":[{"embeddable":true,"href":"https:\/\/www.farakostolna.sk\/index.php?rest_route=\/"}],"wp:attachment":[{"href":"https:\/\/www.farakostolna.sk\/index.php?rest_route=%2Fwp%2Fv2%2Fmedia&parent=3294"}],"wp:term":[{"taxonomy":"category","embeddable":true,"href":"https:\/\/www.farakostolna.sk\/index.php?rest_route=%2Fwp%2Fv2%2Fcategories&post=3294"},{"taxonomy":"post_tag","embeddable":true,"href":"https:\/\/www.farakostolna.sk\/index.php?rest_route=%2Fwp%2Fv2%2Ftags&post=3294"}],"curies":[{"name":"wp","href":"https:\/\/api.w.org\/{rel}","templated":true}]}}