{"id":3271,"date":"2017-08-15T18:27:09","date_gmt":"2017-08-15T18:27:09","guid":{"rendered":"http:\/\/kostolna.fara.sk\/?p=3271"},"modified":"2017-08-15T18:27:09","modified_gmt":"2017-08-15T18:27:09","slug":"cyklovylet-do-bratislavy","status":"publish","type":"post","link":"https:\/\/www.farakostolna.sk\/?p=3271","title":{"rendered":"Cyklov\u00fdlet do Bratislavy"},"content":{"rendered":"<p>\t\t\t\t<span style=\"font-family: Times;\"><span style=\"font-size: large;\"><a href=\"http:\/\/kostolna.fara.sk\/cyklovylet-do-bratislavy\/img_20170814_122235\/\" rel=\"attachment wp-att-3278\"><img loading=\"lazy\" decoding=\"async\" class=\"size-medium wp-image-3278 alignleft\" src=\"http:\/\/kostolna.fara.sk\/wp-content\/uploads\/2017\/08\/IMG_20170814_122235-168x300.jpg\" alt=\"\" width=\"168\" height=\"300\" \/><\/a>V nede\u013eu, 13. augusta sme spolu s p\u00e1nom far\u00e1rom podnikli na bicykloch cestu do Bratislavy. Cesta trvala asi \u0161tyri a pol hodiny. <\/span><\/span><!--more--><\/p>\n<p><span style=\"font-family: Times;\"><span style=\"font-size: large;\">Ku koncu nam\u00e1havej cesty sme sa zastavili na k\u00fapalisku. Bolo to fajn, lebo sme boli spoten\u00ed a vy\u010derpan\u00ed. K ve\u010deru sme i\u0161li na chatu, a k tomu patrila aj ve\u010dern\u00e1 prech\u00e1dzka cez les a sk\u00fa\u0161ka odvahy. V noci n\u00e1m p\u00e1n far\u00e1r spieval usp\u00e1vanky a r\u00e1no n\u00e1s zobudil intenz\u00edvnym spevom a hran\u00edm na gitaru. Hne\u010f po ra\u0148ajk\u00e1ch, ktor\u00e9 p\u00e1n far\u00e1r pripravil sme vyrazili do Kostolnej. Cestou nasp\u00e4\u0165 sme sa zastavili pri mohyle M. R. \u0160tef\u00e1nika. Ke\u010f sme prekonali nekone\u010dn\u00fa cestu domov, bola som \u0161\u0165astn\u00e1, \u017ee som to zvl\u00e1dla. V\u00fdlet sme ukon\u010dili sv\u00e4tou om\u0161ou. Dodnes ne\u013eutujem \u017ee som tam i\u0161la.<\/span><\/span><\/p>\n<p><a href=\"https:\/\/goo.gl\/photos\/oZDQoFhCG6Hf7E1k6\" target=\"_blank\" rel=\"noopener noreferrer\">Fotky<\/a><\/p>\n<p style=\"text-align: right;\">Monika \u0160i\u0161kov\u00e1<\/p>\n","protected":false},"excerpt":{"rendered":"<p>V nede\u013eu, 13. augusta sme spolu s p\u00e1nom far\u00e1rom podnikli na bicykloch cestu do Bratislavy. Cesta trvala asi \u0161tyri a pol hodiny.<\/p>\n","protected":false},"author":1,"featured_media":3280,"comment_status":"closed","ping_status":"closed","sticky":false,"template":"","format":"standard","meta":{"footnotes":""},"categories":[4,6],"tags":[22,24],"class_list":{"0":"entry","1":"post","2":"publish","3":"author-marian-jasenoveceltras-sk","4":"has-excerpt","5":"has-more-link","6":"post-3271","8":"format-standard","9":"has-post-thumbnail","10":"category-akcie","11":"category-aktuality-sk","12":"post_tag-akcie","13":"post_tag-aktuality"},"_links":{"self":[{"href":"https:\/\/www.farakostolna.sk\/index.php?rest_route=\/wp\/v2\/posts\/3271","targetHints":{"allow":["GET"]}}],"collection":[{"href":"https:\/\/www.farakostolna.sk\/index.php?rest_route=\/wp\/v2\/posts"}],"about":[{"href":"https:\/\/www.farakostolna.sk\/index.php?rest_route=\/wp\/v2\/types\/post"}],"author":[{"embeddable":true,"href":"https:\/\/www.farakostolna.sk\/index.php?rest_route=\/wp\/v2\/users\/1"}],"replies":[{"embeddable":true,"href":"https:\/\/www.farakostolna.sk\/index.php?rest_route=%2Fwp%2Fv2%2Fcomments&post=3271"}],"version-history":[{"count":0,"href":"https:\/\/www.farakostolna.sk\/index.php?rest_route=\/wp\/v2\/posts\/3271\/revisions"}],"wp:featuredmedia":[{"embeddable":true,"href":"https:\/\/www.farakostolna.sk\/index.php?rest_route=\/"}],"wp:attachment":[{"href":"https:\/\/www.farakostolna.sk\/index.php?rest_route=%2Fwp%2Fv2%2Fmedia&parent=3271"}],"wp:term":[{"taxonomy":"category","embeddable":true,"href":"https:\/\/www.farakostolna.sk\/index.php?rest_route=%2Fwp%2Fv2%2Fcategories&post=3271"},{"taxonomy":"post_tag","embeddable":true,"href":"https:\/\/www.farakostolna.sk\/index.php?rest_route=%2Fwp%2Fv2%2Ftags&post=3271"}],"curies":[{"name":"wp","href":"https:\/\/api.w.org\/{rel}","templated":true}]}}