{"id":3263,"date":"2017-07-20T18:38:50","date_gmt":"2017-07-20T18:38:50","guid":{"rendered":"http:\/\/kostolna.fara.sk\/?p=3263"},"modified":"2017-07-20T18:38:50","modified_gmt":"2017-07-20T18:38:50","slug":"put-pedagogov-v-rime-roma-az-orok-varos","status":"publish","type":"post","link":"https:\/\/www.farakostolna.sk\/?p=3263","title":{"rendered":"P\u00fa\u0165 pedag\u00f3gov v\u00a0R\u00edme \/ R\u00f3ma, az \u00d6r\u00f6k V\u00e1ros"},"content":{"rendered":"<p>\t\t\t\t<a href=\"http:\/\/kostolna.fara.sk\/put-pedagogov-v-rime-roma-az-orok-varos\/roma-2017-07-10-14-242\/\" rel=\"attachment wp-att-3264\"><img loading=\"lazy\" decoding=\"async\" class=\"size-medium wp-image-3264 alignleft\" src=\"http:\/\/kostolna.fara.sk\/wp-content\/uploads\/2017\/08\/Roma-2017.07.10-14-242-300x225.jpg\" alt=\"\" width=\"300\" height=\"225\" \/><\/a>Za\u010diatkom leta sprev\u00e1dzal p\u00e1n far\u00e1r na\u0161ich pedag\u00f3gov zo z\u00e1kladnej \u0161koly v\u00a0Hrubom \u0160\u00fare po ve\u010dnom meste R\u00edme.<!--more--><\/p>\n<p><a href=\"https:\/\/goo.gl\/photos\/2Bf4aY4MG9ZUxnZ38\" target=\"_blank\" rel=\"noopener noreferrer\">Fotky\/k\u00e9pek<\/a><\/p>\n<p>Megval\u00f3sult! K\u00f3sza \u00f6tletk\u00e9nt vet\u0151d\u00f6tt fel egy pedag\u00f3giai \u00e9rtekezlet alkalm\u00e1val, hogy el kellene l\u00e1togatni R\u00f3m\u00e1ba, \u201ehiszen R\u00f3m\u00e1t egyszer az \u00e9letben l\u00e1tni kell!\u201c, jelentette ki Gajdo\u0161 Pavol tisztelend\u0151 \u00far. Lelkesen reag\u00e1ltunk, s\u00a0eld\u00f6nt\u00f6tt\u00fck, hogy kis tantest\u00fclet\u00fcnk tagjai: Mgr. Stol\u00e1rikov\u00e1 Katar\u00edna, Mgr. D\u00e1vid M\u00f3nika, Gajdo\u0161 Pavol tisztelend\u0151 \u00far \u00e9s Kiss Tibor tiszteletes \u00far kieg\u00e9sz\u00fclve a\u00a0h\u00e1zast\u00e1rsakkal, j\u00falius 10-\u00e9n elutazunk R\u00f3m\u00e1ba. Megtisztel\u0151 \u00e9s felemel\u0151 \u00e9rz\u00e9s volt a\u00a0tisztelend\u0151 \u00e9s tiszteletes \u00far t\u00e1rsas\u00e1g\u00e1ban bebarangolni a\u00a0v\u00e1rost \u00e9s hallgatni leny\u0171g\u00f6z\u0151 le\u00edr\u00e1saikat \u00e9s eszmefuttat\u00e1saikat a\u00a0m\u0171eml\u00e9kek kapcs\u00e1n.<\/p>\n<p>A\u00a0t\u00f6rt\u00e9nelembe cseppen az, aki ell\u00e1togat az olasz f\u0151v\u00e1rosba. Az \u00f3kori R\u00f3mai Birodalom hajdani k\u00f6zpontja olyan monument\u00e1lis \u00e9s k\u00fcl\u00f6nleges \u00e9p\u00edt\u00e9szeti remekm\u0171vek t\u00e1rh\u00e1z\u00e1t k\u00edn\u00e1lja az utaz\u00f3knak, ami \u00e9letre sz\u00f3l\u00f3 \u00e9lm\u00e9nyt ny\u00fajt. A v\u00e1ros l\u00fcktet\u0151, mediterr\u00e1n hangulat\u00e1r\u00f3l nem is besz\u00e9lve.<\/p>\n<p>Egy fapados g\u00e9ppel \u00e9rkezt\u00fcnk R\u00f3m\u00e1ba. A perzsel\u0151 forr\u00f3s\u00e1g a rep\u00fcl\u0151t\u00e9r termin\u00e1lj\u00e1r\u00f3l kil\u00e9pve azonnal megcsapott benn\u00fcnket. Aki nem b\u00edrja a\u00a0forr\u00f3s\u00e1got, semmik\u00e9ppen ne ny\u00e1ron utazzon ide.<\/p>\n<p>A\u00a0sz\u00e1ll\u00e1sunk a\u00a0Vatik\u00e1n \u00e9s az Angyalv\u00e1r k\u00f6z\u00f6tt, a\u00a0v\u00e1ros sz\u00edv\u00e9ben volt, \u00edgy k\u00f6nnyed\u00e9n be tudtuk barangolni a\u00a0v\u00e1rost, s\u00a0\u00e9rezt\u00fck annak l\u00fcktet\u00e9s\u00e9t, minden rezd\u00fcl\u00e9s\u00e9t. Kider\u00fclt, hogy az olaszok a magyar ember sz\u00e1m\u00e1ra kaotikusan, de biztons\u00e1gosan vezetnek. Kint tart\u00f3zkod\u00e1sunk alatt m\u00e9g egy koccan\u00e1st sem l\u00e1ttunk. Dud\u00e1l\u00e1s van b\u0151ven, s a gyalogosnak sem aj\u00e1nlatos k\u00f6r\u00fcltekint\u00e9s n\u00e9lk\u00fcl a zebr\u00e1n \u00e1tkelnie, mert itt az aut\u00f3sok \u00e9s a mopedesek sok esetben tudom\u00e1st sem vesznek a felfestett cs\u00edkokr\u00f3l.<\/p>\n<p>Az elm\u00falt id\u0151szak terrorcselekm\u00e9nyeib\u0151l okulva a\u00a0v\u00e1ros k\u00f6zponj\u00e1ban minden\u00fctt terepsz\u00edn\u0171 dzsipek \u00e1llj\u00e1k el az utat, mellett\u00fck katon\u00e1k, kez\u00fckben g\u00e9pfegyverrel. A turist\u00e1k bejut\u00e1s\u00e1ra is gondosan \u00fcgyelnek. T\u00f6bbek k\u00f6z\u00f6tt a\u00a0Vatik\u00e1nba is biztons\u00e1gi kapun \u00e1t visz az \u00fat, a csomagokat is \u00e1tvil\u00e1g\u00edtj\u00e1k. Kellemetlen \u00e9rz\u00e9s, de az \u00e9rdek\u00fcnkben teszik.<br \/>\nR\u00f3ma hemzseg a Vil\u00e1g\u00f6r\u00f6ks\u00e9g r\u00e9sz\u00e9t is k\u00e9pez\u0151, csod\u00e1latos l\u00e1tnival\u00f3kt\u00f3l. Igaz\u00e1b\u00f3l, az utc\u00e1in s\u00e9t\u00e1lva, mintha maga a t\u00f6rt\u00e9nelem kelne \u00e9letre k\u00f6r\u00fcl\u00f6tt\u00fcnk \u00e9s sodorna mag\u00e1val. Var\u00e1zslatosan id\u00e9zi meg a r\u00e9gm\u00faltat, ez\u00e9rt a legr\u00f6videbb v\u00e1rosi s\u00e9t\u00e1val is \u00e9vsz\u00e1zadokat j\u00e1runk be, \u00e9rezz\u00fck az \u00e9let \u00e9s az \u00f6r\u00f6kk\u00e9val\u00f3s\u00e1g harm\u00f3ni\u00e1j\u00e1t. Nem v\u00e9letlen\u00fcl kapta a Citt\u00e1 Eterna, vagyis az \u00d6r\u00f6k V\u00e1ros elnevez\u00e9st.<\/p>\n<p>Felsorolni is neh\u00e9z lenne, hogy mi az, amit \u00e9rdemes megn\u00e9zni, \u00e1m sz\u00e1munkra a Forum Romanum mindenk\u00e9ppen ide tartozik. A Capitolium \u00e9s a Palatinus domb k\u00f6z\u00f6tt tal\u00e1lhat\u00f3 \u201ccsoda\u201d egy teljes napot is meg\u00e9r. A hatalmas k\u0151oszlopok, templomok l\u00e1tt\u00e1n el\u00e1ll az ember szava. Hajdan\u00e1n ez volt az \u00f3kori R\u00f3ma k\u00f6zpontja piacterekkel, templomokkal, bazilik\u00e1kkal. Ter\u00fclet\u00e9n m\u00e9g jelenleg is folynak \u00e1sat\u00e1sok, volt szerencs\u00e9nk ezt is l\u00e1tni.<\/p>\n<p>A v\u00e1ros egyik legkiv\u00e1l\u00f3bb \u00e1llapotban megmaradt \u00f3kori \u00e9p\u00edtm\u00e9nye a Pantheon. A t\u00f6bb mint k\u00e9tezer \u00e9ves \u00e9p\u00fclet d\u00f3mja ma is a vil\u00e1g legnagyobb olyan betonkupol\u00e1ja, amiben nincsen vasalat.<\/p>\n<p>Ami kihagyhatatlan, s\u00a0az egyik legfontosabb utic\u00e9lunk volt, az a vil\u00e1g legkisebb f\u00fcggetlen \u00e1llama, a Vatik\u00e1n. A Szent P\u00e9ter t\u00e9ren \u00e1llva csod\u00e1lattal b\u00e1multuk azt az erk\u00e9lyt, amelyen \u00e1llva a p\u00e1pa minden h\u00fasv\u00e9tkor \u00e9s kar\u00e1csonykor az urbi et orbi \u00e1ld\u00e1st osztja a vil\u00e1gra.<\/p>\n<p>A Szent P\u00e9ter Bazilika sz\u00e9ps\u00e9ge, kincsei, m\u0171eml\u00e9kei le\u00edrhatatlanok. Ezt l\u00e1tni \u00e9s \u00e9rezni kell! Megfoghatatlan, leny\u0171g\u00f6z\u0151, m\u00e9lt\u00f3s\u00e1gteljes&#8230; A legt\u00f6bben Michelangelo: Pieta szobra el\u0151tt \u00e1llnak, ami M\u00e1ri\u00e1t \u00e1br\u00e1zolja, aki J\u00e9zust tartja a kez\u00e9ben a keresztre fesz\u00edt\u00e9s ut\u00e1n. S\u00a0a\u00a0legfelemel\u0151bb \u00e9s maradand\u00f3bb \u00e9lm\u00e9ny: Pavol Gajdo\u0161 tisztelend\u0151 \u00far szentmis\u00e9t tartott sz\u00e1munkra a\u00a0Vatik\u00e1nban,<span lang=\"hu-HU\"> a lengyel k\u00e1poln\u00e1ban. M\u00edg \u00e9lek, csod\u00e1latos \u00e1h\u00edtat fog elt\u00f6lteni az eml\u00e9k\u00e9re is.<\/span><\/p>\n<p>R\u00f3ma \u00e9p\u00edt\u00e9szet\u00e9nek f\u00e9nykor\u00e1t szimboliz\u00e1lja a h\u00e1romny\u00edl\u00e1s\u00fa Constantinus diadal\u00edv \u00e9s a leghatalmasabb m\u0171eml\u00e9k, a Colosseum. A Colosseum az els\u0151 \u00e9sszer\u0171en megtervezett stabil k\u0151sz\u00ednh\u00e1z, a gladi\u00e1torviadalok sz\u00ednter\u00e9nek m\u0171eml\u00e9ke. A r\u00f3maiak szerint am\u00edg a hatalmas amfite\u00e1trum \u00e1ll, R\u00f3ma is fennmarad.<\/p>\n<p>R\u00f3ma legh\u00edresebb tere, a Piazza Navona sz\u00e1mtalan csod\u00e1latos m\u0171alkot\u00e1s\u00e1val, sz\u00f6k\u0151k\u00fatjaival, templomaival \u00e9s palot\u00e1ival, a barokk m\u0171v\u00e9szet egyik cs\u00facspontja. A\u00a0r\u00f3maiak \u00e9s a a turist\u00e1k kedvenc pihen\u0151helye a Piazza di Spagna nevezetes l\u00e9pcs\u0151sora, valamint a t\u0151le r\u00f6vid s\u00e9t\u00e1ra l\u00e9v\u0151 Trevi-k\u00fat, melynek k\u00f6zponti figur\u00e1ja Neptun, a tengeristen. Aki p\u00e9nzdarabot dob a Trevi-k\u00fatba, az visszat\u00e9r az \u00f6r\u00f6k v\u00e1rosba, Fellini &#8220;La Dolce vita&#8221;-j\u00e1nak h\u00edres helysz\u00edn\u00e9hez. A Tevere foly\u00f3 kanyarulat\u00e1n \u00e9p\u00edtett hidakon s\u00e9t\u00e1lva is meghat\u00e1roz\u00f3 \u00e9lm\u00e9nyt kapunk a soksz\u00edn\u0171 f\u0151v\u00e1rosr\u00f3l \u00e9s annak leny\u0171g\u00f6z\u0151 l\u00e1tv\u00e1nyoss\u00e1gair\u00f3l.<\/p>\n<p>Most jut eszembe! Nem dobtam p\u00e9nzt a\u00a0Trevi-k\u00fatba! Ezt a\u00a0hi\u00e1nyoss\u00e1got be fog kelleni p\u00f3tolnom, vissza kell hogy utazzam R\u00f3m\u00e1ba, hiszen aki \u00edgy tesz: \u201evisszat\u00e9r az \u00f6r\u00f6k v\u00e1rosba\u201c!<\/p>\n<p>Mgr. D\u00e1vid M\u00f3nika<\/p>\n<p>MTNyAI Hegys\u00far\t\t\t\t<\/p>\n","protected":false},"excerpt":{"rendered":"<p>Za\u010diatkom leta sprev\u00e1dzal p\u00e1n far\u00e1r na\u0161ich pedag\u00f3gov zo z\u00e1kladnej \u0161koly v\u00a0Hrubom \u0160\u00fare po ve\u010dnom meste R\u00edme.<\/p>\n","protected":false},"author":1,"featured_media":3264,"comment_status":"closed","ping_status":"closed","sticky":false,"template":"","format":"standard","meta":{"footnotes":""},"categories":[4,6,14],"tags":[22,24,32],"class_list":{"0":"entry","1":"post","2":"publish","3":"author-marian-jasenoveceltras-sk","4":"has-excerpt","5":"has-more-link","6":"post-3263","8":"format-standard","9":"has-post-thumbnail","10":"category-akcie","11":"category-aktuality-sk","12":"category-put","13":"post_tag-akcie","14":"post_tag-aktuality","15":"post_tag-put"},"_links":{"self":[{"href":"https:\/\/www.farakostolna.sk\/index.php?rest_route=\/wp\/v2\/posts\/3263","targetHints":{"allow":["GET"]}}],"collection":[{"href":"https:\/\/www.farakostolna.sk\/index.php?rest_route=\/wp\/v2\/posts"}],"about":[{"href":"https:\/\/www.farakostolna.sk\/index.php?rest_route=\/wp\/v2\/types\/post"}],"author":[{"embeddable":true,"href":"https:\/\/www.farakostolna.sk\/index.php?rest_route=\/wp\/v2\/users\/1"}],"replies":[{"embeddable":true,"href":"https:\/\/www.farakostolna.sk\/index.php?rest_route=%2Fwp%2Fv2%2Fcomments&post=3263"}],"version-history":[{"count":0,"href":"https:\/\/www.farakostolna.sk\/index.php?rest_route=\/wp\/v2\/posts\/3263\/revisions"}],"wp:featuredmedia":[{"embeddable":true,"href":"https:\/\/www.farakostolna.sk\/index.php?rest_route=\/"}],"wp:attachment":[{"href":"https:\/\/www.farakostolna.sk\/index.php?rest_route=%2Fwp%2Fv2%2Fmedia&parent=3263"}],"wp:term":[{"taxonomy":"category","embeddable":true,"href":"https:\/\/www.farakostolna.sk\/index.php?rest_route=%2Fwp%2Fv2%2Fcategories&post=3263"},{"taxonomy":"post_tag","embeddable":true,"href":"https:\/\/www.farakostolna.sk\/index.php?rest_route=%2Fwp%2Fv2%2Ftags&post=3263"}],"curies":[{"name":"wp","href":"https:\/\/api.w.org\/{rel}","templated":true}]}}