{"id":3257,"date":"2017-08-13T22:18:20","date_gmt":"2017-08-13T22:18:20","guid":{"rendered":"http:\/\/kostolna.fara.sk\/?p=3257"},"modified":"2017-08-13T22:18:20","modified_gmt":"2017-08-13T22:18:20","slug":"grilovacka-u-rozalky","status":"publish","type":"post","link":"https:\/\/www.farakostolna.sk\/?p=3257","title":{"rendered":"Grilova\u010dka u\u00a0Roz\u00e1lky \/ Grillparti Nagybors\u00e1n"},"content":{"rendered":"<p>\t\t\t\t<a href=\"http:\/\/kostolna.fara.sk\/grilovacka-u-rozalky\/img_20170812_181539\/\" rel=\"attachment wp-att-3258\"><img loading=\"lazy\" decoding=\"async\" class=\"wp-image-3258 size-medium alignleft\" src=\"http:\/\/kostolna.fara.sk\/wp-content\/uploads\/2017\/08\/IMG_20170812_181539-e1502921798366-300x168.jpg\" alt=\"\" width=\"300\" height=\"168\" \/><\/a>Pred dvoma mesiacmi sa udiala v\u00a0na\u0161ej farnosti z\u00e1sadn\u00e1 zmena.Po mnoh\u00fdch rokoch sa presunuli sv\u00e4t\u00e9 om\u0161e tak, \u017ee v\u00a0kaplnke v\u00a0Hrubej Bor\u0161i u\u017e neb\u00fdva v\u00a0nede\u013eu, ale v\u00a0sobotu ve\u010der o\u00a017-tej s\u00a0nede\u013enou platnos\u0165ou, a\u00a0tak sa <!--more-->uvo\u013enil \u010das v\u00a0nede\u013eu o\u00a011-tej vo farskom kostole v\u00a0Kostolnej pre slovensky hovoriacich veriacich z\u00a0troch na\u0161ich obc\u00ed. Nebolo to jednoduch\u00e9 rozhodnutie, ale po konzult\u00e1cii s\u00a0arcibiskupsk\u00fdm \u00faradom k\u00a0tomu napokon po viacer\u00fdch rokoch pri\u0161lo. Viem, \u017ee pre \u201eBor\u0161anov\u201c to nebolo a\u00a0ani nie je v\u00f4bec \u013eahk\u00e9, preto\u017ee roky boli zvyknut\u00fd na svoju \u201ejeden\u00e1stku\u201c. Na druhej strane som im v\u010fa\u010dn\u00fd, \u017ee dok\u00e1zali s\u00a0porozumen\u00edm prija\u0165 t\u00fato zmenu, ktor\u00fa som pova\u017eoval z\u00a0pastora\u010dn\u00fdch d\u00f4vodov ako jedin\u00e9 schodn\u00e9 rie\u0161enie pre duchovn\u00e9 dobro veriacich v\u00a0na\u0161ej rozmanitej farnosti. Bor\u0161anov chcem ubezpe\u010di\u0165, \u017ee ich m\u00e1m ve\u013emi r\u00e1d a\u00a0\u017ee po prijat\u00ed tejto zmeny ich budem ma\u0165 e\u0161te rad\u0161ej. V\u00a0kaplnke sv\u00e4tej Roz\u00e1lie v\u00a0Hrubej Bor\u0161i b\u00fdva vynikaj\u00faca rodinn\u00e1 atmosf\u00e9ra, k\u00a0\u010domu v\u00a0nemalej miere prispieva aj n\u00e1\u0161 obetav\u00fd kantor a kostoln\u00edk v\u00a0jednej osobe \u2013 ujo Lajo\u0161ka. Aj preto som navrhol aspo\u0148 ob\u010dasne robieva\u0165 stretnutie po sv\u00e4tej om\u0161i (u prv\u00fdch kres\u0165anov naz\u00fdvan\u00e9 \u2013 agap\u00e9 \u2013 hostiny l\u00e1sky) ako tomu bolo teraz 12. augusta 2017. Tak sa mi vid\u00ed, \u017ee \u201eGrilova\u010dka u\u00a0Roz\u00e1lky\u201c sa stretla napokon s\u00a0ve\u013ek\u00fdm ohlasom. Viacer\u00ed z\u00a0pr\u00edtomn\u00fdch si ve\u013emi pochva\u013eovali. Ist\u00e1 sk\u00f4r naroden\u00e1 pani popri inom povedala: \u201eS\u00edce som star\u00e1, ale ja sa c\u00edtim by\u0165 st\u00e1le mlad\u00e1. Je v\u00fdborn\u00e9, \u017ee sa m\u00f4\u017eeme spolu takto stretn\u00fa\u0165, porozpr\u00e1va\u0165 sa a zaspieva\u0165 si.\u201c<\/p>\n<p>Chcem sa aj na tomto mieste po\u010fakova\u0165 v\u0161etk\u00fdm z\u00fa\u010dastnen\u00fdm, priate\u013eom a\u00a0dobrodincom na\u0161ej kaplnky sv\u00e4tej Roz\u00e1lie v\u00a0Hrubej Bor\u0161i a\u00a0vyjadri\u0165 presved\u010denie, \u017ee sa budeme v\u00a0soboty stret\u00e1va\u0165 takto \u010dastej\u0161ie.<\/p>\n<p>V\u00e1\u0161 far\u00e1r Pavol Gajdo\u0161<\/p>\n<p><a href=\"https:\/\/goo.gl\/photos\/Q729idMApnvLbJzo8\" target=\"_blank\" rel=\"noopener noreferrer\">Fotky\/K\u00e9pek<\/a><\/p>\n<p><span lang=\"hu-HU\">K\u00e9t h\u00f3napja jelent\u0151s v\u00e1ltoz\u00e1sra ker\u00fclt sor pl\u00e9b\u00e1niak\u00f6zs\u00e9g\u00fcnkben. A nagyborsai 11 \u00f3rakor kezd\u0151d\u0151 vas\u00e1rnapi szentmise szombatra ker\u00fclt \u00e1t 17 \u00f3r\u00e1ra, vas\u00e1rnap 11-kor pedig szlov\u00e1k szentmis\u00e9re gy\u0171lhetnek \u00f6ssze a h\u00edvek Egyh\u00e1zf\u00e1n. Ezt az egy\u00e1ltal\u00e1n nem k\u00f6nny\u0171 d\u00f6nt\u00e9st t\u00f6bb \u00e9v eltelt\u00e9vel, az \u00e9rseki hivatallal val\u00f3 konzult\u00e1ci\u00f3 ut\u00e1n siker\u00fclt meghozni. Tudom, hogy a borsaiaknak nem volt olyan egyszer\u0171 lemondani a 11-es mis\u00e9r\u0151l, s nagyon h\u00e1l\u00e1s vagyok nekik, hogy meg\u00e9rt\u00e9ssel fogadt\u00e1k ezt a v\u00e1ltoz\u00e1st, amelyet pasztor\u00e1ci\u00f3s okokb\u00f3l a legelfogadhat\u00f3bb megold\u00e1snak tartottam soksz\u00edn\u0171 pl\u00e9b\u00e1niak\u00f6zs\u00e9g\u00fcnk h\u00edveinek lelki jav\u00e1ra val\u00f3 tekintettel. A borsaiakat biztos\u00edthatom arr\u00f3l, hogy nagyon szeretem \u0151ket, s ezek ut\u00e1n m\u00e9g jobban fogom \u0151ket szeretni. A nagyborsai Szent Roz\u00e1lia-k\u00e1poln\u00e1ban csal\u00e1dias hangulat uralkodik, ami nem kis m\u00e9rt\u00e9kben Lajoska k\u00e1ntor \u00farnak k\u00f6sz\u00f6nhet\u0151, aki sekresty\u00e9s is egyben. Ez\u00e9rt is szeretn\u00e9k olyan tal\u00e1lkoz\u00f3kat (az els\u0151 kereszt\u00e9nyek agap\u00e9nak \u2013 szeretetlakom\u00e1nak nevezt\u00e9k) szervezni a szentmis\u00e9k ut\u00e1n, mint amilyenre 2017. augusztus 12-\u00e9n ker\u00fclt sor. \u00dagy l\u00e1tom, hogy az \u00f6tlet nagy visszhangra tal\u00e1lt, hiszen a grillparti nagyon j\u00f3l siker\u00fclt.<\/span><\/p>\n<p><span lang=\"hu-HU\">Szeretn\u00e9k ez\u00faton is k\u00f6sz\u00f6netet mondani minden jelenl\u00e9v\u0151nek \u00e9s a borsai Szent Roz\u00e1lia-k\u00e1polna minden j\u00f3tev\u0151j\u00e9nek. Meg vagyok gy\u0151z\u0151dve arr\u00f3l, hogy majd gyakrabban lesz\u00fcnk r\u00e9szesei hasonl\u00f3 tal\u00e1lkoz\u00f3knak. <\/span><\/p>\n<p><span lang=\"hu-HU\">Gajdo\u0161 P\u00e1l pl\u00e9b\u00e1nos<\/span>\t\t\t\t<\/p>\n","protected":false},"excerpt":{"rendered":"<p>Pred dvoma mesiacmi sa udiala v\u00a0na\u0161ej farnosti z\u00e1sadn\u00e1 zmena.Po mnoh\u00fdch rokoch sa presunuli sv\u00e4t\u00e9 om\u0161e tak, \u017ee v\u00a0kaplnke v\u00a0Hrubej Bor\u0161i u\u017e neb\u00fdva v\u00a0nede\u013eu, ale v\u00a0sobotu ve\u010der o\u00a017-tej s\u00a0nede\u013enou platnos\u0165ou, a\u00a0tak sa<\/p>\n","protected":false},"author":1,"featured_media":3258,"comment_status":"closed","ping_status":"closed","sticky":false,"template":"","format":"standard","meta":{"footnotes":""},"categories":[4,6],"tags":[22,24],"class_list":{"0":"entry","1":"post","2":"publish","3":"author-marian-jasenoveceltras-sk","4":"has-excerpt","5":"has-more-link","6":"post-3257","8":"format-standard","9":"has-post-thumbnail","10":"category-akcie","11":"category-aktuality-sk","12":"post_tag-akcie","13":"post_tag-aktuality"},"_links":{"self":[{"href":"https:\/\/www.farakostolna.sk\/index.php?rest_route=\/wp\/v2\/posts\/3257","targetHints":{"allow":["GET"]}}],"collection":[{"href":"https:\/\/www.farakostolna.sk\/index.php?rest_route=\/wp\/v2\/posts"}],"about":[{"href":"https:\/\/www.farakostolna.sk\/index.php?rest_route=\/wp\/v2\/types\/post"}],"author":[{"embeddable":true,"href":"https:\/\/www.farakostolna.sk\/index.php?rest_route=\/wp\/v2\/users\/1"}],"replies":[{"embeddable":true,"href":"https:\/\/www.farakostolna.sk\/index.php?rest_route=%2Fwp%2Fv2%2Fcomments&post=3257"}],"version-history":[{"count":0,"href":"https:\/\/www.farakostolna.sk\/index.php?rest_route=\/wp\/v2\/posts\/3257\/revisions"}],"wp:featuredmedia":[{"embeddable":true,"href":"https:\/\/www.farakostolna.sk\/index.php?rest_route=\/"}],"wp:attachment":[{"href":"https:\/\/www.farakostolna.sk\/index.php?rest_route=%2Fwp%2Fv2%2Fmedia&parent=3257"}],"wp:term":[{"taxonomy":"category","embeddable":true,"href":"https:\/\/www.farakostolna.sk\/index.php?rest_route=%2Fwp%2Fv2%2Fcategories&post=3257"},{"taxonomy":"post_tag","embeddable":true,"href":"https:\/\/www.farakostolna.sk\/index.php?rest_route=%2Fwp%2Fv2%2Ftags&post=3257"}],"curies":[{"name":"wp","href":"https:\/\/api.w.org\/{rel}","templated":true}]}}