{"id":3249,"date":"2017-06-30T08:50:21","date_gmt":"2017-06-30T08:50:21","guid":{"rendered":"http:\/\/kostolna.fara.sk\/?p=3249"},"modified":"2017-06-30T08:50:21","modified_gmt":"2017-06-30T08:50:21","slug":"vylet-v-sturove-a-ostrihome","status":"publish","type":"post","link":"https:\/\/www.farakostolna.sk\/?p=3249","title":{"rendered":"V\u00fdlet v\u00a0\u0160t\u00farove a Ostrihome"},"content":{"rendered":"<p class=\"western\"><a href=\"http:\/\/kostolna.fara.sk\/vylet-v-sturove-a-ostrihome\/img_20170716_145904\/\" rel=\"attachment wp-att-3251\"><img loading=\"lazy\" decoding=\"async\" class=\"size-medium wp-image-3251 alignleft\" src=\"http:\/\/kostolna.fara.sk\/wp-content\/uploads\/2017\/08\/IMG_20170716_145904-168x300.jpg\" alt=\"\" width=\"168\" height=\"300\" \/><\/a>Cez letn\u00e9 pr\u00e1zdniny n\u00e1s p\u00e1n far\u00e1r zobral so sebou na v\u00fdlet do Ostrihomu a\u00a0\u0160t\u00farova. Ubytovan\u00ed sme boli na\u00a0intern\u00e1te a\u00a0otec Pa\u013eko u\u00a0na\u0161ich hostite\u013eov: <!--more-->tety Marty a\u00a0uja Janka. Boli ve\u013emi mil\u00ed a\u00a0ka\u017ed\u00fd de\u0148 n\u00e1m teta Marta pripravila ra\u0148ajky, pri\u010dom otec Pa\u013eko \u0161iel do obchodu k\u00fapi\u0165 \u0161i\u0161ky a\u00a0nejak\u00e9 ma\u0161krty. V\u00a0pondelok na obed sme si pochutnali na v\u00fdbornom gul\u00e1\u0161i od uja Janka. Ale e\u0161te pred obedom sme vy\u0161liapali do kupoly katedr\u00e1ly, odkia\u013e sme mali n\u00e1dhern\u00fd v\u00fdh\u013ead. \u0160li sme aj ku zvonom, nako\u013eko sme chceli po\u010du\u0165 ve\u013ek\u00fd zvon. Ka\u017ed\u00fd de\u0148 sme nav\u0161t\u00edvili k\u00fapalisko, po k\u00fapan\u00ed sme sa \u0161li najes\u0165 a\u00a0po ve\u010deri na koloto\u010de. Bolo n\u00e1m ve\u013emi dobre. Chceme po\u010fakova\u0165 p\u00e1novi far\u00e1rovi, ktor\u00fd bol ochotn\u00fd a\u00a0pomohol n\u00e1m nies\u0165 ta\u0161ky,\u00a0aj tete Marte a\u00a0ujovi Jankovi, \u017ee n\u00e1m poskytli pohodlie domova a\u00a0anim\u00e1torke Monike, ktor\u00e1 bola s\u00a0nami. \u010eakujeme aj\u00a0ostatn\u00fdm tajn\u00fdm sponzorom, v\u010faka ktor\u00fdm bol n\u00e1\u0161 3-d\u0148ov\u00fd v\u00fdlet nezabudnute\u013en\u00fd. A \u010fakujeme aj za nov\u00e9 kamar\u00e1tky.<\/p>\n<p><a href=\"https:\/\/goo.gl\/photos\/XA3nr3J3jzFJeuTBA\" target=\"_blank\" rel=\"noopener noreferrer\">Fotky\/<\/a><\/p>\n<p>&nbsp;<\/p>\n<p class=\"western\" style=\"text-align: right;\"><span style=\"font-size: medium;\"><b>Bernadett Bogyai Jelka\/Hrub\u00e1 Bor\u0161a<\/b><\/span><\/p>\n","protected":false},"excerpt":{"rendered":"<p>Cez letn\u00e9 pr\u00e1zdniny n\u00e1s p\u00e1n far\u00e1r zobral so sebou na v\u00fdlet do Ostrihomu a\u00a0\u0160t\u00farova. Ubytovan\u00ed sme boli na\u00a0intern\u00e1te a\u00a0otec Pa\u013eko u\u00a0na\u0161ich hostite\u013eov:<\/p>\n","protected":false},"author":1,"featured_media":3252,"comment_status":"closed","ping_status":"closed","sticky":false,"template":"","format":"standard","meta":{"footnotes":""},"categories":[4,6,7,14],"tags":[22,24,27,32],"class_list":{"0":"entry","1":"post","2":"publish","3":"author-marian-jasenoveceltras-sk","4":"has-excerpt","5":"has-more-link","6":"post-3249","8":"format-standard","9":"has-post-thumbnail","10":"category-akcie","11":"category-aktuality-sk","12":"category-casopis","13":"category-put","14":"post_tag-akcie","15":"post_tag-aktuality","16":"post_tag-casopis","17":"post_tag-put"},"_links":{"self":[{"href":"https:\/\/www.farakostolna.sk\/index.php?rest_route=\/wp\/v2\/posts\/3249","targetHints":{"allow":["GET"]}}],"collection":[{"href":"https:\/\/www.farakostolna.sk\/index.php?rest_route=\/wp\/v2\/posts"}],"about":[{"href":"https:\/\/www.farakostolna.sk\/index.php?rest_route=\/wp\/v2\/types\/post"}],"author":[{"embeddable":true,"href":"https:\/\/www.farakostolna.sk\/index.php?rest_route=\/wp\/v2\/users\/1"}],"replies":[{"embeddable":true,"href":"https:\/\/www.farakostolna.sk\/index.php?rest_route=%2Fwp%2Fv2%2Fcomments&post=3249"}],"version-history":[{"count":0,"href":"https:\/\/www.farakostolna.sk\/index.php?rest_route=\/wp\/v2\/posts\/3249\/revisions"}],"wp:featuredmedia":[{"embeddable":true,"href":"https:\/\/www.farakostolna.sk\/index.php?rest_route=\/"}],"wp:attachment":[{"href":"https:\/\/www.farakostolna.sk\/index.php?rest_route=%2Fwp%2Fv2%2Fmedia&parent=3249"}],"wp:term":[{"taxonomy":"category","embeddable":true,"href":"https:\/\/www.farakostolna.sk\/index.php?rest_route=%2Fwp%2Fv2%2Fcategories&post=3249"},{"taxonomy":"post_tag","embeddable":true,"href":"https:\/\/www.farakostolna.sk\/index.php?rest_route=%2Fwp%2Fv2%2Ftags&post=3249"}],"curies":[{"name":"wp","href":"https:\/\/api.w.org\/{rel}","templated":true}]}}