{"id":3243,"date":"2017-07-11T10:47:50","date_gmt":"2017-07-11T10:47:50","guid":{"rendered":"http:\/\/kostolna.fara.sk\/?p=3243"},"modified":"2017-07-11T10:47:50","modified_gmt":"2017-07-11T10:47:50","slug":"vlastivedna-cykloturahonismereti-kerekpartura","status":"publish","type":"post","link":"https:\/\/www.farakostolna.sk\/?p=3243","title":{"rendered":"Vlastivedn\u00e1 cyklot\u00fara\/Honismereti Ker\u00e9kp\u00e1rt\u00fara"},"content":{"rendered":"<p>\t\t\t\t<a href=\"http:\/\/kostolna.fara.sk\/vlastivedna-cykloturahonismereti-kerekpartura\/170729-005\/\" rel=\"attachment wp-att-3244\"><img loading=\"lazy\" decoding=\"async\" class=\"size-medium wp-image-3244 alignleft\" src=\"http:\/\/kostolna.fara.sk\/wp-content\/uploads\/2017\/08\/170729-005-300x225.jpg\" alt=\"\" width=\"300\" height=\"225\" \/><\/a>Z\u00e1kladn\u00e1 organiz\u00e1cia Csemadoku v Hrubom \u0160\u00fari a R\u00edmskokatol\u00edcky farsk\u00fd \u00farad v\u00a0Kostolnej pri Dunaji <!--more-->zorganizovali v\u00a0sobotu 29. j\u00fala 2017 cyklot\u00faru k vodn\u00e9mu mlynu v\u00a0Jelke s\u00a0cie\u013eom pritiahnu\u0165 aj mlad\u0161ie ro\u010dn\u00edky k spolo\u010dn\u00e9mu objavovaniu \u010dasti pr\u00edrodn\u00e9ho a\u00a0kult\u00farneho dedi\u010dstva ich regi\u00f3nu. Z\u00a0Hrub\u00e9ho \u0160\u00faru a\u00a0Kostolnej pri Dunaji vyrazila 15 \u010dlenn\u00e1 skupina cyklistov, v\u00a0Jelke sa k\u00a0nej pridali \u010fal\u0161\u00ed 15 cyklisti, vr\u00e1tane mal\u00fdch det\u00ed. Aj v\u010faka nim cesta ubiehala vo veselej n\u00e1lade, napriek fyzickej n\u00e1mahe, ktor\u00fa museli v\u0161etci vynalo\u017ei\u0165. De\u0165om preto patr\u00ed osobitn\u00e9 uznanie za absolvovanie celej trasy. Po n\u00e1vrate do Jelky \u010dakali na sm\u00e4dn\u00fdch a\u00a0hladn\u00fdch cyklistov pripraven\u00e9 studen\u00e9 n\u00e1poje, palacinky a\u00a0chlieb s\u00a0mas\u0165ou a\u00a0cibu\u013eou. Po\u010fakovanie patr\u00ed v\u0161etk\u00fdm \u00fa\u010dastn\u00edkom a\u00a0dobrovo\u013en\u00edkom, ktor\u00ed podali pomocn\u00fa ruku. Bud\u00facoro\u010dn\u00e1 cyklot\u00fara je u\u017e teraz v\u00a0pl\u00e1ne!<\/p>\n<p>\u0160tefan Gau\u010d\u00edk<\/p>\n<hr \/>\n<p><a href=\"https:\/\/goo.gl\/photos\/cJbygo7mG73KwCxh9\" target=\"_blank\" rel=\"noopener noreferrer\">Fotky\/K\u00e9pek<\/a><\/p>\n<p>I. Honismereti Ker\u00e9kp\u00e1rt\u00fara<\/p>\n<p>A Csemadok Hegys\u00fari Alapszervezete \u00e9s az Egyh\u00e1zfai R\u00f3mai Katolikus Pl\u00e9b\u00e1nia ker\u00e9kp\u00e1rt\u00far\u00e1t szervezett 2017. j\u00falius 29-\u00e9n a j\u00f3kai v\u00edzimalomhoz. A c\u00e9l kett\u0151s volt: r\u00e9gi\u00f3nk term\u00e9szeti \u00e9s kultur\u00e1lis \u00f6r\u00f6ks\u00e9g\u00e9nek az \u00fajrafelfedez\u00e9se \u00e9s a fiatal koroszt\u00e1lyok megsz\u00f3l\u00edt\u00e1sa. 15 f\u0151s ker\u00e9kp\u00e1ros csapat indult Hegys\u00farr\u00f3l \u00e9s Egyh\u00e1zf\u00e1r\u00f3l. J\u00f3k\u00e1n m\u00e9g kb. ugyanennyi szem\u00e9ly, kisgyermekekkel egy\u00fctt, 30 f\u0151re kieg\u00e9sz\u00fclve csatlakozott hozz\u00e1nk. \u00d6r\u00f6mteli biciklit\u00fara volt a\u00a0jav\u00e1b\u00f3l. Term\u00e9szetesen f\u00e1rads\u00e1g is volt, hiszen a\u00a0t\u00e1vols\u00e1gon k\u00edv\u00fcl a\u00a0rekken\u0151 h\u0151s\u00e9ggel is meg kellett k\u00fczdeni\u00fck a\u00a0t\u00far\u00e1z\u00f3knak. A\u00a0gyermekeknek k\u00fcl\u00f6n elismer\u00e9s j\u00e1r, mert oda-vissza kitart\u00e1ssal teljes\u00edtett\u00e9k a\u00a0t\u00e1vot. A j\u00f3kai malomn\u00e1l zs\u00edros keny\u00e9r, palacsinta \u00e9s hideg italok v\u00e1rt\u00e1k az \u00e9hes \u00e9s szomjas t\u00far\u00e1z\u00f3kat. K\u00f6sz\u00f6net a r\u00e9sztvev\u0151knek \u00e9s minden j\u00f3akarat\u00fa embernek, aki seg\u00edtett! J\u00f6v\u0151re folytatjuk!<\/p>\n<p>Gau\u010d\u00edk Istv\u00e1n\t\t\t\t<\/p>\n","protected":false},"excerpt":{"rendered":"<p>Z\u00e1kladn\u00e1 organiz\u00e1cia Csemadoku v Hrubom \u0160\u00fari a R\u00edmskokatol\u00edcky farsk\u00fd \u00farad v\u00a0Kostolnej pri Dunaji<\/p>\n","protected":false},"author":1,"featured_media":3244,"comment_status":"closed","ping_status":"closed","sticky":false,"template":"","format":"standard","meta":{"footnotes":""},"categories":[4,6],"tags":[22,24],"class_list":{"0":"entry","1":"post","2":"publish","3":"author-marian-jasenoveceltras-sk","4":"has-excerpt","5":"has-more-link","6":"post-3243","8":"format-standard","9":"has-post-thumbnail","10":"category-akcie","11":"category-aktuality-sk","12":"post_tag-akcie","13":"post_tag-aktuality"},"_links":{"self":[{"href":"https:\/\/www.farakostolna.sk\/index.php?rest_route=\/wp\/v2\/posts\/3243","targetHints":{"allow":["GET"]}}],"collection":[{"href":"https:\/\/www.farakostolna.sk\/index.php?rest_route=\/wp\/v2\/posts"}],"about":[{"href":"https:\/\/www.farakostolna.sk\/index.php?rest_route=\/wp\/v2\/types\/post"}],"author":[{"embeddable":true,"href":"https:\/\/www.farakostolna.sk\/index.php?rest_route=\/wp\/v2\/users\/1"}],"replies":[{"embeddable":true,"href":"https:\/\/www.farakostolna.sk\/index.php?rest_route=%2Fwp%2Fv2%2Fcomments&post=3243"}],"version-history":[{"count":0,"href":"https:\/\/www.farakostolna.sk\/index.php?rest_route=\/wp\/v2\/posts\/3243\/revisions"}],"wp:featuredmedia":[{"embeddable":true,"href":"https:\/\/www.farakostolna.sk\/index.php?rest_route=\/"}],"wp:attachment":[{"href":"https:\/\/www.farakostolna.sk\/index.php?rest_route=%2Fwp%2Fv2%2Fmedia&parent=3243"}],"wp:term":[{"taxonomy":"category","embeddable":true,"href":"https:\/\/www.farakostolna.sk\/index.php?rest_route=%2Fwp%2Fv2%2Fcategories&post=3243"},{"taxonomy":"post_tag","embeddable":true,"href":"https:\/\/www.farakostolna.sk\/index.php?rest_route=%2Fwp%2Fv2%2Ftags&post=3243"}],"curies":[{"name":"wp","href":"https:\/\/api.w.org\/{rel}","templated":true}]}}