{"id":3230,"date":"2017-07-18T15:19:14","date_gmt":"2017-07-18T15:19:14","guid":{"rendered":"http:\/\/kostolna.fara.sk\/?p=3230"},"modified":"2017-07-18T15:19:14","modified_gmt":"2017-07-18T15:19:14","slug":"cyrilo-metodska-put-v-nitre","status":"publish","type":"post","link":"https:\/\/www.farakostolna.sk\/?p=3230","title":{"rendered":"Cyrilo-Metodsk\u00e1 p\u00fa\u0165 v Nitre"},"content":{"rendered":"<p>\t\t\t\t<span style=\"color: #000000;\"><i><a href=\"http:\/\/kostolna.fara.sk\/cyrilo-metodska-put-v-nitre\/img_1248\/\" rel=\"attachment wp-att-3231\"><img loading=\"lazy\" decoding=\"async\" class=\"size-medium wp-image-3231 alignleft\" src=\"http:\/\/kostolna.fara.sk\/wp-content\/uploads\/2017\/07\/IMG_1248-300x225.jpg\" alt=\"\" width=\"300\" height=\"225\" \/><\/a> V stredu 5. j\u00fala sme si op\u00e4\u0165 pripomenuli sviatok na\u0161ich vierozvestcov sv. Cyrila a sv. Metoda.<!--more--><\/i><\/span><span style=\"color: #000000;\"><i>Niektor\u00ed na\u0161i farn\u00edci sa vybrali za\u017ei\u0165 osobne spolo\u010denstvo veriacich na miesto, ktor\u00e9 je \u00fazko sp\u00e4t\u00e9 s t\u00fdmito sv\u00e4tcami \u2013 patr\u00f3nmi Eur\u00f3py \u2013 do Nitry. V r\u00e1mci sl\u00e1vnostnej sv\u00e4tej om\u0161e si pr\u00edtomn\u00ed, ale aj div\u00e1ci a posluch\u00e1\u010di, ktor\u00ed t\u00fato sl\u00e1vnos\u0165 sledovali, vykonali zasv\u00e4tenie Bo\u017esk\u00e9mu srdcu Je\u017ei\u0161ovmu. Medzi p\u00fatnikmi nech\u00fdbali ani na\u0161i mini\u0161tranti veden\u00ed p\u00e1nom far\u00e1rom.<\/i><\/span><\/p>\n<p><span style=\"color: #000000;\"> Odch\u00e1dzali sme z Kostolnej o 7:30 hod. s p\u00e1nom far\u00e1rom, Kri\u0161tofom N\u00e9methom a Kevinom Keve\u017edom. Do Nitry sme dorazili o 9:00 hod. Tam sme sa prezliekli do mini\u0161trantsk\u00fdch rovno\u0161iat a \u0161li na sl\u00e1vnostn\u00fa sv\u00e4t\u00fa om\u0161u. Bolo tam ve\u013ea \u013eud\u00ed a k\u0148azov. Po om\u0161i sme i\u0161li na obed, ktor\u00fd n\u00e1m ve\u013emi chutil.<\/span><\/p>\n<p><span style=\"color: #000000;\"> Nesk\u00f4r sme \u0161li pozrie\u0165 hrad. Boli tam okrem in\u00fdch zauj\u00edmavost\u00ed aj sovy, orly a sokoly a jedna sova, ktor\u00fa som mal mo\u017enos\u0165 ma\u0165 na ruk\u00e1ch. N\u00e1s chalanov zaujali v\u0161ak najm\u00e4 vystaven\u00e9 me\u010de, sekery, \u0161t\u00edty a tie\u017e no\u017e\u00edky, ktor\u00e9 boli aj na predaj.<\/span><\/p>\n<p><span style=\"color: #000000;\"> Mali sme pekn\u00fd z\u00e1\u017eitok z Nitry. P\u00e1novi far\u00e1rovi \u010fakujeme, \u017ee n\u00e1s zobral na t\u00fato p\u00fa\u0165.<\/span><\/p>\n<p style=\"text-align: left;\" align=\"right\"><span style=\"color: #000000;\">Sebasti\u00e1n \u010cajka<\/span><\/p>\n<p style=\"text-align: left;\" align=\"right\"><span style=\"color: #000000;\">12 rokov<\/span><\/p>\n<p><a href=\"https:\/\/photos.app.goo.gl\/LpcK6NA6JpFJEFwn2\" target=\"_blank\" rel=\"noopener noreferrer\">Fotky z p\u00fate.<\/a>\t\t\t\t<\/p>\n","protected":false},"excerpt":{"rendered":"<p>V stredu 5. j\u00fala sme si op\u00e4\u0165 pripomenuli sviatok na\u0161ich vierozvestcov sv. Cyrila a sv. Metoda.<\/p>\n","protected":false},"author":1,"featured_media":3231,"comment_status":"closed","ping_status":"closed","sticky":false,"template":"","format":"standard","meta":{"footnotes":""},"categories":[4,6,14],"tags":[22,24,32],"class_list":{"0":"entry","1":"post","2":"publish","3":"author-marian-jasenoveceltras-sk","4":"has-excerpt","5":"has-more-link","6":"post-3230","8":"format-standard","9":"has-post-thumbnail","10":"category-akcie","11":"category-aktuality-sk","12":"category-put","13":"post_tag-akcie","14":"post_tag-aktuality","15":"post_tag-put"},"_links":{"self":[{"href":"https:\/\/www.farakostolna.sk\/index.php?rest_route=\/wp\/v2\/posts\/3230","targetHints":{"allow":["GET"]}}],"collection":[{"href":"https:\/\/www.farakostolna.sk\/index.php?rest_route=\/wp\/v2\/posts"}],"about":[{"href":"https:\/\/www.farakostolna.sk\/index.php?rest_route=\/wp\/v2\/types\/post"}],"author":[{"embeddable":true,"href":"https:\/\/www.farakostolna.sk\/index.php?rest_route=\/wp\/v2\/users\/1"}],"replies":[{"embeddable":true,"href":"https:\/\/www.farakostolna.sk\/index.php?rest_route=%2Fwp%2Fv2%2Fcomments&post=3230"}],"version-history":[{"count":0,"href":"https:\/\/www.farakostolna.sk\/index.php?rest_route=\/wp\/v2\/posts\/3230\/revisions"}],"wp:featuredmedia":[{"embeddable":true,"href":"https:\/\/www.farakostolna.sk\/index.php?rest_route=\/"}],"wp:attachment":[{"href":"https:\/\/www.farakostolna.sk\/index.php?rest_route=%2Fwp%2Fv2%2Fmedia&parent=3230"}],"wp:term":[{"taxonomy":"category","embeddable":true,"href":"https:\/\/www.farakostolna.sk\/index.php?rest_route=%2Fwp%2Fv2%2Fcategories&post=3230"},{"taxonomy":"post_tag","embeddable":true,"href":"https:\/\/www.farakostolna.sk\/index.php?rest_route=%2Fwp%2Fv2%2Ftags&post=3230"}],"curies":[{"name":"wp","href":"https:\/\/api.w.org\/{rel}","templated":true}]}}