{"id":3217,"date":"2017-06-26T13:41:13","date_gmt":"2017-06-26T13:41:13","guid":{"rendered":"http:\/\/kostolna.fara.sk\/?p=3217"},"modified":"2017-06-26T13:41:13","modified_gmt":"2017-06-26T13:41:13","slug":"junove-modlitbove-trojdnie","status":"publish","type":"post","link":"https:\/\/www.farakostolna.sk\/?p=3217","title":{"rendered":"J\u00fanov\u00e9 modlitbov\u00e9 trojdnie"},"content":{"rendered":"<p>\t\t\t\t<a href=\"http:\/\/kostolna.fara.sk\/junove-modlitbove-trojdnie\/img_20170625_173551\/\" rel=\"attachment wp-att-3218\"><img loading=\"lazy\" decoding=\"async\" class=\"size-medium wp-image-3218 alignleft\" src=\"http:\/\/kostolna.fara.sk\/wp-content\/uploads\/2017\/07\/IMG_20170625_173551-225x300.jpg\" alt=\"\" width=\"225\" height=\"300\" \/><\/a>Do ostatn\u00e9ho modlitbov\u00e9ho trojdnia, ktor\u00e9 sa na celom svete konalo v\u00a0d\u0148och 23. \u2013 25. j\u00fana 2017, sa zapojila aj na\u0161a farnos\u0165. <!--more-->V\u00a0piatok a\u00a0v\u00a0sobotu sme sa stretli v\u00a0Hrubom \u0160\u00fare a\u00a0v\u00a0Bor\u0161i na klasick\u00fdch modlitb\u00e1ch, v\u00a0nede\u013eu sme mali u\u017e tradi\u010dn\u00fa ador\u00e1ciu v\u00a0Kostolnej pri Dunaji, po ktorej nasledovalo agap\u00e9 v\u00a0Pastora\u010dnom centre. Op\u00e4\u0165 sa chceme podeli\u0165 aj s\u00a0ostatn\u00fdmi, tento raz o\u00a0zamyslenie sa nad nede\u013en\u00fdm \u010d\u00edtan\u00edm zo Sv\u00e4t\u00e9ho P\u00edsma pri vylo\u017eenej Sviatosti Olt\u00e1rnej.<\/p>\n<p>\u201e<i>Figovn\u00edk s\u00edce nerod\u00ed a niet ovocia na vini\u010doch, sklamala \u00faroda ol\u00edv a pole nedodalo pokrm; stratili sa ovce z ko\u0161iara a v ma\u0161taliach nieto dobytka. Ja v\u0161ak budem plesa\u0165 v P\u00e1novi, jasa\u0165 budem v Bohu svojej sp\u00e1sy. Jahve, P\u00e1n, je moja sila, dal mi nohy ako jeleniciam a d\u00e1 mi vykra\u010dova\u0165 po mojich v\u00fd\u0161in\u00e1ch.\u201c<\/i><\/p>\n<p><span style=\"font-family: Times,serif;\">(Hab 3, 17-19)<\/span><\/p>\n<p>Za symbol dne\u0161n\u00e9ho d\u0148a sme zvolili t\u00fato \u0161kared\u00fa kyticu vytvoren\u00fa zo zv\u00e4dnut\u00fdch hal\u00fazok vini\u010da a figovn\u00edka. Je such\u00e1, sklesnut\u00e1. Nie je na nej ni\u010d pekn\u00e9.<\/p>\n<p>Ob\u010das sa n\u00e1m zd\u00e1, \u017ee je to tak aj v na\u0161ich \u017eivotoch, \u017eivotoch na\u0161ich det\u00ed, na\u0161ich rodi\u010dov, bl\u00edzkych&#8230; Stret\u00e1vame sa s hriechom, boles\u0165ou, utrpen\u00edm a zlom. Vid\u00edme, \u017ee sa dej\u00fa nepekn\u00e9, \u0165a\u017ek\u00e9, pre n\u00e1s nepochopite\u013en\u00e9 udalosti.<\/p>\n<p>V jednej knihe, ktor\u00e1 opisuje v\u00fdstup zmrza\u010denej lane na v\u00fd\u0161iny, jej d\u00e1va Boh ako vern\u00e9 sprievodkyne nie optimizmus, ani bujar\u00fa veselos\u0165 \u010di dokonca n\u00e1dej, ale paradoxne boles\u0165 a utrpenie. No po prekonan\u00ed prek\u00e1\u017eok sa boles\u0165 a utrpenie menia na rados\u0165 a pokoj.<\/p>\n<p>Teda ke\u010f sa e\u0161te raz lep\u0161ie zapozer\u00e1me, nie t\u00e1 \u0161kared\u00e1 kytica je t\u00fdm \u00fastredn\u00fdm bodom. Tam nad \u0148ou je to, \u010do je d\u00f4le\u017eit\u00e9. A to Je\u017ei\u0161 v Eucharistii.<\/p>\n<p>Prich\u00e1dzajme teraz ku nemu, urobme mu v my\u0161lienkach podobn\u00fa kyticu zo v\u0161etk\u00e9ho, \u010do n\u00e1s tr\u00e1pi, \u010domu nerozumieme, \u010do je pre n\u00e1s \u0165a\u017ek\u00e9 a sk\u00fasme mu za to po\u010fakova\u0165. Lebo len on n\u00e1m m\u00f4\u017ee da\u0165 napriek v\u0161etkej \u201ene\u00farode\u201c, pokoj a rados\u0165. Aj ke\u010f tomu e\u0161te absol\u00fatne nerozumieme.<\/p>\n<p>mamy z MM<\/p>\n<p><a href=\"https:\/\/goo.gl\/photos\/3mVZ3z8P8hvNxPw29\" target=\"_blank\" rel=\"noopener noreferrer\">Fotky<\/a>\t\t\t\t<\/p>\n","protected":false},"excerpt":{"rendered":"<p>Do ostatn\u00e9ho modlitbov\u00e9ho trojdnia, ktor\u00e9 sa na celom svete konalo v\u00a0d\u0148och 23. \u2013 25. j\u00fana 2017, sa zapojila aj na\u0161a farnos\u0165.<\/p>\n","protected":false},"author":1,"featured_media":3218,"comment_status":"closed","ping_status":"closed","sticky":false,"template":"","format":"standard","meta":{"footnotes":""},"categories":[4,6],"tags":[22,24],"class_list":{"0":"entry","1":"post","2":"publish","3":"author-marian-jasenoveceltras-sk","4":"has-excerpt","5":"has-more-link","6":"post-3217","8":"format-standard","9":"has-post-thumbnail","10":"category-akcie","11":"category-aktuality-sk","12":"post_tag-akcie","13":"post_tag-aktuality"},"_links":{"self":[{"href":"https:\/\/www.farakostolna.sk\/index.php?rest_route=\/wp\/v2\/posts\/3217","targetHints":{"allow":["GET"]}}],"collection":[{"href":"https:\/\/www.farakostolna.sk\/index.php?rest_route=\/wp\/v2\/posts"}],"about":[{"href":"https:\/\/www.farakostolna.sk\/index.php?rest_route=\/wp\/v2\/types\/post"}],"author":[{"embeddable":true,"href":"https:\/\/www.farakostolna.sk\/index.php?rest_route=\/wp\/v2\/users\/1"}],"replies":[{"embeddable":true,"href":"https:\/\/www.farakostolna.sk\/index.php?rest_route=%2Fwp%2Fv2%2Fcomments&post=3217"}],"version-history":[{"count":0,"href":"https:\/\/www.farakostolna.sk\/index.php?rest_route=\/wp\/v2\/posts\/3217\/revisions"}],"wp:featuredmedia":[{"embeddable":true,"href":"https:\/\/www.farakostolna.sk\/index.php?rest_route=\/"}],"wp:attachment":[{"href":"https:\/\/www.farakostolna.sk\/index.php?rest_route=%2Fwp%2Fv2%2Fmedia&parent=3217"}],"wp:term":[{"taxonomy":"category","embeddable":true,"href":"https:\/\/www.farakostolna.sk\/index.php?rest_route=%2Fwp%2Fv2%2Fcategories&post=3217"},{"taxonomy":"post_tag","embeddable":true,"href":"https:\/\/www.farakostolna.sk\/index.php?rest_route=%2Fwp%2Fv2%2Ftags&post=3217"}],"curies":[{"name":"wp","href":"https:\/\/api.w.org\/{rel}","templated":true}]}}