{"id":3208,"date":"2017-05-22T14:03:56","date_gmt":"2017-05-22T14:03:56","guid":{"rendered":"http:\/\/kostolna.fara.sk\/?p=3208"},"modified":"2017-05-22T14:03:56","modified_gmt":"2017-05-22T14:03:56","slug":"put-deti-v-marianke","status":"publish","type":"post","link":"https:\/\/www.farakostolna.sk\/?p=3208","title":{"rendered":"P\u00fa\u0165 det\u00ed v Marianke"},"content":{"rendered":"<p align=\"justify\"><span style=\"font-family: Times;\"><span style=\"font-size: large;\"> <a href=\"http:\/\/kostolna.fara.sk\/put-deti-v-marianke\/photo-2017-05-20-15-43-49_0188\/\" rel=\"attachment wp-att-3209\"><img loading=\"lazy\" decoding=\"async\" class=\"size-medium wp-image-3209 alignleft\" src=\"http:\/\/kostolna.fara.sk\/wp-content\/uploads\/2017\/06\/Photo-2017-05-20-15-43-49_0188-300x225.jpg\" alt=\"\" width=\"300\" height=\"225\" \/><\/a>Po vyhl\u00e1sen\u00ed diec\u00e9znej p\u00fate pre deti do Marianky sa ve\u013ea det\u00ed za\u010dalo modli\u0165 za po\u010dasie a dobr\u00fd \u00fa\u017eitok z duchovnej p\u00fate. T\u00e1to sa uskuto\u010dnila 20. m\u00e1ja 2017 na p\u00fatnickom mieste v Marianke pri Bratislave. <\/span><\/span><!--more--><\/p>\n<p align=\"justify\"><span style=\"font-family: Times;\"><span style=\"font-size: large;\">Za\u010da\u0165 putova\u0165 sa mohlo z Ra\u010de v Bratislave alebo zo Stupavy. Asi tak o 9:45 sme za\u010dali putova\u0165 s na\u0161imi mal\u00fdmi de\u0165mi zo Stupavy. Spolu s rodinou <i>\u0160i\u0161kovou<\/i> a <i>\u0160illovou<\/i>. Cel\u00e1 cesta prebehla ve\u013emi r\u00fdchlo, k \u010domu sa nie malou pr\u00ed\u010dinou zasl\u00fa\u017eila modlitba sv\u00e4t\u00e9ho ru\u017eenca, ktor\u00fa sme sa po ceste spolu modlili ako deti, tak aj dospel\u00ed.<\/span><\/span><\/p>\n<p align=\"justify\"><span style=\"font-family: Times;\"><span style=\"font-size: large;\">Ke\u010f sme dorazili do Marianky, organiz\u00e1tori spolu s k\u0148azom otcom <i>Tom\u00e1\u0161om Kramplom <\/i>n\u00e1s srde\u010dne priv\u00edtali a osvie\u017eili \u010derstv\u00fdmi jahodami. Nasledovali ve\u013emi zauj\u00edmav\u00e9 a najm\u00e4 pou\u010dn\u00e9 sc\u00e9nky o \u017eivotoch sv\u00e4t\u00fdch, najm\u00e4 o Fatime a z\u00e1zrakoch v Marianke, ktor\u00e9 boli predn\u00e1\u0161an\u00e9 sc\u00e9nkou alebo prednesom. Ve\u013emi pou\u010dn\u00e9 nielen pre deti, ale hlavne aj pre dospel\u00fdch. Po absolvovan\u00ed stanov\u00ed\u0161\u0165 a zasl\u00fa\u017eenom oddychu nasledovalo \u010fal\u0161ie osvie\u017eenie, tentoraz v podobe sl\u00e1vnostnej sv\u00e4tej om\u0161e, ktorej hlavn\u00fdm celebrantom bol arcibiskup pre bratislavsk\u00fa diec\u00e9zu <i>Mons. Stanislav Zvolensk\u00fd<\/i>. Ve\u013emi n\u00e1s povzbudil svojou hom\u00edliou o modlitbe a jej obrovskej sile, a hlavne o sile modlitby det\u00ed. Men\u0161ie deti to s\u00edce prespali, ale ver\u00edme, \u017ee pr\u00edde \u010das, kedy pochopia jeho slov\u00e1 \ud83d\ude42<\/span><\/span><\/p>\n<p align=\"justify\"><span style=\"font-family: Times;\"><span style=\"font-size: large;\">Ve\u013emi pekne \u010fakujeme organiz\u00e1torom a aj n\u00e1\u0161mu farsk\u00e9mu k\u0148azovi <i>Palimu Gajdo\u0161ovi<\/i>, ktor\u00fd n\u00e1s povzbudil k \u00fa\u010dasti na tejto skvelej p\u00fati, ktor\u00e1 sa niesla v mene \u201eP\u00fa\u0165 Det\u00ed\u201c. <\/span><\/span><\/p>\n<p align=\"justify\"><span style=\"font-family: Times;\"><span style=\"font-size: large;\">Te\u0161\u00edme sa na \u010fal\u0161\u00ed ro\u010dn\u00edk \ud83d\ude42<\/span><\/span><\/p>\n<p align=\"justify\"><a href=\"https:\/\/goo.gl\/photos\/1qjtQ23uN2LZPc5U8\" target=\"_blank\" rel=\"noopener noreferrer\">Fotky:<\/a><\/p>\n","protected":false},"excerpt":{"rendered":"<p>Po vyhl\u00e1sen\u00ed diec\u00e9znej p\u00fate pre deti do Marianky sa ve\u013ea det\u00ed za\u010dalo modli\u0165 za po\u010dasie a dobr\u00fd \u00fa\u017eitok z duchovnej p\u00fate. T\u00e1to sa uskuto\u010dnila 20. m\u00e1ja 2017 na p\u00fatnickom mieste v Marianke pri Bratislave.<\/p>\n","protected":false},"author":1,"featured_media":3209,"comment_status":"closed","ping_status":"closed","sticky":false,"template":"","format":"standard","meta":{"footnotes":""},"categories":[4,14],"tags":[22,32],"class_list":{"0":"entry","1":"post","2":"publish","3":"author-marian-jasenoveceltras-sk","4":"has-excerpt","5":"has-more-link","6":"post-3208","8":"format-standard","9":"has-post-thumbnail","10":"category-akcie","11":"category-put","12":"post_tag-akcie","13":"post_tag-put"},"_links":{"self":[{"href":"https:\/\/www.farakostolna.sk\/index.php?rest_route=\/wp\/v2\/posts\/3208","targetHints":{"allow":["GET"]}}],"collection":[{"href":"https:\/\/www.farakostolna.sk\/index.php?rest_route=\/wp\/v2\/posts"}],"about":[{"href":"https:\/\/www.farakostolna.sk\/index.php?rest_route=\/wp\/v2\/types\/post"}],"author":[{"embeddable":true,"href":"https:\/\/www.farakostolna.sk\/index.php?rest_route=\/wp\/v2\/users\/1"}],"replies":[{"embeddable":true,"href":"https:\/\/www.farakostolna.sk\/index.php?rest_route=%2Fwp%2Fv2%2Fcomments&post=3208"}],"version-history":[{"count":0,"href":"https:\/\/www.farakostolna.sk\/index.php?rest_route=\/wp\/v2\/posts\/3208\/revisions"}],"wp:featuredmedia":[{"embeddable":true,"href":"https:\/\/www.farakostolna.sk\/index.php?rest_route=\/"}],"wp:attachment":[{"href":"https:\/\/www.farakostolna.sk\/index.php?rest_route=%2Fwp%2Fv2%2Fmedia&parent=3208"}],"wp:term":[{"taxonomy":"category","embeddable":true,"href":"https:\/\/www.farakostolna.sk\/index.php?rest_route=%2Fwp%2Fv2%2Fcategories&post=3208"},{"taxonomy":"post_tag","embeddable":true,"href":"https:\/\/www.farakostolna.sk\/index.php?rest_route=%2Fwp%2Fv2%2Ftags&post=3208"}],"curies":[{"name":"wp","href":"https:\/\/api.w.org\/{rel}","templated":true}]}}