{"id":3202,"date":"2017-06-17T14:23:27","date_gmt":"2017-06-17T14:23:27","guid":{"rendered":"http:\/\/kostolna.fara.sk\/?p=3202"},"modified":"2017-06-17T14:23:27","modified_gmt":"2017-06-17T14:23:27","slug":"den-rodiny-2017-2","status":"publish","type":"post","link":"https:\/\/www.farakostolna.sk\/?p=3202","title":{"rendered":"De\u0148 rodiny 2017"},"content":{"rendered":"<p>\t\t\t\t<a href=\"http:\/\/kostolna.fara.sk\/den-rodiny-2017-2\/img_9659\/\" rel=\"attachment wp-att-3204\"><img loading=\"lazy\" decoding=\"async\" class=\"size-medium wp-image-3204 alignleft\" src=\"http:\/\/kostolna.fara.sk\/wp-content\/uploads\/2017\/06\/IMG_9659-300x200.jpg\" alt=\"\" width=\"300\" height=\"200\" \/><\/a>\u201e<span style=\"font-family: Times;\"><span style=\"font-size: medium;\"><i><b>Rodina je oboje, ako z\u00e1kladnou jednotkou spolo\u010dnosti, tak aj kore\u0148om kult\u00fary. Je to neut\u00edchaj\u00faci zdroj podpory, obhajoby, uistenia a emocion\u00e1lneho dobitia, ktor\u00e9 dod\u00e1va die\u0165a\u0165u silu, aby sa sebavedome odv\u00e1\u017eilo do v\u00e4\u010d\u0161ieho sveta a stalo sa v\u0161etk\u00fdm, \u010d\u00edm m\u00f4\u017ee by\u0165.\u201c<\/b><\/i> (Arthur Schnitzler)<\/span><\/span><!--more--><\/p>\n<p><span style=\"font-family: Times;\"><span style=\"font-size: medium;\"><i>V sobotu 3. j\u00fana sa uskuto\u010dnil De\u0148 rodiny \u2013 v duchu \u201eaby deti otca mali, aby mali mamu.\u201c Aby c\u00edtili l\u00e1sku, podporu, vieru, a aby mali istotu, \u017ee rodina je tu pre nich. \u010ci u\u017e t\u00e1 biologick\u00e1 alebo kres\u0165ansk\u00e1. To, \u017ee tento de\u0148 bude pln\u00fd dobrej n\u00e1lady, prejavov l\u00e1sky a z\u00e1bavy sme videli u\u017e od r\u00e1na, kedy sa za\u010dali na farskom dvore sch\u00e1dza\u0165 dobrovo\u013en\u00edci ochotn\u00ed prilo\u017ei\u0165 ruku k dielu \u2013 sklada\u0165 pr\u00edstre\u0161ky, um\u00fdva\u0165, kr\u00e1ja\u0165, natiera\u0165 a napokon vari\u0165.<\/i><\/span><\/span><\/p>\n<p><span style=\"font-family: Times;\"><span style=\"font-size: medium;\"> V\u0161etk\u00fdm z\u00fa\u010dastnen\u00fdm \u017een\u00e1m, mu\u017eom a aj de\u0165om patr\u00ed ve\u013ek\u00e1 v\u010faka za pomoc nielen pri pr\u00edprav\u00e1ch, ale aj ve\u010dernom upratovan\u00ed. To, \u017ee rodina je d\u00f4le\u017eitou bunkou spolo\u010dnosti a vzorom, bolo vidie\u0165 pr\u00e1ve tu, ke\u010f spolu rodi\u010dia s de\u0165mi a s dobrou n\u00e1ladou pripravovali v\u0161etko potrebn\u00e9. <\/span><\/span><\/p>\n<p><span style=\"font-family: Times;\"><span style=\"font-size: medium;\">Samotn\u00e1 oslava tohto v\u00fdznamn\u00e9ho d\u0148a za\u010dala sv\u00e4tou om\u0161ou, kde sme sa po\u010fakovali Bohu nielen za rodinu, deti a partnerov, ale aj za v\u0161etky ostatn\u00e9 dary, ktor\u00e9 n\u00e1m vo svojej dobrote d\u00e1va. Rodin\u00e1m sa prihovoril mision\u00e1r vdp. Jozef T\u00f3th v ma\u010farskom jazyku a tie\u017e vdp. Marek Sit\u00e1r z Jablonice, ktor\u00fd n\u00e1s nab\u00e1dal k v\u010fa\u010dnosti za dary, ktor\u00e9 sme dostali. Povzbudil n\u00e1s aj k tomu, aby sme sa o tieto dary vedeli deli\u0165 podobne, ako sa delil n\u00e1\u0161 patr\u00f3n diec\u00e9zy sv. Martin z Tours. Cel\u00e1 sv. om\u0161a bola sprev\u00e1dzan\u00e1 \u00fa\u017easn\u00fdm spevom zboru Nebesk\u00e1 rosa zo susednej farnosti Kr\u00e1\u013eov\u00e1 pri Senci. Po skon\u010den\u00ed sl\u00e1vnostnej om\u0161e sme si mohli \u010dnosti, ktor\u00e9 mal n\u00e1\u0161 patr\u00f3n, z\u00e1bavnou formou precvi\u010di\u0165 na \u00f4smich stanovi\u0161tiach, ktor\u00e9 zabezpe\u010dovali miestni skauti. Za to, \u017ee De\u0148 rodiny nie je iba o z\u00e1bave a jedle, ale najm\u00e4 o pouk\u00e1zan\u00ed na podstatu rodiny patr\u00ed nemal\u00e1 v\u010faka na\u0161im farn\u00ed\u010dkam, ktor\u00e9 pripravili t\u00e9my jednotliv\u00fdch zastaven\u00ed a dali tejto akcii ducha.<\/span><\/span><\/p>\n<p><span style=\"font-family: Times;\"><span style=\"font-size: medium;\">Po skon\u010den\u00ed rodinn\u00fdch aktiv\u00edt sa u\u017e deti mohli rozbehn\u00fa\u0165 po r\u00f4znych atrakci\u00e1ch, ktor\u00e9 na nich \u010dakali. Mali mo\u017enos\u0165 vysk\u00fa\u0161a\u0165 si r\u00f4zne remesl\u00e1 ako mletie zrna na m\u00faku, tkanie koberca, v\u00fdrobu hlinen\u00fdch misiek \u010di d\u017eb\u00e1nov, v\u00fdrobu \u0161perkov z kor\u00e1likov a odv\u00e1\u017enej\u0161\u00ed mohli sk\u00fasi\u0165 aj kov\u00e1\u010dske remeslo. <\/span><\/span><\/p>\n<p><span style=\"font-family: Times;\"><span style=\"font-size: medium;\">Vy\u0161anti\u0165 sa mohli na ve\u013ekom sk\u00e1kacom hrade sponzorsky zapo\u017ei\u010danom od firmy PP Solutions. Deti s unaven\u00fdmi n\u00f4\u017ekami si mohli odd\u00fdchnu\u0165 na kr\u00e1snom drevenom, ru\u010dne poh\u00e1\u0148anom koloto\u010di, alebo si sk\u00fasi\u0165 svoje zru\u010dnosti a zas\u00fa\u0165a\u017ei\u0165 si s dreven\u00fdmi hra\u010dkami. Kto mal dos\u0165 aktiv\u00edt, mal na v\u00fdber mo\u017enos\u0165 posedie\u0165 si v tieni a pre\u010d\u00edta\u0165 si z kn\u00edh od vydavate\u013estva Don Bosco, ktor\u00e9 boli k dispoz\u00edcii aj tento rok, alebo sa pohosti\u0165 na chutnom ob\u010derstven\u00ed. Vponuke boli dva druhy gul\u00e1\u0161a, \u010dapovan\u00e1 kofola, pivo \u010di limon\u00e1da a pre extra vy\u010derpan\u00fdch rodi\u010dov bola k dispoz\u00edcii k\u00e1va od miestnej pra\u017eiarne \u010cierna perla. K ob\u010derstveniu na v\u00fdber boli aj v\u00fdborn\u00e9 palacinky, lok\u0161e a placky, ktor\u00e9 dodala firma IMMO z Ve\u013ekej Ma\u010de. Nesmel ch\u00fdba\u0165 ani masten\u00fd chleb\u00edk s cibu\u013ekou, p\u00e1rok v ro\u017eku a aj \u010derstv\u00e9 ovocie. A ak sa p\u00fdtate, kde bol najdlh\u0161\u00ed rad, tak jednozna\u010dne na cukrov\u00fa vatu. Deti si pochutili na sladkej ma\u0161krte a dospel\u00e1ci sa preniesli spomienkami na chv\u00ed\u013eu do svojho detstva. K dobrej n\u00e1lade prispela aj gospelov\u00e1 skupina CRUX, ktorej \u010dlenovia poch\u00e1dzaj\u00fa z na\u0161ej farnosti.<\/span><\/span><\/p>\n<p><span style=\"font-family: Times;\"><span style=\"font-size: medium;\">Aj napriek bohat\u00e9mu ob\u010derstveniu a atrakci\u00e1m bol sn\u00e1\u010f tento de\u0148 pre v\u0161etk\u00fdch d\u0148om, kedy sa upevnili rodinn\u00e9 vz\u0165ahy, preh\u013abila sa l\u00e1ska v n\u00e1s a v tejto modernej a upon\u00e1h\u013eanej dobe mali deti pocit, \u017ee rodi\u010dia s\u00fa tu v\u017edy pre nich a rodina a l\u00e1ska je to najd\u00f4le\u017eitej\u0161ie preto\u017ee&#8230;<\/span><\/span><\/p>\n<p>\u201e<span style=\"font-family: Times;\"><span style=\"font-size: medium;\"><i><b>Rodina je miestom l\u00e1sky a \u017eivota; miestom, kde l\u00e1ska rod\u00ed \u017eivot. Rodina, ve\u013ek\u00e9 laborat\u00f3rium l\u00e1sky, je prvou \u0161kolou, ba viac, st\u00e1lou \u0161kolou, v ktorej u\u010denie sa l\u00e1ske prebieha nie suchop\u00e1rnymi pou\u010dkami, ale presved\u010divou silou vlastnej sk\u00fasenosti. Kie\u017eby ka\u017ed\u00e1 rodina objavila svoje povolanie k l\u00e1ske!<\/b><\/i>\u201c (sv. J\u00e1n Pavol II.)<\/span><\/span><\/p>\n<p><a href=\"https:\/\/goo.gl\/photos\/AhfG39CckMpyRnvZA\" target=\"_blank\" rel=\"noopener noreferrer\">Fotky:<\/a>\t\t\t\t<\/p>\n","protected":false},"excerpt":{"rendered":"<p>\u201eRodina je oboje, ako z\u00e1kladnou jednotkou spolo\u010dnosti, tak aj kore\u0148om kult\u00fary. Je to neut\u00edchaj\u00faci zdroj podpory, obhajoby, uistenia a emocion\u00e1lneho dobitia, ktor\u00e9 dod\u00e1va die\u0165a\u0165u silu, aby sa sebavedome odv\u00e1\u017eilo do v\u00e4\u010d\u0161ieho sveta a stalo sa v\u0161etk\u00fdm, \u010d\u00edm m\u00f4\u017ee by\u0165.\u201c (Arthur Schnitzler)<\/p>\n","protected":false},"author":1,"featured_media":3204,"comment_status":"closed","ping_status":"closed","sticky":false,"template":"","format":"standard","meta":{"footnotes":""},"categories":[4,6],"tags":[22,24],"class_list":{"0":"entry","1":"post","2":"publish","3":"author-marian-jasenoveceltras-sk","4":"has-excerpt","5":"has-more-link","6":"post-3202","8":"format-standard","9":"has-post-thumbnail","10":"category-akcie","11":"category-aktuality-sk","12":"post_tag-akcie","13":"post_tag-aktuality"},"_links":{"self":[{"href":"https:\/\/www.farakostolna.sk\/index.php?rest_route=\/wp\/v2\/posts\/3202","targetHints":{"allow":["GET"]}}],"collection":[{"href":"https:\/\/www.farakostolna.sk\/index.php?rest_route=\/wp\/v2\/posts"}],"about":[{"href":"https:\/\/www.farakostolna.sk\/index.php?rest_route=\/wp\/v2\/types\/post"}],"author":[{"embeddable":true,"href":"https:\/\/www.farakostolna.sk\/index.php?rest_route=\/wp\/v2\/users\/1"}],"replies":[{"embeddable":true,"href":"https:\/\/www.farakostolna.sk\/index.php?rest_route=%2Fwp%2Fv2%2Fcomments&post=3202"}],"version-history":[{"count":0,"href":"https:\/\/www.farakostolna.sk\/index.php?rest_route=\/wp\/v2\/posts\/3202\/revisions"}],"wp:featuredmedia":[{"embeddable":true,"href":"https:\/\/www.farakostolna.sk\/index.php?rest_route=\/"}],"wp:attachment":[{"href":"https:\/\/www.farakostolna.sk\/index.php?rest_route=%2Fwp%2Fv2%2Fmedia&parent=3202"}],"wp:term":[{"taxonomy":"category","embeddable":true,"href":"https:\/\/www.farakostolna.sk\/index.php?rest_route=%2Fwp%2Fv2%2Fcategories&post=3202"},{"taxonomy":"post_tag","embeddable":true,"href":"https:\/\/www.farakostolna.sk\/index.php?rest_route=%2Fwp%2Fv2%2Ftags&post=3202"}],"curies":[{"name":"wp","href":"https:\/\/api.w.org\/{rel}","templated":true}]}}