{"id":3198,"date":"2017-06-17T13:01:30","date_gmt":"2017-06-17T13:01:30","guid":{"rendered":"http:\/\/kostolna.fara.sk\/?p=3198"},"modified":"2017-06-17T13:01:30","modified_gmt":"2017-06-17T13:01:30","slug":"svate-prijimanie","status":"publish","type":"post","link":"https:\/\/www.farakostolna.sk\/?p=3198","title":{"rendered":"Sv\u00e4t\u00e9 prij\u00edmanie"},"content":{"rendered":"<p>\t\t\t\t<a href=\"http:\/\/kostolna.fara.sk\/svate-prijimanie\/we2_4697\/\" rel=\"attachment wp-att-3199\"><img loading=\"lazy\" decoding=\"async\" class=\"size-medium wp-image-3199 alignleft\" src=\"http:\/\/kostolna.fara.sk\/wp-content\/uploads\/2017\/06\/WE2_4697-300x200.jpg\" alt=\"\" width=\"300\" height=\"200\" \/><\/a>V nede\u013eu 27. m\u00e1ja vyvrcholila pr\u00edprava det\u00ed na prijatie sviatosti Eucharistie, ktor\u00fa viedol n\u00e1\u0161 p\u00e1n far\u00e1r Pavol Gajdo\u0161. Sviatos\u0165 prijalo po prv\u00fdkr\u00e1t celkom 10 det\u00ed \u2013 5 diev\u010dat a 5 chlapcov.<\/p>\n<p><!--more--><\/p>\n<p>Drah\u00fd p\u00e1n far\u00e1r, duchovn\u00fd otec n\u00e1\u0161,<br \/>\n\u010fakujeme zo srdca za tento de\u0148 pln\u00fd kr\u00e1s.<br \/>\nNeist\u00fd krok detsk\u00fd viedli ste k olt\u00e1ru,<br \/>\nprijmite v\u010fa\u010dnos\u0165 na\u0161ich s\u0155dc dnes od n\u00e1s do daru.<\/p>\n<p>Nech sa V\u00e1m \u0161\u0165astia dni ako kvety mno\u017eia<br \/>\na nech je nad Vami v\u0161etka milos\u0165 Bo\u017eia.<br \/>\nTieto mil\u00e9 kvietky d\u00e1vaj\u00fa V\u00e1m Va\u0161e dietky,<br \/>\nprijmite ich s l\u00e1skou, ot\u010de mil\u00fd,<br \/>\nako v\u010faku za to, \u010do ste pre n\u00e1s urobili.<\/p>\n<p>S v\u010fakou deti a rodi\u010dia\t\t\t\t<\/p>\n","protected":false},"excerpt":{"rendered":"<p>V nede\u013eu 27. m\u00e1ja vyvrcholila pr\u00edprava det\u00ed na prijatie sviatosti Eucharistie, ktor\u00fa viedol n\u00e1\u0161 p\u00e1n far\u00e1r Pavol Gajdo\u0161. Sviatos\u0165 prijalo po prv\u00fdkr\u00e1t celkom 10 det\u00ed \u2013 5 diev\u010dat a 5 chlapcov.<\/p>\n","protected":false},"author":1,"featured_media":3199,"comment_status":"closed","ping_status":"closed","sticky":false,"template":"","format":"standard","meta":{"footnotes":""},"categories":[6,18],"tags":[24,33],"class_list":{"0":"entry","1":"post","2":"publish","3":"author-marian-jasenoveceltras-sk","4":"has-excerpt","5":"has-more-link","6":"post-3198","8":"format-standard","9":"has-post-thumbnail","10":"category-aktuality-sk","11":"category-svate-prijmanie","12":"post_tag-aktuality","13":"post_tag-svate-prijmanie"},"_links":{"self":[{"href":"https:\/\/www.farakostolna.sk\/index.php?rest_route=\/wp\/v2\/posts\/3198","targetHints":{"allow":["GET"]}}],"collection":[{"href":"https:\/\/www.farakostolna.sk\/index.php?rest_route=\/wp\/v2\/posts"}],"about":[{"href":"https:\/\/www.farakostolna.sk\/index.php?rest_route=\/wp\/v2\/types\/post"}],"author":[{"embeddable":true,"href":"https:\/\/www.farakostolna.sk\/index.php?rest_route=\/wp\/v2\/users\/1"}],"replies":[{"embeddable":true,"href":"https:\/\/www.farakostolna.sk\/index.php?rest_route=%2Fwp%2Fv2%2Fcomments&post=3198"}],"version-history":[{"count":0,"href":"https:\/\/www.farakostolna.sk\/index.php?rest_route=\/wp\/v2\/posts\/3198\/revisions"}],"wp:featuredmedia":[{"embeddable":true,"href":"https:\/\/www.farakostolna.sk\/index.php?rest_route=\/"}],"wp:attachment":[{"href":"https:\/\/www.farakostolna.sk\/index.php?rest_route=%2Fwp%2Fv2%2Fmedia&parent=3198"}],"wp:term":[{"taxonomy":"category","embeddable":true,"href":"https:\/\/www.farakostolna.sk\/index.php?rest_route=%2Fwp%2Fv2%2Fcategories&post=3198"},{"taxonomy":"post_tag","embeddable":true,"href":"https:\/\/www.farakostolna.sk\/index.php?rest_route=%2Fwp%2Fv2%2Ftags&post=3198"}],"curies":[{"name":"wp","href":"https:\/\/api.w.org\/{rel}","templated":true}]}}