{"id":3193,"date":"2017-06-17T08:08:36","date_gmt":"2017-06-17T08:08:36","guid":{"rendered":"http:\/\/kostolna.fara.sk\/?p=3193"},"modified":"2017-06-17T08:08:36","modified_gmt":"2017-06-17T08:08:36","slug":"pamatnik-za-nenarodene-deti","status":"publish","type":"post","link":"https:\/\/www.farakostolna.sk\/?p=3193","title":{"rendered":"Pam\u00e4tn\u00edk za nenaroden\u00e9 deti"},"content":{"rendered":"<p style=\"text-align: left;\"><a href=\"http:\/\/kostolna.fara.sk\/pamatnik-za-nenarodene-deti\/nenarodenedeti\/\" rel=\"attachment wp-att-3195\"><img loading=\"lazy\" decoding=\"async\" class=\"size-medium wp-image-3195 alignleft\" src=\"http:\/\/kostolna.fara.sk\/wp-content\/uploads\/2017\/06\/nenarodenedeti-300x200.jpg\" alt=\"\" width=\"300\" height=\"200\" \/><\/a><a name=\"_GoBack\"><\/a> <span style=\"color: #000000;\"><span style=\"font-size: small;\">V r\u00e1mci projektu Svie\u010dka za nenaroden\u00e9 deti, ktor\u00fa podporuje F\u00f3rum \u017eivota, ma oslovila my\u0161lienka umiestnenia Pam\u00e4tn\u00edka za nenaroden\u00e9 deti aj v na\u0161ej farnosti.\u00a0 <\/span><\/span><!--more--><\/p>\n<p style=\"text-align: left;\"><span style=\"color: #000000;\"><span style=\"font-size: small;\">V r\u00e1mci Modlitebn\u00fdch skupiniek matiek, ktor\u00e9 funguj\u00fa v na\u0161ej farnosti, sme sa rozhodli, \u017ee by bolo pekn\u00e9 umiestni\u0165 jeden tak\u00fdto pam\u00e4tn\u00edk v parku pri farskom kostole v Kostolnej pri Dunaji, kde by sme mohli symbolicky zap\u00e1li\u0165 svie\u010dku za nenaroden\u00e9 a potraten\u00e9 deti. <\/span><\/span><\/p>\n<p style=\"text-align: left;\"><span style=\"color: #000000;\"><span style=\"font-size: small;\">S po\u017eehnan\u00edm n\u00e1\u0161ho p\u00e1na far\u00e1ra sme spravili prv\u00fa zbierku na marcovom modlitbovom trojdn\u00ed matiek, kde sme vyzbierali sumu 140 eur. <\/span><\/span><\/p>\n<p style=\"text-align: left;\"><span style=\"color: #000000;\"><span style=\"font-size: small;\">\u010eal\u0161iu zbierku by sme chceli spravi\u0165 na j\u00fanovom modlitbovom trojdn\u00ed. Celkov\u00e1 suma za pam\u00e4tn\u00edk je 400 eur. <\/span><\/span><\/p>\n<p style=\"text-align: left;\"><span style=\"color: #000000;\"><span style=\"font-size: small;\">T\u00fdmto vyjadrujem \u00faprimn\u00e9 P\u00e1n Boh zapla\u0165 doteraj\u0161\u00edm a bud\u00facim darcom.<\/span><\/span><\/p>\n<p style=\"text-align: left;\"><span style=\"color: #000000;\"><span style=\"font-size: small;\">Tieto pam\u00e4tn\u00edky s\u00fa jedinou vidite\u013enou pripomienkou na deti, ktor\u00e9 zomreli sk\u00f4r, ako sa stihli narodi\u0165. <\/span><\/span><\/p>\n<p style=\"text-align: left;\"><span style=\"color: #000000;\"><span style=\"font-size: small;\">Umiestnen\u00edm t\u00fdchto pam\u00e4tn\u00edkov\u00a0\u2013\u00a0aj ke\u010f iba symbolick\u00fdch \u2013 sa tieto deti st\u00e1vaj\u00fa akoby skuto\u010dnej\u0161\u00edmi a tak aspo\u0148 po smrti zaujm\u00fa svoje opr\u00e1vnen\u00e9 rovnocenn\u00e9 miesto medzi ostatn\u00fdmi.<\/span><\/span><\/p>\n<p style=\"text-align: left;\"><span style=\"color: #000000;\"><span style=\"font-size: small;\">Ver\u00edme, \u017ee to bude nielen miestom spomienok, ale aj miestom uzdravenia pre mnoh\u00e9 \u017eeny. <\/span><\/span><\/p>\n<p style=\"text-align: left;\"><span style=\"color: #000000;\"><span style=\"font-size: small;\">Pom\u00f4c\u0165 m\u00e1 rodin\u00e1m, ktor\u00e9 o svojho potomka pri\u0161li, no nemohli sa s n\u00edm rozl\u00fa\u010di\u0165.\u00a0<\/span><\/span><\/p>\n<p style=\"text-align: left;\"><span style=\"color: #222222;\"><span style=\"font-size: small;\">Pam\u00e4tn\u00edk m\u00e1 symbolizova\u0165 nenaroden\u00e9 deti, \u010di u\u017e nechcene alebo ne\u00famyselne.\u00a0<\/span><\/span><\/p>\n<p style=\"text-align: left;\"><span style=\"color: #000000;\"><span style=\"font-size: small;\">&#8220;<\/span><\/span><span style=\"color: #000000;\"><span style=\"font-size: small;\"><b>Sm\u00fatok sa premen\u00ed na rados\u0165 a raz v nebi sa uvid\u00edme tv\u00e1rou v tv\u00e1r.\u201c\u00a0<\/b><\/span><\/span><\/p>\n","protected":false},"excerpt":{"rendered":"<p>V r\u00e1mci projektu Svie\u010dka za nenaroden\u00e9 deti, ktor\u00fa podporuje F\u00f3rum \u017eivota, ma oslovila my\u0161lienka umiestnenia Pam\u00e4tn\u00edka za nenaroden\u00e9 deti aj v na\u0161ej farnosti.\u00a0<\/p>\n","protected":false},"author":1,"featured_media":3195,"comment_status":"closed","ping_status":"closed","sticky":false,"template":"","format":"standard","meta":{"footnotes":""},"categories":[6],"tags":[24],"class_list":{"0":"entry","1":"post","2":"publish","3":"author-marian-jasenoveceltras-sk","4":"has-excerpt","5":"has-more-link","6":"post-3193","8":"format-standard","9":"has-post-thumbnail","10":"category-aktuality-sk","11":"post_tag-aktuality"},"_links":{"self":[{"href":"https:\/\/www.farakostolna.sk\/index.php?rest_route=\/wp\/v2\/posts\/3193","targetHints":{"allow":["GET"]}}],"collection":[{"href":"https:\/\/www.farakostolna.sk\/index.php?rest_route=\/wp\/v2\/posts"}],"about":[{"href":"https:\/\/www.farakostolna.sk\/index.php?rest_route=\/wp\/v2\/types\/post"}],"author":[{"embeddable":true,"href":"https:\/\/www.farakostolna.sk\/index.php?rest_route=\/wp\/v2\/users\/1"}],"replies":[{"embeddable":true,"href":"https:\/\/www.farakostolna.sk\/index.php?rest_route=%2Fwp%2Fv2%2Fcomments&post=3193"}],"version-history":[{"count":0,"href":"https:\/\/www.farakostolna.sk\/index.php?rest_route=\/wp\/v2\/posts\/3193\/revisions"}],"wp:featuredmedia":[{"embeddable":true,"href":"https:\/\/www.farakostolna.sk\/index.php?rest_route=\/"}],"wp:attachment":[{"href":"https:\/\/www.farakostolna.sk\/index.php?rest_route=%2Fwp%2Fv2%2Fmedia&parent=3193"}],"wp:term":[{"taxonomy":"category","embeddable":true,"href":"https:\/\/www.farakostolna.sk\/index.php?rest_route=%2Fwp%2Fv2%2Fcategories&post=3193"},{"taxonomy":"post_tag","embeddable":true,"href":"https:\/\/www.farakostolna.sk\/index.php?rest_route=%2Fwp%2Fv2%2Ftags&post=3193"}],"curies":[{"name":"wp","href":"https:\/\/api.w.org\/{rel}","templated":true}]}}