{"id":3158,"date":"2017-05-06T11:26:24","date_gmt":"2017-05-06T11:26:24","guid":{"rendered":"http:\/\/kostolna.fara.sk\/?p=3158"},"modified":"2017-05-06T11:26:24","modified_gmt":"2017-05-06T11:26:24","slug":"put-do-mariankymariavolgyi-zarandoklat","status":"publish","type":"post","link":"https:\/\/www.farakostolna.sk\/?p=3158","title":{"rendered":"P\u00fa\u0165 do Marianky\/M\u00e1riav\u00f6lgyi zar\u00e1ndoklat"},"content":{"rendered":"<p style=\"text-align: left;\" align=\"center\">D\u0148a 14.4.na Ve\u013ek\u00fd piatok, sme sa viacer\u00ed z farnosti te\u0161ili na kr\u00ed\u017eov\u00fa cestu v Marianke. Takmer v\u0161etci sme i\u0161li autobusom, kde vl\u00e1dla pr\u00edjemn\u00e1 atmosf\u00e9ra.<!--more--><\/p>\n<p style=\"text-align: left;\">V Mari\u00e1nke sme ako deti \u010d\u00edtali jednotliv\u00e9 zastavenia. Na vrchu kopca sme nechali kr\u00ed\u017e s predsavzatiami, ktor\u00e9 sme spolo\u010dne plnili po\u010das p\u00f4stu. Pri poslednom zastaven\u00ed sme si urobili spolo\u010dn\u00fa fotku.<\/p>\n<p style=\"text-align: left;\">T\u00e1to kr\u00ed\u017eov\u00e1 cesta mi pomohla viac sa v\u017ei\u0165 do Je\u017ei\u0161ovho utrpenia.<\/p>\n<p style=\"text-align: right;\">Monika \u0160i\u0161kov\u00e1<\/p>\n<p class=\"western\" lang=\"sk-SK\" align=\"justify\"><a href=\"https:\/\/goo.gl\/photos\/fTArYkQGWxrsx6Kt5\" target=\"_blank\" rel=\"noopener noreferrer\">Fotky\/F\u00e9nyk\u00e9pek<\/a><\/p>\n<p class=\"western\" lang=\"sk-SK\" align=\"justify\"><span style=\"font-family: 'Times New Roman', serif;\"><span style=\"font-size: medium;\"><span lang=\"hu-HU\">A hegys\u00fari h\u00edvek is r\u00e9szt vettek pl\u00e9b\u00e1niak\u00f6z\u00f6ss\u00e9g\u00fcnk m\u00e1riav\u00f6lgyi zar\u00e1ndoklat\u00e1n, melyre 2017. \u00e1prilis 14-\u00e9n ker\u00fclt sor. \u00d6regek \u00e9s fiatalok, h\u00e1zasp\u00e1rok \u00e9s gyermekek r\u00f3tt\u00e1k le tisztelet\u00fcket az \u00dar J\u00e9zusn\u00e1l.<\/span><\/span><\/span><\/p>\n<p class=\"western\" lang=\"sk-SK\" align=\"justify\"><span style=\"font-family: 'Times New Roman', serif;\"><span style=\"font-size: medium;\"><span lang=\"hu-HU\">Minden zar\u00e1ndoklat, kereszt\u00fat, f\u0151leg a h\u00fasv\u00e9ti \u00fcnnepek el\u0151tti, es\u00e9lyt jelent a felt\u00f6lt\u0151d\u00e9sre, a lelki elm\u00e9ly\u00fcl\u00e9sre, egyben a sz\u00e1mad\u00e1sra. Hol is tartunk f\u00f6ldi utunkon? Milyen \u00f6sv\u00e9nyeken j\u00e1runk? \u00datjaink egyenesek-e vagy csak mi hitetj\u00fck el magunkkal, hogy egyenesek? Tudjuk-e, k\u00e9pesek vagyunk-e \u00e9p\u00edteni csal\u00e1djainkat, k\u00f6z\u00f6ss\u00e9geinket Isten \u00fatmutat\u00e1sa szerint? L\u00e1tjuk-e gyenges\u00e9geinket \u00e9s tiszt\u00e1ban vagyunk-e esend\u0151s\u00e9geinkkel? Vissz\u00fck-e, elfogadjuk-e kereszt\u00fcnket vagy l\u00e1zadunk ellene?<\/span><\/span><\/span><\/p>\n<p class=\"western\" lang=\"sk-SK\" align=\"justify\"><span style=\"font-family: 'Times New Roman', serif;\"><span style=\"font-size: medium;\"><span lang=\"hu-HU\">Szembes\u00fclve J\u00e9zus \u00e9lett\u00f6rt\u00e9net\u00e9nek legs\u00falyosabb \u00e9s legnehezebb szakaszaival, a fenti k\u00e9rd\u00e9sek is az esz\u00fcnkbe juthattak.<\/span><\/span><\/span><\/p>\n<p class=\"western\" lang=\"sk-SK\" align=\"justify\"><span style=\"font-family: 'Times New Roman', serif;\"><span style=\"font-size: medium;\"><span lang=\"hu-HU\">Mi volt a v\u00e1ltoz\u00e1s a kereszt\u00faton? A bels\u0151 vil\u00e1gunk felfedez\u00e9se. A lelk\u00fcnk kiny\u00edl\u00e1sa. Az id\u0151sebbek \u00e9s a fiatalabbak, de m\u00e9g a gyermekek lelke is megny\u00edlt. Nyitott szemmel l\u00e1ttunk, \u00e9s megtapasztaltuk J\u00e9zus Krisztust.<\/span><\/span><\/span><\/p>\n<p class=\"western\" lang=\"sk-SK\" align=\"justify\"><span style=\"font-family: 'Times New Roman', serif;\"><span style=\"font-size: medium;\"><span lang=\"hu-HU\">Miv\u00e9 szeretn\u00e9nk v\u00e1lni? Jobbak akarunk lenni. Jobb sz\u00fcl\u0151k, jobb gyermekek, jobb emberek.<\/span><\/span><\/span><\/p>\n<p class=\"western\" lang=\"sk-SK\" align=\"justify\"><span style=\"font-family: 'Times New Roman', serif;\"><span style=\"font-size: medium;\"><span lang=\"hu-HU\">M\u00e1riav\u00f6lgy egyben a csendet ny\u00fajtotta, az \u00darban val\u00f3 elm\u00e9ly\u00fcl\u00e9st. Azt a csendet, melyr\u0151l Pilinszky J\u00e1nos a Kegyelem c\u00edm\u0171 vers\u00e9ben \u00edgy \u00edrt:<\/span><\/span><\/span><\/p>\n<p class=\"western\" lang=\"sk-SK\" align=\"justify\">\u201e<span style=\"font-family: 'Times New Roman', serif;\"><span style=\"font-size: medium;\">Megadatott a kegyelem: \/ mik\u00f6zben minden \u00e1ll \u00e9s hallgat, \/<br \/>\negyed\u00fcl az \u00f6r\u00f6kl\u00e9t m\u0171k\u00f6dik.\u02ee<\/span><\/span><\/p>\n<p class=\"western\" lang=\"sk-SK\" align=\"right\"><span style=\"font-family: 'Times New Roman', serif;\"><span style=\"font-size: medium;\">Gaucs\u00edk Istv\u00e1n<\/span><\/span><\/p>\n","protected":false},"excerpt":{"rendered":"<p>D\u0148a 14.4.na Ve\u013ek\u00fd piatok, sme sa viacer\u00ed z farnosti te\u0161ili na kr\u00ed\u017eov\u00fa cestu v Marianke. Takmer v\u0161etci sme i\u0161li autobusom, kde vl\u00e1dla pr\u00edjemn\u00e1 atmosf\u00e9ra.<\/p>\n","protected":false},"author":1,"featured_media":3159,"comment_status":"closed","ping_status":"closed","sticky":false,"template":"","format":"standard","meta":{"footnotes":""},"categories":[4],"tags":[22],"class_list":{"0":"entry","1":"post","2":"publish","3":"author-marian-jasenoveceltras-sk","4":"has-excerpt","5":"has-more-link","6":"post-3158","8":"format-standard","9":"has-post-thumbnail","10":"category-akcie","11":"post_tag-akcie"},"_links":{"self":[{"href":"https:\/\/www.farakostolna.sk\/index.php?rest_route=\/wp\/v2\/posts\/3158","targetHints":{"allow":["GET"]}}],"collection":[{"href":"https:\/\/www.farakostolna.sk\/index.php?rest_route=\/wp\/v2\/posts"}],"about":[{"href":"https:\/\/www.farakostolna.sk\/index.php?rest_route=\/wp\/v2\/types\/post"}],"author":[{"embeddable":true,"href":"https:\/\/www.farakostolna.sk\/index.php?rest_route=\/wp\/v2\/users\/1"}],"replies":[{"embeddable":true,"href":"https:\/\/www.farakostolna.sk\/index.php?rest_route=%2Fwp%2Fv2%2Fcomments&post=3158"}],"version-history":[{"count":0,"href":"https:\/\/www.farakostolna.sk\/index.php?rest_route=\/wp\/v2\/posts\/3158\/revisions"}],"wp:featuredmedia":[{"embeddable":true,"href":"https:\/\/www.farakostolna.sk\/index.php?rest_route=\/"}],"wp:attachment":[{"href":"https:\/\/www.farakostolna.sk\/index.php?rest_route=%2Fwp%2Fv2%2Fmedia&parent=3158"}],"wp:term":[{"taxonomy":"category","embeddable":true,"href":"https:\/\/www.farakostolna.sk\/index.php?rest_route=%2Fwp%2Fv2%2Fcategories&post=3158"},{"taxonomy":"post_tag","embeddable":true,"href":"https:\/\/www.farakostolna.sk\/index.php?rest_route=%2Fwp%2Fv2%2Ftags&post=3158"}],"curies":[{"name":"wp","href":"https:\/\/api.w.org\/{rel}","templated":true}]}}