{"id":3105,"date":"2017-01-30T10:33:35","date_gmt":"2017-01-30T10:33:35","guid":{"rendered":"http:\/\/kostolna.fara.sk\/?p=3105"},"modified":"2017-01-30T10:33:35","modified_gmt":"2017-01-30T10:33:35","slug":"povzbudenia-z-modlitboveho-trojdnia-2","status":"publish","type":"post","link":"https:\/\/www.farakostolna.sk\/?p=3105","title":{"rendered":"Povzbudenia z\u00a0modlitbov\u00e9ho trojdnia"},"content":{"rendered":"<p>\t\t\t\t<a href=\"http:\/\/kostolna.fara.sk\/povzbudenia-z-modlitboveho-trojdnia-2\/img_20170127_103423\/\" rel=\"attachment wp-att-3108\"><img loading=\"lazy\" decoding=\"async\" class=\"size-thumbnail wp-image-3108 alignleft\" src=\"http:\/\/kostolna.fara.sk\/wp-content\/uploads\/2017\/02\/IMG_20170127_103423-150x150.jpg\" alt=\"\" width=\"150\" height=\"150\" \/><\/a>Op\u00e4\u0165 sa chceme so v\u0161etk\u00fdmi podeli\u0165 o\u00a0zamyslenia, ktor\u00e9 odzneli v\u00a0r\u00e1mci modlitbov\u00e9ho trojdnia, ktor\u00e9 sa konalo na celom svete v\u00a0d\u0148och 27. a\u017e 29. janu\u00e1ra 2017. <!--more-->Na\u0161a farnos\u0165 sa taktie\u017e zapojila, stretnutia pred Sviatos\u0165ou olt\u00e1rnou sa konali v\u00a0Hrubom \u0160\u00fare, Bor\u0161i aj Kostolnej. Na ka\u017ed\u00fd de\u0148 je dan\u00e9 konkr\u00e9tne \u010d\u00edtanie zo Sv\u00e4t\u00e9ho P\u00edsma, nad ktor\u00fdm mamy z\u00a0modlitbov\u00fdch skupiniek matiek rozj\u00edmaj\u00fa a\u00a0pripravia si kr\u00e1tke zamyslenie pre ostatn\u00fdch veriacich. Tu s\u00fa tie najaktu\u00e1lnej\u0161ie.<\/p>\n<p><b>\u017dalm 27<\/b> &#8211; piatok 27. janu\u00e1ra 2017<\/p>\n<p><span style=\"color: #000000;\">Drah\u00fd n\u00e1\u0161 Je\u017ei\u0161,<\/span> <span style=\"color: #000000;\">\u010fakujeme Ti za povzbudiv\u00e9 slov\u00e1 zo \u017ealmu. \u010co k nim doda\u0165?<\/span> <span style=\"color: #000000;\">\u010eakujeme Ti, \u017ee si na\u0161e svetlo, n\u00e1\u0161 ochranca, na\u0161a n\u00e1dej.\u00a0Odpus\u0165 n\u00e1m, ke\u010f od Teba utek\u00e1me.<\/span> <span style=\"color: #000000;\">Chceme spolu s Tebou svieti\u0165 vo svojich rodin\u00e1ch, tam, kde sme.<\/span> <span style=\"color: #000000;\">Pom\u00f4\u017e n\u00e1m.<\/span> <span style=\"color: #000000;\">Chceme \u0164a milova\u0165!<\/span><\/p>\n<p><b>Nehemi\u00e1\u0161 9, 29 \u2013 37<\/b> \u2013 sobota 28. janu\u00e1ra 2017<\/p>\n<p>Kniha Nehemi\u00e1\u0161, 9. kapitola n\u00e1m hovor\u00ed o pok\u00e1n\u00ed izraelsk\u00e9ho \u013eudu. V Starom z\u00e1kone n\u00e1m dal Boh skrze Moj\u017ei\u0161a svoje pravidl\u00e1 &#8211; Bo\u017e\u00ed z\u00e1kon. Tak\u00fd, ktor\u00fd d\u00e1va \u017eivot t\u00fdm, \u010do ho po\u010d\u00favaj\u00fa. Je to dobr\u00fd z\u00e1kon pln\u00fd l\u00e1sky &#8211; 10 Bo\u017e\u00edch prik\u00e1zan\u00ed.<\/p>\n<p>Za \u010do ich poklad\u00e1me dnes? \u010co pre n\u00e1s znamenaj\u00fa? Vieme \u017ei\u0165 a stoto\u017eni\u0165 sa s touto Bo\u017eou v\u00f4\u013eou? Po\u010duli sme, \u017ee ani pre \u013eud\u00ed tej doby to nebolo \u013eahk\u00e9 &#8211; padali, nepo\u010d\u00favali, ba konali proti Bohu zl\u00fdmi skutkami. Av\u0161ak Boh je od vekov ten ist\u00fd &#8211; po\u010duli sme \u201eTy si l\u00e1ska a milosrdenstvo. Ty si, Bo\u017ee, mocn\u00fd a\u00a0spravodliv\u00fd.\u201c Ako vtedy, tak aj dnes pom\u00f4\u017ee, ke\u010f k Nemu vol\u00e1me, ke\u010f sa identifikujeme ako Jeho deti, ktor\u00e9 chc\u00fa k Nemu prich\u00e1dza\u0165, a ke\u010f sa od Neho odvraciame, zasiahne spravodlivo.<\/p>\n<p>Nebojme sa pok\u00e1nia! Ve\u010f kto sme my bez Boha? V \u0165a\u017ek\u00fdch, ale i v dobr\u00fdch \u010dasoch si spome\u0148me, \u010do v\u0161etko pre n\u00e1s vykonal, ako sa o n\u00e1s star\u00e1, ak\u00e9 je tajomn\u00e9 a ve\u013ek\u00e9 Jeho dielo \u017eivota na jedinej malej plan\u00e9te v nekone\u010dnom vesm\u00edre. \u010ci nevid\u00edme a nec\u00edtime tie ka\u017edodenn\u00e9 z\u00e1zraky? Komu mus\u00edme sl\u00fa\u017ei\u0165 v dne\u0161nej dobe? Ak\u00ed s\u00fa na\u0161i vodcovia? Za \u010do je pova\u017eovan\u00fd \u010dlovek? Pre Stvorite\u013ea Neba i Zeme sme jedine\u010dn\u00ed. Nem\u00f4\u017eeme pochopi\u0165 v\u0161etky deje vo svete \u010di v na\u0161ich \u017eivotoch, ale m\u00f4\u017eeme si zachova\u0165 vieru a s rados\u0165ou nasledova\u0165 Bo\u017eieho Syna, Je\u017ei\u0161a Krista, ktor\u00fd nepri\u0161iel svet ods\u00fadi\u0165, ale spasi\u0165 a nezru\u0161il, ale naplnil Bo\u017e\u00ed z\u00e1kon.<\/p>\n<p>Nechceme by\u0165 otroci. S Bohom je ka\u017ed\u00fd jeden z n\u00e1s slobodn\u00fd unik\u00e1t.<\/p>\n<p><b>Jakubov list 5, 7 \u2013 11<\/b> \u2013 nede\u013ea 29. janu\u00e1ra 2017<\/p>\n<p>By\u0165 trpezliv\u00fd,&#8230; ale pre\u010do? To v dne\u0161nej upon\u00e1h\u013eanej dobe nie je in. Chceme v\u0161etko hne\u010f a najlep\u0161ie bez n\u00e1mahy. A dnes sa to naozaj d\u00e1 \u2013 v sekunde n\u00e1jdeme v\u0161etky inform\u00e1cie na internete, za p\u00e1r hod\u00edn vieme by\u0165 na opa\u010dnom konci zemegule&#8230;<\/p>\n<p><a name=\"_GoBack\"><\/a> Ale nie v\u0161etko je v \u017eivote tak\u00e9 jednoduch\u00e9. Azda ka\u017ed\u00fd z n\u00e1s pre\u017eil chorobu, smr\u0165 bl\u00edzkeho \u010dloveka \u010di in\u00e9 telesn\u00e9, alebo du\u0161evn\u00e9 tr\u00e1penie. A pr\u00e1ve v t\u00fdchto chv\u00ed\u013each P\u00e1n chce, aby sme boli trpezliv\u00ed. D\u00f4verovali mu. Napriek bolestiam, napriek tme, ktor\u00fa m\u00e1me v tej chv\u00edli vo svojej du\u0161i. Mohli by sme za\u010da\u0165 nad\u00e1va\u0165, kri\u010da\u0165, s\u0165a\u017eova\u0165 sa, ale v danej situ\u00e1cii to v\u00f4bec neoso\u017e\u00ed. Trpezliv\u00e9 odovzdanie tr\u00e1penia do Bo\u017e\u00edch r\u00fak a vytrval\u00e1 modlitba n\u00e1m m\u00f4\u017eu pom\u00f4c\u0165 aj v kritick\u00fdch situ\u00e1ci\u00e1ch, nestr\u00e1ca\u0165 zmysel \u017eivota a veri\u0165, \u017ee utrpenie a boles\u0165 s\u00fa \u010das\u0165ou vzne\u0161en\u00e9ho Bo\u017eieho pl\u00e1nu, ktor\u00e9ho kone\u010dn\u00fdm cie\u013eom je dobro a sp\u00e1sa \u010dloveka. Ve\u010f P\u00e1n je milosrdn\u00fda\u00a0milostiv\u00fd.<\/p>\n<p><a href=\"https:\/\/goo.gl\/photos\/YKcdtSxJKJz6PV1A9\" target=\"_blank\" rel=\"noopener noreferrer\">Fotky<\/a><\/p>\n<p>mamy z MM\t\t\t\t<\/p>\n","protected":false},"excerpt":{"rendered":"<p>Op\u00e4\u0165 sa chceme so v\u0161etk\u00fdmi podeli\u0165 o\u00a0zamyslenia, ktor\u00e9 odzneli v\u00a0r\u00e1mci modlitbov\u00e9ho trojdnia, ktor\u00e9 sa konalo na celom svete v\u00a0d\u0148och 27. a\u017e 29. janu\u00e1ra 2017.<\/p>\n","protected":false},"author":1,"featured_media":3108,"comment_status":"closed","ping_status":"closed","sticky":false,"template":"","format":"standard","meta":{"footnotes":""},"categories":[4,6],"tags":[22,24],"class_list":{"0":"entry","1":"post","2":"publish","3":"author-marian-jasenoveceltras-sk","4":"has-excerpt","5":"has-more-link","6":"post-3105","8":"format-standard","9":"has-post-thumbnail","10":"category-akcie","11":"category-aktuality-sk","12":"post_tag-akcie","13":"post_tag-aktuality"},"_links":{"self":[{"href":"https:\/\/www.farakostolna.sk\/index.php?rest_route=\/wp\/v2\/posts\/3105","targetHints":{"allow":["GET"]}}],"collection":[{"href":"https:\/\/www.farakostolna.sk\/index.php?rest_route=\/wp\/v2\/posts"}],"about":[{"href":"https:\/\/www.farakostolna.sk\/index.php?rest_route=\/wp\/v2\/types\/post"}],"author":[{"embeddable":true,"href":"https:\/\/www.farakostolna.sk\/index.php?rest_route=\/wp\/v2\/users\/1"}],"replies":[{"embeddable":true,"href":"https:\/\/www.farakostolna.sk\/index.php?rest_route=%2Fwp%2Fv2%2Fcomments&post=3105"}],"version-history":[{"count":0,"href":"https:\/\/www.farakostolna.sk\/index.php?rest_route=\/wp\/v2\/posts\/3105\/revisions"}],"wp:featuredmedia":[{"embeddable":true,"href":"https:\/\/www.farakostolna.sk\/index.php?rest_route=\/"}],"wp:attachment":[{"href":"https:\/\/www.farakostolna.sk\/index.php?rest_route=%2Fwp%2Fv2%2Fmedia&parent=3105"}],"wp:term":[{"taxonomy":"category","embeddable":true,"href":"https:\/\/www.farakostolna.sk\/index.php?rest_route=%2Fwp%2Fv2%2Fcategories&post=3105"},{"taxonomy":"post_tag","embeddable":true,"href":"https:\/\/www.farakostolna.sk\/index.php?rest_route=%2Fwp%2Fv2%2Ftags&post=3105"}],"curies":[{"name":"wp","href":"https:\/\/api.w.org\/{rel}","templated":true}]}}