{"id":3083,"date":"2016-12-03T07:56:30","date_gmt":"2016-12-03T07:56:30","guid":{"rendered":"http:\/\/kostolna.fara.sk\/?p=3083"},"modified":"2016-12-03T07:56:30","modified_gmt":"2016-12-03T07:56:30","slug":"nasu-farnost-opat-navstivil-svatymikulas","status":"publish","type":"post","link":"https:\/\/www.farakostolna.sk\/?p=3083","title":{"rendered":"Na\u0161u farnos\u0165 op\u00e4\u0165 nav\u0161t\u00edvil sv\u00e4t\u00fdMikul\u00e1\u0161"},"content":{"rendered":"<p>\t\t\t\t<i><a href=\"http:\/\/kostolna.fara.sk\/nasu-farnost-opat-navstivil-svatymikulas\/dsc09963\/\" rel=\"attachment wp-att-3084\"><img loading=\"lazy\" decoding=\"async\" class=\"size-thumbnail wp-image-3084 alignleft\" src=\"http:\/\/kostolna.fara.sk\/wp-content\/uploads\/2016\/12\/DSC09963-150x150.jpg\" alt=\"dsc09963\" width=\"150\" height=\"150\" \/><\/a>Ka\u017ed\u00fa sobotu ve\u010der o 1800 m\u00e1me v na\u0161ej farnosti sv\u00e4t\u00fa om\u0161u s platnos\u0165ou z\u00a0nasleduj\u00facej nedele, teda pre mnoh\u00fdch z\u00a0n\u00e1s, na\u0161u nede\u013en\u00fa sv\u00e4t\u00fa om\u0161u.<br \/>\n<!--more--><\/i><\/p>\n<p>Ke\u010f sme sa chystali na sv\u00e4t\u00fa om\u0161u 3. decembra, te\u0161ili sme sa o k\u00fasok viac ako po in\u00e9 soboty\u00a0\u2013 na rodinn\u00fa sv\u00e4t\u00fa om\u0161u, na ktorej n\u00e1m hraj\u00fa hudobn\u00edci, spievaj\u00fa deti a v\u0161etci sa spolo\u010dne radujeme z pr\u00edtomnosti P\u00e1na.<\/p>\n<p>Sv\u00e4t\u00e1 om\u0161a bola pln\u00e1 radosti z o\u010dak\u00e1vania Kr\u00e1\u013ea. P\u00e1n far\u00e1r n\u00e1m na nej predstavil deti, ktor\u00e9 sa s Bo\u017eou pomocou bud\u00fa tento rok pripravova\u0165 na prv\u00e9 sv\u00e4t\u00e9 prij\u00edmanie. Spolo\u010dne sme si pozreli sc\u00e9nku, ktor\u00e1 n\u00e1m v\u0161etk\u00fdm pribl\u00ed\u017eila k\u00fasok zo \u017eivota J\u00e1na Krstite\u013ea. My dospel\u00e1ci sme v\u0161ak vedeli, \u017ee detsk\u00e1 rados\u0165 sa na konci sv\u00e4tej om\u0161e e\u0161te zn\u00e1sob\u00ed. Nie, Kr\u00e1\u013e e\u0161te nepr\u00edde, na ten de\u0148 si mus\u00edme e\u0161te po\u010dka\u0165, ale pri\u0161iel jeho slu\u017eobn\u00edk, ktor\u00fd mu pripravuje cestu. Sv\u00e4t\u00fd Mikul\u00e1\u0161 roz\u017eiaril o\u010dk\u00e1 v tv\u00e1rach v\u0161etk\u00fdch det\u00ed, ke\u010f ka\u017ed\u00e9mu dal bohat\u00fd bal\u00ed\u010dek a podal si s n\u00edm ruku. Asistovali mu dvaja kr\u00e1sni anjeli, ktor\u00ed e\u0161te viac umocnili il\u00faziu z\u00e1\u017eitku na\u0161im ratolestiam.<\/p>\n<p>N\u00e1\u0161 vz\u00e1cny hos\u0165 mal prekvapenie aj pre n\u00e1s \u2013 dospel\u00e1kov. Kr\u00e1sne vysvieten\u00e1 z\u00e1hrada pred kostolom, viano\u010dn\u00e9 koledy a piesne, tepl\u00fd \u010daj a chutn\u00fd pun\u010d \u2013 toto v\u0161etko v kruhu priate\u013eov a spolufarn\u00edkov. Mikul\u00e1\u0161 sa potom odobral na nede\u013en\u00e9 stretnutie, kde ho pozvali z obce Kostoln\u00e1.<\/p>\n<p>Do na\u0161ich dom\u00e1cnost\u00ed sme si odn\u00e1\u0161ali pr\u00edjemn\u00fd a tepl\u00fd pocit a to nielen na du\u0161i&#8230; \ud83d\ude42<\/p>\n<p>A za to v\u0161etko patr\u00ed v\u010faka n\u00e1\u0161mu p\u00e1novi far\u00e1rovi a jeho snahe udr\u017ea\u0165 \u017eivot vo farnosti pestr\u00fd a bohat\u00fd. P\u00e1n Boh zapla\u0165 aj v\u0161etk\u00fdm \u0161tedr\u00fdm \u013eu\u010fom, ktor\u00ed prispeli svojou tro\u0161kou k_na\u0161ej vz\u00e1jomnej radosti.<\/p>\n<p><a href=\"https:\/\/goo.gl\/photos\/3CSxAvin6qxt8bLF6\" target=\"_blank\" rel=\"noopener noreferrer\">Foto:<\/a><\/p>\n<p><i>Eva Fran\u010dekov\u00e1,<\/i><\/p>\n<p><i>Hrub\u00fd \u0160\u00far<\/i>\t\t\t\t<\/p>\n","protected":false},"excerpt":{"rendered":"<p>Ka\u017ed\u00fa sobotu ve\u010der o 1800 m\u00e1me v na\u0161ej farnosti sv\u00e4t\u00fa om\u0161u s platnos\u0165ou z\u00a0nasleduj\u00facej nedele, teda pre mnoh\u00fdch z\u00a0n\u00e1s, na\u0161u nede\u013en\u00fa sv\u00e4t\u00fa om\u0161u.<\/p>\n","protected":false},"author":1,"featured_media":3084,"comment_status":"closed","ping_status":"closed","sticky":false,"template":"","format":"standard","meta":{"footnotes":""},"categories":[4,6],"tags":[22,24],"class_list":{"0":"entry","1":"post","2":"publish","3":"author-marian-jasenoveceltras-sk","4":"has-excerpt","5":"has-more-link","6":"post-3083","8":"format-standard","9":"has-post-thumbnail","10":"category-akcie","11":"category-aktuality-sk","12":"post_tag-akcie","13":"post_tag-aktuality"},"_links":{"self":[{"href":"https:\/\/www.farakostolna.sk\/index.php?rest_route=\/wp\/v2\/posts\/3083","targetHints":{"allow":["GET"]}}],"collection":[{"href":"https:\/\/www.farakostolna.sk\/index.php?rest_route=\/wp\/v2\/posts"}],"about":[{"href":"https:\/\/www.farakostolna.sk\/index.php?rest_route=\/wp\/v2\/types\/post"}],"author":[{"embeddable":true,"href":"https:\/\/www.farakostolna.sk\/index.php?rest_route=\/wp\/v2\/users\/1"}],"replies":[{"embeddable":true,"href":"https:\/\/www.farakostolna.sk\/index.php?rest_route=%2Fwp%2Fv2%2Fcomments&post=3083"}],"version-history":[{"count":0,"href":"https:\/\/www.farakostolna.sk\/index.php?rest_route=\/wp\/v2\/posts\/3083\/revisions"}],"wp:featuredmedia":[{"embeddable":true,"href":"https:\/\/www.farakostolna.sk\/index.php?rest_route=\/"}],"wp:attachment":[{"href":"https:\/\/www.farakostolna.sk\/index.php?rest_route=%2Fwp%2Fv2%2Fmedia&parent=3083"}],"wp:term":[{"taxonomy":"category","embeddable":true,"href":"https:\/\/www.farakostolna.sk\/index.php?rest_route=%2Fwp%2Fv2%2Fcategories&post=3083"},{"taxonomy":"post_tag","embeddable":true,"href":"https:\/\/www.farakostolna.sk\/index.php?rest_route=%2Fwp%2Fv2%2Ftags&post=3083"}],"curies":[{"name":"wp","href":"https:\/\/api.w.org\/{rel}","templated":true}]}}