{"id":3060,"date":"2016-12-02T15:26:23","date_gmt":"2016-12-02T15:26:23","guid":{"rendered":"http:\/\/kostolna.fara.sk\/?p=3060"},"modified":"2016-12-02T15:26:23","modified_gmt":"2016-12-02T15:26:23","slug":"detska-burza","status":"publish","type":"post","link":"https:\/\/www.farakostolna.sk\/?p=3060","title":{"rendered":"Detsk\u00e1 burza"},"content":{"rendered":"<p>\t\t\t\t<a href=\"http:\/\/kostolna.fara.sk\/detska-burza\/img_1044\/\" rel=\"attachment wp-att-3061\"><img loading=\"lazy\" decoding=\"async\" class=\"size-thumbnail wp-image-3061 alignleft\" src=\"http:\/\/kostolna.fara.sk\/wp-content\/uploads\/2016\/12\/IMG_1044-150x150.jpg\" alt=\"img_1044\" width=\"150\" height=\"150\" \/><\/a>V\u00a0sobotu 22. okt\u00f3bra 2016 sa priestory pastora\u010dn\u00e9ho centra v\u00a0Kostolnej pri Dunaji op\u00e4\u0165 premenili na obchodn\u00fd priestor. <!--more-->Maminy z\u00a0farnosti sa toti\u017e rozhodli op\u00e4\u0165 usporiada\u0165 burzu detsk\u00fdch vec\u00ed, hra\u010diek, top\u00e1nok, ko\u010d\u00edkov a\u00a0\u010fal\u0161\u00edch drobnost\u00ed potrebn\u00fdch pri obliekan\u00ed \u010di starostlivosti o\u00a0b\u00e1b\u00e4tk\u00e1, \u0161k\u00f4lkarov \u010di \u0161kol\u00e1kov. Pozit\u00edvom je, \u017ee ka\u017ed\u00e1 pred\u00e1vaj\u00faca mami\u010dka nie\u010do predala a\u00a0ka\u017ed\u00e1 kupuj\u00faca si so sebou nie\u010do odn\u00e1\u0161ala. Okrem k\u00fapen\u00fdch veci\u010diek to bola aj mil\u00e1 pozornos\u0165 v\u00a0podobe ozd\u00f4b do vlasov pre diev\u010dat\u00e1 a pleten\u00fdch pono\u017eiek pre v\u0161etky nezbedn\u00e9 n\u00f4\u017eky. Tieto dar\u010deky n\u00e1m iniciat\u00edvne poskytli dve mami\u010dky z\u00a0farnosti, ktor\u00fdm aj touto cestou srde\u010dne \u010fakujeme. Za poskytnutie priestorov a\u00a0na prev\u00e1dzku pastora\u010dn\u00e9ho centra sme p\u00e1nu far\u00e1rovi odovzdali 10 % z\u00a0predanej sumy ka\u017edej mami\u010dky, \u010do vynieslo spolu 22 eur.<\/p>\n<p>\u010eakujeme v\u0161etk\u00fdm, ktor\u00ed n\u00e1m ak\u00fdmko\u013evek sp\u00f4sobom pomohli pri organiz\u00e1cii, vyba\u013eovan\u00ed \u010di sprat\u00e1van\u00ed pastora\u010dn\u00e9ho centra. Ak\u00e1ko\u013evek pomoc bola nezi\u0161tn\u00e1, bez n\u00e1roku na honor\u00e1r a\u00a0to si ve\u013emi v\u00e1\u017eime.<\/p>\n<p><a href=\"https:\/\/goo.gl\/photos\/QA7cjndVdX3xdFwh8\" target=\"_blank\" rel=\"noopener noreferrer\">Fotky:<\/a><\/p>\n<p>organiz\u00e1torky\t\t\t\t<\/p>\n","protected":false},"excerpt":{"rendered":"<p>V\u00a0sobotu 22. okt\u00f3bra 2016 sa priestory pastora\u010dn\u00e9ho centra v\u00a0Kostolnej pri Dunaji op\u00e4\u0165 premenili na obchodn\u00fd priestor.<\/p>\n","protected":false},"author":1,"featured_media":3061,"comment_status":"closed","ping_status":"closed","sticky":false,"template":"","format":"standard","meta":{"footnotes":""},"categories":[4],"tags":[22],"class_list":{"0":"entry","1":"post","2":"publish","3":"author-marian-jasenoveceltras-sk","4":"has-excerpt","5":"has-more-link","6":"post-3060","8":"format-standard","9":"has-post-thumbnail","10":"category-akcie","11":"post_tag-akcie"},"_links":{"self":[{"href":"https:\/\/www.farakostolna.sk\/index.php?rest_route=\/wp\/v2\/posts\/3060","targetHints":{"allow":["GET"]}}],"collection":[{"href":"https:\/\/www.farakostolna.sk\/index.php?rest_route=\/wp\/v2\/posts"}],"about":[{"href":"https:\/\/www.farakostolna.sk\/index.php?rest_route=\/wp\/v2\/types\/post"}],"author":[{"embeddable":true,"href":"https:\/\/www.farakostolna.sk\/index.php?rest_route=\/wp\/v2\/users\/1"}],"replies":[{"embeddable":true,"href":"https:\/\/www.farakostolna.sk\/index.php?rest_route=%2Fwp%2Fv2%2Fcomments&post=3060"}],"version-history":[{"count":0,"href":"https:\/\/www.farakostolna.sk\/index.php?rest_route=\/wp\/v2\/posts\/3060\/revisions"}],"wp:featuredmedia":[{"embeddable":true,"href":"https:\/\/www.farakostolna.sk\/index.php?rest_route=\/"}],"wp:attachment":[{"href":"https:\/\/www.farakostolna.sk\/index.php?rest_route=%2Fwp%2Fv2%2Fmedia&parent=3060"}],"wp:term":[{"taxonomy":"category","embeddable":true,"href":"https:\/\/www.farakostolna.sk\/index.php?rest_route=%2Fwp%2Fv2%2Fcategories&post=3060"},{"taxonomy":"post_tag","embeddable":true,"href":"https:\/\/www.farakostolna.sk\/index.php?rest_route=%2Fwp%2Fv2%2Ftags&post=3060"}],"curies":[{"name":"wp","href":"https:\/\/api.w.org\/{rel}","templated":true}]}}