{"id":3053,"date":"2016-11-20T16:26:56","date_gmt":"2016-11-20T16:26:56","guid":{"rendered":"http:\/\/kostolna.fara.sk\/?p=3053"},"modified":"2016-11-20T16:26:56","modified_gmt":"2016-11-20T16:26:56","slug":"nagyszombati-zarandoklat","status":"publish","type":"post","link":"https:\/\/www.farakostolna.sk\/?p=3053","title":{"rendered":"Nagyszombati zar\u00e1ndoklat"},"content":{"rendered":"<p>\t\t\t\t<a href=\"http:\/\/kostolna.fara.sk\/nagyszombati-zarandoklat\/p029\/\" rel=\"attachment wp-att-3054\"><img loading=\"lazy\" decoding=\"async\" class=\"size-thumbnail wp-image-3054 alignleft\" src=\"http:\/\/kostolna.fara.sk\/wp-content\/uploads\/2016\/11\/P029-150x150.jpg\" alt=\"p029\" width=\"150\" height=\"150\" \/><\/a>\u0150exc.Dr.Udvardi Gy\u00f6rgy, p\u00e9csi megy\u00e9sp\u00fcsp\u00f6k szombaton a K\u00f6nnyez\u0151 Sz\u0171zanya <!--more-->tisztelet\u00e9re tartott Imakilenced keret\u00e9ben szentmis\u00e9t celebr\u00e1lt a nagyszombati Szent Mikl\u00f3s sz\u00e9kesegyh\u00e1zban. Az \u00fcnnepi szentmise sz\u00e9ps\u00e9g\u00e9t emelte a kom\u00e1romi Schola Mariana k\u00f3rus \u00e9neke \u00e9s Nagy Istv\u00e1n, k\u00e1ntor orgona j\u00e1t\u00e9ka. A magyarok lakta r\u00e9gi\u00f3kb\u00f3l \u00e9rkezett t\u00f6bb sz\u00e1z h\u00edv\u0151 jelenl\u00e9t\u00e9ben volt az Erzs\u00e9bet d\u00edj \u00e1tad\u00e1sa is.<\/p>\n<p>&nbsp;<\/p>\n<p><a href=\"https:\/\/goo.gl\/photos\/pYJtvNSqcwh8nGLq8\" target=\"_blank\" rel=\"noopener noreferrer\">Foto:<\/a><\/p>\n<p>DR\t\t\t\t<\/p>\n","protected":false},"excerpt":{"rendered":"<p>\u0150exc.Dr.Udvardi Gy\u00f6rgy, p\u00e9csi megy\u00e9sp\u00fcsp\u00f6k szombaton a K\u00f6nnyez\u0151 Sz\u0171zanya<\/p>\n","protected":false},"author":1,"featured_media":3054,"comment_status":"closed","ping_status":"closed","sticky":false,"template":"","format":"standard","meta":{"footnotes":""},"categories":[6],"tags":[24],"class_list":{"0":"entry","1":"post","2":"publish","3":"author-marian-jasenoveceltras-sk","4":"has-excerpt","5":"has-more-link","6":"post-3053","8":"format-standard","9":"has-post-thumbnail","10":"category-aktuality-sk","11":"post_tag-aktuality"},"_links":{"self":[{"href":"https:\/\/www.farakostolna.sk\/index.php?rest_route=\/wp\/v2\/posts\/3053","targetHints":{"allow":["GET"]}}],"collection":[{"href":"https:\/\/www.farakostolna.sk\/index.php?rest_route=\/wp\/v2\/posts"}],"about":[{"href":"https:\/\/www.farakostolna.sk\/index.php?rest_route=\/wp\/v2\/types\/post"}],"author":[{"embeddable":true,"href":"https:\/\/www.farakostolna.sk\/index.php?rest_route=\/wp\/v2\/users\/1"}],"replies":[{"embeddable":true,"href":"https:\/\/www.farakostolna.sk\/index.php?rest_route=%2Fwp%2Fv2%2Fcomments&post=3053"}],"version-history":[{"count":0,"href":"https:\/\/www.farakostolna.sk\/index.php?rest_route=\/wp\/v2\/posts\/3053\/revisions"}],"wp:featuredmedia":[{"embeddable":true,"href":"https:\/\/www.farakostolna.sk\/index.php?rest_route=\/"}],"wp:attachment":[{"href":"https:\/\/www.farakostolna.sk\/index.php?rest_route=%2Fwp%2Fv2%2Fmedia&parent=3053"}],"wp:term":[{"taxonomy":"category","embeddable":true,"href":"https:\/\/www.farakostolna.sk\/index.php?rest_route=%2Fwp%2Fv2%2Fcategories&post=3053"},{"taxonomy":"post_tag","embeddable":true,"href":"https:\/\/www.farakostolna.sk\/index.php?rest_route=%2Fwp%2Fv2%2Ftags&post=3053"}],"curies":[{"name":"wp","href":"https:\/\/api.w.org\/{rel}","templated":true}]}}