{"id":3021,"date":"2016-10-19T10:09:43","date_gmt":"2016-10-19T10:09:43","guid":{"rendered":"http:\/\/kostolna.fara.sk\/?p=3021"},"modified":"2016-10-19T10:09:43","modified_gmt":"2016-10-19T10:09:43","slug":"hodova-slavnost-2016","status":"publish","type":"post","link":"https:\/\/www.farakostolna.sk\/?p=3021","title":{"rendered":"Hodov\u00e1 sl\u00e1vnos\u0165 2016"},"content":{"rendered":"<p>\t\t\t\t<a href=\"http:\/\/kostolna.fara.sk\/hodova-slavnost-2016\/hody-kpd-2016_-17\/\" rel=\"attachment wp-att-3022\"><img loading=\"lazy\" decoding=\"async\" class=\"size-thumbnail wp-image-3022 alignleft\" src=\"http:\/\/kostolna.fara.sk\/wp-content\/uploads\/2016\/10\/Hody-KpD-2016_-17-150x150.jpg\" alt=\"hody-kpd-2016_-17\" width=\"150\" height=\"150\" \/><\/a>N\u00e1\u0161 farsk\u00fd kostol sa honos\u00ed patroc\u00edniom k Ru\u017eencovej Panne M\u00e1rii. 2. okt\u00f3bra sme spolo\u010dne osl\u00e1vili toto zasv\u00e4tenie, ktor\u00e9 n\u00e1m je u\u017e pripom\u00ednan\u00e9 zo v\u0161etk\u00fdch str\u00e1n, ke\u010f\u017ee s\u00fa u\u017e vymenen\u00e9 v\u0161etky ve\u013ek\u00e9 okn\u00e1, na ktor\u00fdch s\u00fa v\u00fdjavy z tajomstiev ru\u017eenca.\u00a0<!--more--><\/p>\n<p>To, \u017ee veriaci si ve\u013emi ctia tento sviatok na\u0161ej farnosti, pri ktorom m\u00f4\u017eeme za splnenia stanoven\u00fdch podmienok z\u00edska\u0165 plnomocn\u00e9 odpustky, prejavili aj pr\u00edpravou darov na sv\u00e4t\u00fa om\u0161u. Nech\u00fdbali r\u00f4zne plody zo z\u00e1hrad miestnych farn\u00edkov, ktor\u00fdmi s\u00fa\u010dasne vyjadrili aj v\u010faku za tohtoro\u010dn\u00fa \u00farodu. Mil\u00fdm hos\u0165om a hlavn\u00fdm celebrantom bol rodn\u00fd brat \u2013 n\u00e1m u\u017e zn\u00e1meho k\u0148aza Mareka \u2013 otec J\u00e1n Sit\u00e1r. V\u0161etk\u00fdch, vr\u00e1tane det\u00ed, povzbudil v hom\u00edlii k modlitbe posv\u00e4tn\u00e9ho ru\u017eenca. Uk\u00e1zal n\u00e1m, \u017ee to nie je iba modlitba d\u00e1vnych \u010dias, skrze ktor\u00fa bolo zachr\u00e1nen\u00e9 nejedno mesto, \u010di cel\u00fd n\u00e1rod pred skazou. Je to modlitba st\u00e1le aktu\u00e1lna a kontemplat\u00edvna, pri ktorej m\u00f4\u017eeme nadobudn\u00fa\u0165 pokoj prameniaci z Bo\u017eej pr\u00edtomnosti. Je to modlitba pre cel\u00fa rodinu, ktor\u00e1 si \u0148ou m\u00f4\u017ee vyprosi\u0165 mnoh\u00e9 milosti, nevyn\u00edmaj\u00fac uzdravenie du\u0161e, \u010di tela. Je to modlitba uva\u017eovania nad udalos\u0165ami zo \u017eivota Je\u017ei\u0161a Krista, pri ktorej k nemu m\u00e1me smerova\u0165.<\/p>\n<p>Po duchovnom povzbuden\u00ed sme boli na\u0161im p\u00e1nom far\u00e1rom Pavlom Gajdo\u0161om u\u017e tradi\u010dne pozvan\u00ed na vynikaj\u00faci grinavsk\u00fd mu\u0161t a bur\u010diak. Na povzbudenie n\u00e1m miestny podnikate\u013e sponzorsky pod\u00e1val svoju k\u00e1vu \u010cierna Perla. Deti si mohli pochuti\u0165 na farskej cukrovej vate. Okrem sladkost\u00ed deti dostali l\u00edstok na koloto\u010de, ktor\u00e9 boli priamo na farskom dvore.<\/p>\n<p>Op\u00e4\u0165 sme spolo\u010dne za\u017eili spolo\u010denstvo, ktor\u00e9ho jadrom je duchovn\u00fd \u017eivot a vonkaj\u0161ou oslavou a dozvukom je agap\u00e9. Ver\u00edm, \u017ee aj toto n\u00e1s op\u00e4\u0165 pribl\u00ed\u017eilo nielen k Bohu, ale aj k sebe navz\u00e1jom.<\/p>\n<p><a href=\"https:\/\/goo.gl\/photos\/ggapYE4xTZma5p3t8\" target=\"_blank\" rel=\"noopener noreferrer\">Fotky<\/a><\/p>\n<p>M\u0160\t\t\t\t<\/p>\n","protected":false},"excerpt":{"rendered":"<p>N\u00e1\u0161 farsk\u00fd kostol sa honos\u00ed patroc\u00edniom k Ru\u017eencovej Panne M\u00e1rii. 2. okt\u00f3bra sme spolo\u010dne osl\u00e1vili toto zasv\u00e4tenie, ktor\u00e9 n\u00e1m je u\u017e pripom\u00ednan\u00e9 zo v\u0161etk\u00fdch str\u00e1n, ke\u010f\u017ee s\u00fa u\u017e vymenen\u00e9 v\u0161etky ve\u013ek\u00e9 okn\u00e1, na ktor\u00fdch s\u00fa v\u00fdjavy z tajomstiev ru\u017eenca.\u00a0<\/p>\n","protected":false},"author":1,"featured_media":3022,"comment_status":"closed","ping_status":"closed","sticky":false,"template":"","format":"standard","meta":{"footnotes":""},"categories":[6],"tags":[24],"class_list":{"0":"entry","1":"post","2":"publish","3":"author-marian-jasenoveceltras-sk","4":"has-excerpt","5":"has-more-link","6":"post-3021","8":"format-standard","9":"has-post-thumbnail","10":"category-aktuality-sk","11":"post_tag-aktuality"},"_links":{"self":[{"href":"https:\/\/www.farakostolna.sk\/index.php?rest_route=\/wp\/v2\/posts\/3021","targetHints":{"allow":["GET"]}}],"collection":[{"href":"https:\/\/www.farakostolna.sk\/index.php?rest_route=\/wp\/v2\/posts"}],"about":[{"href":"https:\/\/www.farakostolna.sk\/index.php?rest_route=\/wp\/v2\/types\/post"}],"author":[{"embeddable":true,"href":"https:\/\/www.farakostolna.sk\/index.php?rest_route=\/wp\/v2\/users\/1"}],"replies":[{"embeddable":true,"href":"https:\/\/www.farakostolna.sk\/index.php?rest_route=%2Fwp%2Fv2%2Fcomments&post=3021"}],"version-history":[{"count":0,"href":"https:\/\/www.farakostolna.sk\/index.php?rest_route=\/wp\/v2\/posts\/3021\/revisions"}],"wp:featuredmedia":[{"embeddable":true,"href":"https:\/\/www.farakostolna.sk\/index.php?rest_route=\/"}],"wp:attachment":[{"href":"https:\/\/www.farakostolna.sk\/index.php?rest_route=%2Fwp%2Fv2%2Fmedia&parent=3021"}],"wp:term":[{"taxonomy":"category","embeddable":true,"href":"https:\/\/www.farakostolna.sk\/index.php?rest_route=%2Fwp%2Fv2%2Fcategories&post=3021"},{"taxonomy":"post_tag","embeddable":true,"href":"https:\/\/www.farakostolna.sk\/index.php?rest_route=%2Fwp%2Fv2%2Ftags&post=3021"}],"curies":[{"name":"wp","href":"https:\/\/api.w.org\/{rel}","templated":true}]}}