{"id":3011,"date":"2016-09-28T07:44:30","date_gmt":"2016-09-28T07:44:30","guid":{"rendered":"http:\/\/kostolna.fara.sk\/?p=3011"},"modified":"2016-09-28T07:44:30","modified_gmt":"2016-09-28T07:44:30","slug":"povzbudenia-z-modlitboveho-trojdnia","status":"publish","type":"post","link":"https:\/\/www.farakostolna.sk\/?p=3011","title":{"rendered":"Povzbudenia z modlitbov\u00e9ho trojdnia"},"content":{"rendered":"<p>\t\t\t\t<strong><a href=\"http:\/\/kostolna.fara.sk\/povzbudenia-z-modlitboveho-trojdnia\/p1090273\/\" rel=\"attachment wp-att-3012\"><img loading=\"lazy\" decoding=\"async\" class=\"size-thumbnail wp-image-3012 alignleft\" src=\"http:\/\/kostolna.fara.sk\/wp-content\/uploads\/2016\/09\/P1090273-150x150.jpg\" alt=\"p1090273\" width=\"150\" height=\"150\" \/><\/a><\/strong>Stalo sa u\u017e dobr\u00fdm zvykom aj v\u00a0na\u0161ej farnosti, \u017ee mamy, ktor\u00e9 sa u\u017e vo viacer\u00fdch skupink\u00e1ch v\u00a0ka\u017edej fili\u00e1lke na\u0161ej farnosti stret\u00e1vaj\u00fa na modlitb\u00e1ch matiek, sa zapoja ka\u017ed\u00e9ho \u0161tr\u0165roka do modlitbov\u00e9ho trojdnia. <!--more-->To sa kon\u00e1 na celom svete a\u00a0nielen mamy sa modlia po\u010das t\u00fdchto stretnut\u00ed za odprosenie svojich hriechov, za t\u00fdch, ktor\u00ed ubl\u00ed\u017eili n\u00e1m a\u00a0na\u0161im de\u0165om, \u010fakuj\u00fa a\u00a0chv\u00e1lia za v\u0161etky milosti, ktor\u00fdmi n\u00e1s Boh v\u00a0na\u0161ich \u017eivotoch obdaroval. Pon\u00fakame v\u00e1m povzbudenia v\u00a0podobe zamyslen\u00ed, s ktor\u00fdmi sme predstupovali pred Sviatos\u0165 olt\u00e1rnu po\u010das trojdnia 23. &#8211; 25. septembra 2016.<\/p>\n<p><strong>Piatok &#8211; List Efezanom 2, 4 &#8211; 10<\/strong><\/p>\n<p style=\"padding-left: 30px;\"><em>Ale Boh, bohat\u00fd na milosrdenstvo, pre svoju nesmiernu l\u00e1sku, ktorou n\u00e1s miluje, hoci sme boli pre hriechy m\u0155tvi, o\u017eivil n\u00e1s s Kristom &#8211; milos\u0165ou ste spasen\u00ed &#8211; a s n\u00edm n\u00e1s vzkriesil a daroval n\u00e1m miesto v nebi v Kristovi Je\u017ei\u0161ovi, aby uk\u00e1zal v bud\u00facich vekoch nesmierne bohatstvo svojej milosti dobrotou vo\u010di n\u00e1m v Kristovi Je\u017ei\u0161ovi. Lebo spasen\u00ed ste milos\u0165ou skrze vieru; a to nie je z v\u00e1s, je to Bo\u017e\u00ed dar: nie zo skutkov, aby sa nik nevystatoval. Ve\u010f sme jeho dielo, stvoren\u00ed v Kristovi Je\u017ei\u0161ovi pre dobr\u00e9 skutky, ktor\u00e9 pripravil Boh, aby sme ich konali.\u00a0<\/em><\/p>\n<p style=\"padding-left: 30px;\">Po\u010duli sme pr\u00e1ve ve\u013ek\u00e9 povzbudenie.\u00a0V\u010faka Je\u017ei\u0161ovi m\u00e1me miesto v nebi a to zadarmo. Spasen\u00ed sme milos\u0165ou skrze vieru a to nie je z n\u00e1s, e\u0161te aj to, \u017ee ver\u00edme, je Bo\u017e\u00ed dar. T\u00fa\u017eme by\u0165 bl\u00edzko n\u00e1\u0161ho P\u00e1na, lebo bez neho nem\u00f4\u017eeme ni\u010d urobi\u0165. Potom budeme skuto\u010dne \u0161\u0165astn\u00ed.<\/p>\n<p style=\"padding-left: 30px;\">Nie sme spasen\u00ed zo skutkov, aby sa nik nevystatoval. Ve\u010f sme Jeho dielo. A e\u0161te aj dobr\u00e9 skutky, \u010do kon\u00e1me, pripravil On, aby sme ich konali. Napriek tomu, \u017ee je Boh ve\u013ek\u00fd, s nami po\u010d\u00edta.<\/p>\n<p style=\"padding-left: 30px;\">Nebesk\u00fd Otec, \u010fakujeme ti. Drah\u00fd Je\u017ei\u0161u, chv\u00e1lime \u0165a, \u017ee si za n\u00e1s obetoval svoj \u017eivot a dal n\u00e1m to\u013ek\u00fa n\u00e1dej. Odpus\u0165 n\u00e1m, \u017ee sme tak\u00ed \u013eahostajn\u00ed. Bu\u010f s nami, daj n\u00e1m vern\u00e9, vytrval\u00e9 a horliv\u00e9 srdce, aby sme \u0165a vedeli nasledova\u0165 a plnili Bo\u017eiu v\u00f4\u013eu a mohli sa raz s tebou te\u0161i\u0165 v nebi, kde si pre n\u00e1s pripravil miesto.<\/p>\n<p>&nbsp;<\/p>\n<p><strong>Sobota &#8211; Jakubov list 2, 12 &#8211; 13<\/strong><\/p>\n<p style=\"padding-left: 30px;\"><em>Hovorte a konajte ako t\u00ed, \u010do maj\u00fa by\u0165 s\u00faden\u00ed pod\u013ea z\u00e1kona slobody! S\u00fad bez milosrdenstva \u010dak\u00e1 toti\u017e toho, kto nepreuk\u00e1zal milosrdenstvo. Ale milosrdenstvo sa vyvy\u0161uje nad s\u00fadom.<\/em><\/p>\n<p>&nbsp;<\/p>\n<p style=\"padding-left: 30px;\">Dnes je de\u0148 milosrdenstva. Povedz si to ka\u017ed\u00fd de\u0148 a bude\u0161 milosrdn\u00fd\/\u00e1. Sna\u017e sa o milosrdenstvo a vyhne\u0161 sa spravodliv\u00e9mu s\u00fadu. Aj ke\u010f je niekedy \u0165a\u017ek\u00e9 nes\u00fadi\u0165, nehneva\u0165 sa a by\u0165 n\u00e1hliv\u00fd v odp\u00fa\u0161\u0165an\u00ed, predsa je d\u00f4le\u017eit\u00fd postoj tvojho srdca. Najlep\u0161ia cesta je rozhodn\u00fa\u0165 sa pre odpustenie a pokoj s bl\u00ed\u017enym. Aj s nepriate\u013eom. To nie je o otroctve necha\u0165 sa zra\u0148ova\u0165, utl\u00e1\u010da\u0165 \u010di poni\u017eova\u0165. Milosrdenstvo je o osloboden\u00ed sa od nen\u00e1visti, zloby, pomstychtivosti a seba\u013e\u00fatosti, ktor\u00e9 n\u00e1s pr\u00e1ve\u017ee ved\u00fa k \u0165a\u017ek\u00fdm okov\u00e1m hriechu. Dnes m\u00f4\u017eeme odpusti\u0165 a zabudn\u00fa\u0165. Tak, ako t\u00fa\u017eime, aby Boh zabudol na na\u0161e celo\u017eivotn\u00e9 hriechy a nepr\u00e1vosti, ktor\u00e9 chtiac \u010di nechtiac stihneme po\u010das \u017eivota nap\u00e1cha\u0165. Odmenou milosrdenstva \u010dloveka k \u010doveku a ku v\u0161etk\u00e9mu stvorenstvu je \u010dist\u00e9 srdce, ktor\u00e9 uvid\u00ed Boha. Odmenou je pokoj v du\u0161i, z ktorej pramen\u00ed \u0161\u0165astn\u00ed \u017eivot. Ko\u013eko \u013eud\u00ed \u0165a u\u017e zranilo, nahnevalo, ko\u013ek\u00ed ti ubli\u017euj\u00fa aj dnes? To vie\u0161 len ty a tvoj Boh. Svet \u00fato\u010d\u00ed a my sa pr\u00e1vom c\u00edtime ohrozene. Ale my nemus\u00edme \u00fato\u010di\u0165, br\u00e1ni\u0165 sa, ubli\u017eova\u0165 in\u00fdm! Ak je Boh s nami, kto je proti n\u00e1m? Znepokojuj sa len do chv\u00edle, k\u00fdm sa neporozpr\u00e1va\u0161 s P\u00e1nom milosrdenstva, s Je\u017ei\u0161om. On povedal sv\u00e4tej Faust\u00edne, \u017ee prich\u00e1dza najprv ako milosrdn\u00fd a potom ako spravodliv\u00fd sudca. On chce a rob\u00ed tak, \u017ee odp\u00fa\u0161\u0165a t\u00fdm, ktor\u00ed mu d\u00f4veruj\u00fa, v\u0161etko. Aj t\u00fdm najzarytej\u0161\u00edm hrie\u0161nikom. Majme teda tento Je\u017ei\u0161ov postoj vo\u010di na\u0161im bl\u00ed\u017enym, priate\u013eom, susedom, k\u0148azom&#8230;, ale aj vo\u010di nepriate\u013eom. Majme d\u00f4veru. Boh si n\u00e1s v\u0161etk\u00fdch ochr\u00e1ni, aj na\u0161e deti. Bu\u010fme milosrdn\u00ed a Boh n\u00e1s milosrdenstvom priv\u00edta v nebi. U\u017e dnes!<\/p>\n<p>&nbsp;<\/p>\n<p><strong>Nede\u013ea 1 Petrov list 1, 13 &#8211; 16<\/strong><\/p>\n<p style=\"padding-left: 30px;\"><em>Preto si prep\u00e1\u0161te bedr\u00e1 mysle, bu\u010fte triezvi a cel\u00fa svoju n\u00e1dej uprite na milos\u0165, ktor\u00fa dostanete, ke\u010f sa zjav\u00ed Je\u017ei\u0161 Kristus.\u00a0Ako poslu\u0161n\u00e9 deti neprisp\u00f4sobujte sa tak\u00fdm \u017eiadostiam, ako ke\u010f ste boli v nevedomosti,\u00a0ale ako sv\u00e4t\u00fd je ten, ktor\u00fd v\u00e1s povolal, bu\u010fte aj vy sv\u00e4t\u00ed vo v\u0161etkom svojom po\u010d\u00ednan\u00ed;\u00a0ve\u010f je nap\u00edsan\u00e9: \u201eBu\u010fte sv\u00e4t\u00ed, lebo ja som sv\u00e4t\u00fd.\u201c<\/em><\/p>\n<p><strong>\u00a0<\/strong><\/p>\n<p style=\"padding-left: 30px;\">Pane, \u010fakujeme Ti za tieto povzbudiv\u00e9 slov\u00e1. S\u00fa ako balzam na na\u0161e ubolen\u00e9 du\u0161e, ako poh\u00e1r vody, ktor\u00fd osvie\u017euje v\u00a0hor\u00fa\u010dave \u010di pokojn\u00fd sp\u00e1nok po nam\u00e1havom dni. S\u00fa to slov\u00e1 pln\u00e9 n\u00e1deje; slov\u00e1, ktor\u00e9 nedovo\u013euj\u00fa pochybova\u0165. Chceme by\u0165 sv\u00e4t\u00ed? Tak bu\u010fme. Vo v\u0161etkom svojom po\u010d\u00ednan\u00ed. V\u00a0mali\u010dkostiach be\u017en\u00e9ho d\u0148a. Pri vymie\u0148an\u00ed plienok aj rie\u0161en\u00ed n\u00e1ro\u010dn\u00fdch pracovn\u00fdch \u00faloh. Rovnako tak vtedy, ke\u010f ide v\u0161etko hladko, ale aj vtedy, ke\u010f sa n\u00e1\u0161 \u017eivot nevyv\u00edja tak, ako sme si napl\u00e1novali.<\/p>\n<p style=\"padding-left: 30px;\"><a href=\"https:\/\/goo.gl\/photos\/hQUEDSUk6n2HkfHZ9\" target=\"_blank\" rel=\"noopener noreferrer\">Fotky<\/a><\/p>\n<p style=\"text-align: right;\">mamy z MM<\/p>\n<p><strong>\u00a0<\/strong>\t\t\t\t<\/p>\n","protected":false},"excerpt":{"rendered":"<p>Stalo sa u\u017e dobr\u00fdm zvykom aj v\u00a0na\u0161ej farnosti, \u017ee mamy, ktor\u00e9 sa u\u017e vo viacer\u00fdch skupink\u00e1ch v\u00a0ka\u017edej fili\u00e1lke na\u0161ej farnosti stret\u00e1vaj\u00fa na modlitb\u00e1ch matiek, sa zapoja ka\u017ed\u00e9ho \u0161tr\u0165roka do modlitbov\u00e9ho trojdnia.<\/p>\n","protected":false},"author":1,"featured_media":3012,"comment_status":"closed","ping_status":"closed","sticky":false,"template":"","format":"standard","meta":{"footnotes":""},"categories":[6],"tags":[24],"class_list":{"0":"entry","1":"post","2":"publish","3":"author-marian-jasenoveceltras-sk","4":"has-excerpt","5":"has-more-link","6":"post-3011","8":"format-standard","9":"has-post-thumbnail","10":"category-aktuality-sk","11":"post_tag-aktuality"},"_links":{"self":[{"href":"https:\/\/www.farakostolna.sk\/index.php?rest_route=\/wp\/v2\/posts\/3011","targetHints":{"allow":["GET"]}}],"collection":[{"href":"https:\/\/www.farakostolna.sk\/index.php?rest_route=\/wp\/v2\/posts"}],"about":[{"href":"https:\/\/www.farakostolna.sk\/index.php?rest_route=\/wp\/v2\/types\/post"}],"author":[{"embeddable":true,"href":"https:\/\/www.farakostolna.sk\/index.php?rest_route=\/wp\/v2\/users\/1"}],"replies":[{"embeddable":true,"href":"https:\/\/www.farakostolna.sk\/index.php?rest_route=%2Fwp%2Fv2%2Fcomments&post=3011"}],"version-history":[{"count":0,"href":"https:\/\/www.farakostolna.sk\/index.php?rest_route=\/wp\/v2\/posts\/3011\/revisions"}],"wp:featuredmedia":[{"embeddable":true,"href":"https:\/\/www.farakostolna.sk\/index.php?rest_route=\/"}],"wp:attachment":[{"href":"https:\/\/www.farakostolna.sk\/index.php?rest_route=%2Fwp%2Fv2%2Fmedia&parent=3011"}],"wp:term":[{"taxonomy":"category","embeddable":true,"href":"https:\/\/www.farakostolna.sk\/index.php?rest_route=%2Fwp%2Fv2%2Fcategories&post=3011"},{"taxonomy":"post_tag","embeddable":true,"href":"https:\/\/www.farakostolna.sk\/index.php?rest_route=%2Fwp%2Fv2%2Ftags&post=3011"}],"curies":[{"name":"wp","href":"https:\/\/api.w.org\/{rel}","templated":true}]}}