{"id":3001,"date":"2016-09-24T19:43:57","date_gmt":"2016-09-24T19:43:57","guid":{"rendered":"http:\/\/kostolna.fara.sk\/?p=3001"},"modified":"2016-09-24T19:43:57","modified_gmt":"2016-09-24T19:43:57","slug":"nasa-put-do-polska-zarandoklat-lengyelorszagba","status":"publish","type":"post","link":"https:\/\/www.farakostolna.sk\/?p=3001","title":{"rendered":"Na\u0161a p\u00fa\u0165 do Po\u013eska \/ Zar\u00e1ndoklat Lengyelorsz\u00e1gba"},"content":{"rendered":"<p>\t\t\t\t<a href=\"http:\/\/kostolna.fara.sk\/nasa-put-do-polska-zarandoklat-lengyelorszagba\/img_20160920_164005\/\" rel=\"attachment wp-att-3002\"><img loading=\"lazy\" decoding=\"async\" class=\"size-thumbnail wp-image-3002 alignleft\" src=\"http:\/\/kostolna.fara.sk\/wp-content\/uploads\/2016\/09\/IMG_20160920_164005-150x150.jpg\" alt=\"img_20160920_164005\" width=\"150\" height=\"150\" \/><\/a><\/p>\n<p>Pane Je\u017ei\u0161u, \u010fakujeme Ti za v\u0161etky milosti a dary, ktor\u00e9 n\u00e1m d\u00e1va\u0161. V d\u0148och 19. &#8211; 21. septembra na n\u00e1s padalo spolu s da\u017e\u010fom po\u017eehnanie. Bol to n\u00e1dhern\u00fd \u010das p\u00fate Wadovice-Kalv\u00e1ria Zebrzydowska-Krakov-\u010censtochov\u00e1.\u00a0<!--more--><\/p>\n<p>Na\u0161ou prvou zast\u00e1vkou po no\u010dnej jazde autobusom boli Wadovice, rodisko n\u00e1\u0161ho p\u00e1pe\u017ea, sv\u00e4t\u00e9ho J\u00e1na Pavla II. Po sv\u00e4tej om\u0161i sme sa presunuli do centra, kde st\u00e1l rodn\u00fd dom Karola Wojtylu a dnes je to M\u00fazeum sv. J\u00e1na Pavla II. Tu n\u00e1m bol bli\u017e\u0161ie zobrazen\u00fd cel\u00fd jeho \u017eivot od narodenia\u00a0r.1920, a\u017e po smr\u0165 r. 2005. Na n\u00e1mest\u00ed stoj\u00ed Bazilika minor, v ktorej bol pokrsten\u00fd a mini\u0161troval. Ne\u010faleko stoj\u00ed e\u0161te budova do ktorej chodil do \u0161koly. Pln\u00ed dojmov a podaktor\u00ed posilnen\u00ed \u201ep\u00e1pe\u017esk\u00fdmi kr\u00e9me\u0161mi\u201c sme putovali \u010falej. Cie\u013eom bola Kalv\u00e1ria Zebrzydowska, prez\u00fdvan\u00e1 aj po\u013esk\u00fd Jeruzalem, ktor\u00e9ho za\u010diatky siahaj\u00fa do r. 1600, ke\u010f vojvoda \u00a0Mikul\u00e1\u0161 Zebrzydowski dal postavi\u0165 kostol\u00edk Ukri\u017eovan\u00e9ho Je\u017ei\u0161a Krista a pod\u013ea vzoru Jeruzalemskej kalv\u00e1rie prib\u00fadali \u010fal\u0161ie objekty, rozmiestnen\u00e9 na ne\u010falekom kopci v d\u013a\u017eke\u00a07 km. Spolu ich je 41. Pre nepriaze\u0148 po\u010dasia sme v\u0161ak videli iba maketu. Na dvore kostola sme sa pomodlili pobo\u017enos\u0165 kr\u00ed\u017eovej cesty. Hlbok\u00fd duchovn\u00fd z\u00e1\u017eitok bol obohaten\u00fd kr\u00e1snym spevom a hrou na gitare otca Pavla. Ve\u010der sme mali mo\u017enos\u0165 vidie\u0165 zastieranie obrazu Matky Bo\u017eej Kalv\u00e1rskej. Toto p\u00fatnick\u00e9 miesto nav\u0161tevoval od svojej mladosti sv. J\u00e1n Pavol II., ktor\u00fd daroval tomuto miestu ako dar zlat\u00fa ru\u017eu, ktor\u00e1 sa nach\u00e1dza pri obraze Matky Bo\u017eej. Ako p\u00e1pe\u017e, nav\u0161t\u00edvil toto miesto 4-kr\u00e1t.Cel\u00fd are\u00e1l spravuje od r. 1602 reho\u013ea Otcov Bernard\u00ednov, ktor\u00ed n\u00e1s ubytovali. V celom objekte d\u00fdchalo ticho a pokoj. Du\u0161a pookriala&#8230;<\/p>\n<p>R\u00e1no &#8211; smer Krakov, kol\u00edsky Bo\u017eieho milosrdenstva. Po prezret\u00ed historick\u00e9ho pal\u00e1ca Wawel sme pobudli na hlavnom n\u00e1mestie a na\u0161a cesta viedla do Lagiewikov. V Bazilike Bo\u017eieho Milosrdenstva je Slovensk\u00e1 kaplnka Sedembolestnej Panny M\u00e1rie, tu sme mali sv\u00e4t\u00fa om\u0161u. V kl\u00e1\u0161tore sestry Faust\u00edny sme sa spolo\u010dne pomodlili Korunku Bo\u017eieho milosrdenstva. V novopostavenom kostole sme obdivovali kr\u00e1sne ma\u013eby zlatom a mno\u017estvo kaplniek. Spolu so slne\u010dn\u00fdmi l\u00fa\u010dmi sme v\u0161ade c\u00edtili aj l\u00fa\u010de Bo\u017eieho milosrdenstva, ktor\u00e9 pramenia z Je\u017ei\u0161ovho srdca.<\/p>\n<p>A znovu presun. Tento kr\u00e1t do \u010censtochovej, kde som sa te\u0161ila najviac, preto\u017ee som tu e\u0161te nebola. Dejiny mesta s\u00fa spojen\u00e9 s kl\u00e1\u0161torom \u00a0na Jasnej Hore, kde je obraz Panny M\u00e1rie, ktor\u00e9ho odkr\u00fdvania sme sa z\u00fa\u010dastnili na rannej sv\u00e4tej om\u0161i. Obraz predstavuje Matku Bo\u017eiu s Je\u017ei\u0161om v n\u00e1ru\u010d\u00ed, na tv\u00e1ri ma jazvu, ktor\u00fa jej sp\u00f4sobili husiti, ke\u010f rabovali kl\u00e1\u0161tor. V komplexe kl\u00e1\u0161tora je klenotnica Jasnej Hory a m\u00fazeum. V kaplnke Ru\u017eencovej Panny M\u00e1rie sme mali sv\u00e4t\u00fa om\u0161u. Kr\u00e1tka prest\u00e1vka a koniec putovania&#8230; ide sa domov.<\/p>\n<p>V\u010faka Pane, e\u0161te raz a tis\u00edckr\u00e1t v\u010faka za tie dni milosti a kr\u00e1sne chv\u00edle, kde pookriala du\u0161a. V\u010faka duchovn\u00e9mu otcovi Pavlovi za sv\u00e4t\u00e9 om\u0161e pln\u00e9 radosti a l\u00e1sky, za prij\u00edmanie tela a krvi P\u00e1na Je\u017ei\u0161a, za jeho kr\u00e1sny spev a hru na gitare, za dobr\u00fa n\u00e1ladu, ktor\u00e1 sa preniesla na v\u0161etk\u00fdch n\u00e1s. V\u010faka Pane za sprievodky\u0148u, jej vynikaj\u00face znalosti, okorenen\u00e9 \u017eartovn\u00fdmi pr\u00edhodami, n\u00e1m roz\u0161\u00edrili obzor poznania. V\u010faka Pane, za vodi\u010da autobusu, ktor\u00fd svoj\u00edm pokojn\u00fdm a pozorn\u00fdm pr\u00edstupom k n\u00e1m, prejavoval prav\u00fa kres\u0165ansk\u00fa l\u00e1sku a pomoc.<br \/>\nV\u010faka Pane, za pln\u00fd autobus dobr\u00fdch \u013eud\u00ed, ktor\u00ed sa za t\u00fdch p\u00e1r stali mojou rodinou. Pane, pros\u00edm, po\u017eehn\u00e1vaj ich v\u0161etk\u00fdch. Sme nav\u017edy v l\u00e1ske a modlitbe spojen\u00ed a z\u00eddeme sa zas. Ver\u00edm tomu. A ak nie na tejto zemi, tak vo ve\u010dnosti n\u00e1\u0161ho Milosrdn\u00e9ho P\u00e1na Je\u017ei\u0161a.<br \/>\nAnna Rapu\u0161\u00e1kov\u00e1<\/p>\n<p><a href=\"https:\/\/goo.gl\/photos\/2gsmxTz7cKBTrEPB8\" target=\"_blank\" rel=\"noopener noreferrer\">Fotky\/K\u00e9pek<\/a><\/p>\n<p>Na\u0161a p\u00fa\u0165 do Po\u013eska.<\/p>\n<p>Riaden\u00edm Ducha Sv\u00e4t\u00e9ho som si na internete v\u0161imla ponuku na p\u00fatnick\u00fd z\u00e1jazd do Po\u013eska. Hne\u010f ma zaujala, dohodla som sa s\u00a0kamar\u00e1tkou a\u00a0u\u017e som aj vypisovala prihl\u00e1\u0161ku.<\/p>\n<p>Na\u0161a p\u00fa\u0165 sa za\u010dala v\u00a0rodisku, n\u00e1\u0161mu srdcu tak bl\u00edzkeho, sv\u00e4t\u00e9ho J\u00e1na Pavla II. vo Wadoviciach. Tu sme nav\u0161t\u00edvili miesta kde \u017eil Sv\u00e4t\u00fd otec vo svojej mladosti \u2013 Baziliku obetovania panny M\u00e1rie, kde prijal sviatos\u0165 krstu, kostol postaven\u00fd z\u00a0v\u010faky za z\u00e1chranu jeho \u017eivota po atent\u00e1te na N\u00e1mest\u00ed sv.Petra v\u00a0R\u00edme. Silne na m\u0148a zap\u00f4sobil rodn\u00fd dom Sv\u00e4t\u00e9ho otca , dnes u\u017e m\u00fazeum, kde sme si mohli pripomen\u00fa\u0165 jeho \u017eivot od mali\u010dk\u00e9ho chlapca a\u017e po zav\u0155\u0161enie jeho pozemsk\u00e9ho \u017eivota.<\/p>\n<p>Druhou zast\u00e1vkou na\u0161ej p\u00fate bolo zn\u00e1me p\u00fatnick\u00e9 miesto Kalvaria Zebrzydowska. Je to n\u00e1dhern\u00e9 miesto, poz\u00fdvaj\u00face k\u00a0modlitbe a\u00a0rozj\u00edmaniu. Mo\u017eno aj hmlist\u00e9 a\u00a0da\u017ediv\u00e9 po\u010dasie umocnilo Bo\u017e\u00ed pokoj, ktor\u00fd tu vl\u00e1dol.<\/p>\n<p>Na\u0161ou \u010fal\u0161ou zast\u00e1vkou bol Krakov s\u00a0Wawelskou katedr\u00e1lou, hlavn\u00fdm n\u00e1mest\u00edm (Rynek G\u0142\u00f3wny), s\u00a0Kostolom Panny M\u00e1rie. Popoludn\u00ed sme sa presunuli na p\u00fatnick\u00e9 miesto na okraji mesta Krakov \u2013 Lagievniky. Tu sestra Faust\u00edna Kowalska za\u017e\u00edvala stretnutia s\u00a0P\u00e1nom Je\u017ei\u0161om. Op\u00e4\u0165 je to miesto, kde sa \u010dlovek c\u00edti akosi bli\u017e\u0161ie k\u00a0Bohu. Tu sa aj modlitba korunky Bo\u017eieho Milosrdenstva akosi viac dotkne n\u00e1\u0161ho srdca.<\/p>\n<p>Na\u0161u p\u00fa\u0165 sme ukon\u010dili asi v\u00a0najzn\u00e1mej\u0161om p\u00fatnickom mieste Po\u013eska, na Jasnej Gore nad mestom \u010censtochov\u00e1. Tu sme si uctili obraz \u010ciernej Madony, prezreli sme si pevnos\u0165 a\u00a0pomaly sme sa vydali na spiato\u010dn\u00fa cestu do na\u0161ich domovov.<\/p>\n<p>Domov sme pri\u0161li iste pln\u00ed dojmov, nad\u0161enia a\u00a0z\u00e1\u017eitkov. Ver\u00edm, \u017ee milosti, ktor\u00e9 n\u00e1m dobr\u00fd Boh udelil na na\u0161ej p\u00fati n\u00e1m pom\u00f4\u017eu \u017ei\u0165 svoj ka\u017edodenn\u00fd \u017eivot s\u00a0e\u0161te v\u00e4\u010d\u0161ou vierou, l\u00e1skou a\u00a0n\u00e1dejou, \u017ee na konci n\u00e1\u0161ho \u017eitia sa stretneme s\u00a0milosrdn\u00fdm Bohom tv\u00e1rou v\u00a0tv\u00e1r.<\/p>\n<p>V\u010faka V\u00e1m v\u0161etk\u00fdm priatelia, s\u00a0ktor\u00fdmi som mohla tieto vz\u00e1cne chv\u00edle pre\u017e\u00edva\u0165.<\/p>\n<p>&nbsp;<\/p>\n<p>Eva Frankov\u00e1, Krakovany<\/p>\n<p>&nbsp;<\/p>\n<p>Szeptember 18-\u00e1n az egyh\u00e1zfai pl\u00e9b\u00e1ni\u00e1r\u00f3l zar\u00e1ndokcsoport indult Lengyelorsz\u00e1gba, legnevezetesebb \u00e9s sokat emlegetett zar\u00e1ndokhelyeire.<\/p>\n<p>Szemerk\u00e9l\u0151 es\u0151ben \u00e9rkezt\u00fcnk Vadovic\u00e9re, Szent II. J\u00e1nos P\u00e1l p\u00e1pa sz\u00fcl\u0151v\u00e1ros\u00e1ba. A napot szentmis\u00e9vel kezdt\u00fck a szent p\u00e1pa ellen elk\u00f6vetett mer\u00e9nyletb\u0151l val\u00f3 fel\u00e9p\u00fcl\u00e9s\u00e9nek tisztelet\u00e9re emelt templom k\u00e1poln\u00e1j\u00e1ban. A szentmise ut\u00e1n megtekintett\u00fck a f\u0151t\u00e9ren tal\u00e1lhat\u00f3 bazilik\u00e1t. Ebben keresztelt\u00e9k meg a p\u00e1p\u00e1t \u00e9s ebben a templomban ministr\u00e1lt gyermekkor\u00e1ban. A bazilika mellett tal\u00e1lhat\u00f3 sz\u00fcl\u0151h\u00e1z\u00e1ban \u00e9s a m\u00fazeumban l\u00e1thattuk szem\u00e9lyes t\u00e1rgyait, erekly\u00e9j\u00e9t. A ki\u00e1ll\u00edtott k\u00e9pek, t\u00e1rgyak \u00e9s hangfelv\u00e9telek \u00e1ltal megismerhett\u00fck p\u00e1pas\u00e1g\u00e1nak fontosabb \u00e1llom\u00e1sait.<\/p>\n<p>Utunkat a Zebrzydowsky K\u00e1lv\u00e1ri\u00e1ra folytattuk, amit Lengyel Jeruzs\u00e1lemnek is neveznek. A keresztutat ugyan a szakad\u00f3 es\u0151 miatt nem tudtuk v\u00e9gigj\u00e1rni, de a bazilik\u00e1ban \u00e9rdekes esem\u00e9nyen vehett\u00fcnk r\u00e9szt &#8211; az olt\u00e1ron tal\u00e1lhat\u00f3 Sz\u0171zanya k\u00e9p\u00e9nek esti elfed\u00e9s\u00e9n, mely \u00fcnnep\u00e9lyesen, harsonasz\u00f3 k\u00eds\u00e9ret\u00e9ben t\u00f6rt\u00e9nt. M\u00e1snap kor\u00e1n \u00e9bredt\u00fcnk, hogy r\u00e9szesei lehess\u00fcnk a reggeli szentmise el\u0151tti k\u00e9pfelfed\u00e9snek is, mely ugyanolyan pomp\u00e1val t\u00f6rt\u00e9nt.<\/p>\n<p>M\u00e1sodik napunkat Krakk\u00f3ban t\u00f6lt\u00f6tt\u00fck. Mint egykori f\u0151v\u00e1ros gazdag t\u00f6rt\u00e9nelmi m\u00falttal rendelkezik. M\u00e1r messzir\u0151l megl\u00e1ttuk a kir\u00e1lyi palota, a Wawel falait, a katedr\u00e1lis tornyait, ahol a kir\u00e1lyokat koron\u00e1zt\u00e1k. Maradand\u00f3 \u00e9lm\u00e9nyt jelentett sz\u00e1munkra a Lagiewnikov-i l\u00e1togat\u00e1sunk is, ahol a kolostorban \u00e9lt \u00e9s dolgozott Szent Faust\u00edna n\u0151v\u00e9r. Megn\u00e9zt\u00fck a templomot, melyben Faust\u00edna Kowalsk\u00e1 erekly\u00e9it \u0151rzik \u00e9s az \u00fajonnan \u00e9p\u00fclt Isteni Irgalmass\u00e1g templom\u00e1t.<\/p>\n<p>Utols\u00f3 \u00e1llom\u00e1sunk Czestochova volt. Itt a k\u00f6z\u00e9pkori er\u0151d\u00f6t \u00e9s a hozz\u00e1 tartoz\u00f3 p\u00e1los kolostort tekintett\u00fck meg. Az itt tal\u00e1lhat\u00f3 templomban \u0151rzik a Fekete Madonna k\u00e9pet, amit mi is megcsod\u00e1lhattunk \u00e9s megismerhett\u00fck t\u00f6rt\u00e9net\u00e9t.<\/p>\n<p>A kedvez\u0151tlen id\u0151j\u00e1r\u00e1s ellen\u00e9re is sok sz\u00e9p helyet l\u00e1ttunk \u00e9s lelkiekben felt\u00f6lt\u0151dve indultunk haza.<\/p>\n<p>H\u00e1l\u00e1san k\u00f6sz\u00f6nj\u00fck Gajdo\u0161 P\u00e1l lelki aty\u00e1nak a felejthetetlen \u00e9s \u00e9lm\u00e9nyekben gazdag zar\u00e1ndoklat megszervez\u00e9s\u00e9t, hogy szem\u00e9lyesen elk\u00eds\u00e9rte csoportunkat \u00e9s gondoskodott a lelki \u00fatraval\u00f3r\u00f3l.<\/p>\n<p>&nbsp;<\/p>\n<p>Domonkos Izabella, Vlky\t\t\t\t<\/p>\n","protected":false},"excerpt":{"rendered":"<p>Pane Je\u017ei\u0161u, \u010fakujeme Ti za v\u0161etky milosti a dary, ktor\u00e9 n\u00e1m d\u00e1va\u0161. V d\u0148och 19. &#8211; 21. septembra na n\u00e1s padalo spolu s da\u017e\u010fom po\u017eehnanie. Bol to n\u00e1dhern\u00fd \u010das p\u00fate Wadovice-Kalv\u00e1ria Zebrzydowska-Krakov-\u010censtochov\u00e1.\u00a0<\/p>\n","protected":false},"author":1,"featured_media":3002,"comment_status":"closed","ping_status":"closed","sticky":false,"template":"","format":"standard","meta":{"footnotes":""},"categories":[6],"tags":[24],"class_list":{"0":"entry","1":"post","2":"publish","3":"author-marian-jasenoveceltras-sk","4":"has-excerpt","5":"has-more-link","6":"post-3001","8":"format-standard","9":"has-post-thumbnail","10":"category-aktuality-sk","11":"post_tag-aktuality"},"_links":{"self":[{"href":"https:\/\/www.farakostolna.sk\/index.php?rest_route=\/wp\/v2\/posts\/3001","targetHints":{"allow":["GET"]}}],"collection":[{"href":"https:\/\/www.farakostolna.sk\/index.php?rest_route=\/wp\/v2\/posts"}],"about":[{"href":"https:\/\/www.farakostolna.sk\/index.php?rest_route=\/wp\/v2\/types\/post"}],"author":[{"embeddable":true,"href":"https:\/\/www.farakostolna.sk\/index.php?rest_route=\/wp\/v2\/users\/1"}],"replies":[{"embeddable":true,"href":"https:\/\/www.farakostolna.sk\/index.php?rest_route=%2Fwp%2Fv2%2Fcomments&post=3001"}],"version-history":[{"count":0,"href":"https:\/\/www.farakostolna.sk\/index.php?rest_route=\/wp\/v2\/posts\/3001\/revisions"}],"wp:featuredmedia":[{"embeddable":true,"href":"https:\/\/www.farakostolna.sk\/index.php?rest_route=\/"}],"wp:attachment":[{"href":"https:\/\/www.farakostolna.sk\/index.php?rest_route=%2Fwp%2Fv2%2Fmedia&parent=3001"}],"wp:term":[{"taxonomy":"category","embeddable":true,"href":"https:\/\/www.farakostolna.sk\/index.php?rest_route=%2Fwp%2Fv2%2Fcategories&post=3001"},{"taxonomy":"post_tag","embeddable":true,"href":"https:\/\/www.farakostolna.sk\/index.php?rest_route=%2Fwp%2Fv2%2Ftags&post=3001"}],"curies":[{"name":"wp","href":"https:\/\/api.w.org\/{rel}","templated":true}]}}