{"id":2970,"date":"2016-09-11T12:23:01","date_gmt":"2016-09-11T12:23:01","guid":{"rendered":"http:\/\/kostolna.fara.sk\/?p=2970"},"modified":"2016-09-11T12:23:01","modified_gmt":"2016-09-11T12:23:01","slug":"kisboldogasszony-fobucsu-bacsfa-szentantalon","status":"publish","type":"post","link":"https:\/\/www.farakostolna.sk\/?p=2970","title":{"rendered":"Kisboldogasszony-f\u0151b\u00facs\u00fa Bacsfa-Szentantalon"},"content":{"rendered":"<p>\t\t\t\t<a href=\"http:\/\/kostolna.fara.sk\/kisboldogasszony-fobucsu-bacsfa-szentantalon\/p1100436\/\" rel=\"attachment wp-att-2971\"><img loading=\"lazy\" decoding=\"async\" class=\"size-thumbnail wp-image-2971 alignleft\" src=\"http:\/\/kostolna.fara.sk\/wp-content\/uploads\/2016\/09\/P1100436-150x150.jpg\" alt=\"p1100436\" width=\"150\" height=\"150\" \/><\/a>Kisboldogasszony \u00fcnnepe alakalm\u00e1b\u00f3l szeptember 11-\u00e9n, vas\u00e1rnap, 17,00 \u00f3rai kezdettel szabadt\u00e9ri szentmise volt Bacsfa-Szentantalon, amelynek f\u0151celebr\u00e1nsa Ha\u013eko J\u00f3zsef p\u00fcsp\u00f6k volt Pozsonyb\u00f3l. <!--more-->A gy\u00f6ny\u00f6r\u0171 ny\u00e1rias id\u0151j\u00e1r\u00e1snak is k\u00f6sz\u00f6nhet\u0151, hogy megtelt mind a k\u00e9t aut\u00f3busz, \u00e9s sokan voltak j\u00e1r\u00e1sunkb\u00f3l aut\u00f3kkal is. A szentmis\u00e9t k\u00f6vet\u0151en a himnuszok el\u00e9nekl\u00e9se ut\u00e1n ereklyetisztelet \u00e9s zen\u00e9s \u00e1h\u00edtat volt. A szent ereklye azokat a v\u00e9res k\u00f6nnyeket tartalmazza, amelyek 1703. j\u00fanius 19. \u00e9s 23-a k\u00f6z\u00f6tt a M\u00e1ria kegyk\u00e9p k\u00f6nnyez\u00e9s\u00e9t k\u00f6vet\u0151en lettek felfogva a Gy\u0151rt\u0151l Nagyszombatig eg\u00e9sz B\u00e9csig \u00e9rkezett h\u00edv\u0151k, szerzetesek \u00e9s a paps\u00e1g jelenl\u00e9t\u00e9ben.<\/p>\n<p>\/dr<\/p>\n<p><a href=\"https:\/\/goo.gl\/photos\/3CaRpxVFUZCPBVct8\" target=\"_blank\" rel=\"noopener noreferrer\">Foto: Duray Rezs\u0151<\/a>\t\t\t\t<\/p>\n","protected":false},"excerpt":{"rendered":"<p>Kisboldogasszony \u00fcnnepe alakalm\u00e1b\u00f3l szeptember 11-\u00e9n, vas\u00e1rnap, 17,00 \u00f3rai kezdettel szabadt\u00e9ri szentmise volt Bacsfa-Szentantalon, amelynek f\u0151celebr\u00e1nsa Ha\u013eko J\u00f3zsef p\u00fcsp\u00f6k volt Pozsonyb\u00f3l.<\/p>\n","protected":false},"author":1,"featured_media":2971,"comment_status":"closed","ping_status":"closed","sticky":false,"template":"","format":"standard","meta":{"footnotes":""},"categories":[4,6],"tags":[22,24],"class_list":{"0":"entry","1":"post","2":"publish","3":"author-marian-jasenoveceltras-sk","4":"has-excerpt","5":"has-more-link","6":"post-2970","8":"format-standard","9":"has-post-thumbnail","10":"category-akcie","11":"category-aktuality-sk","12":"post_tag-akcie","13":"post_tag-aktuality"},"_links":{"self":[{"href":"https:\/\/www.farakostolna.sk\/index.php?rest_route=\/wp\/v2\/posts\/2970","targetHints":{"allow":["GET"]}}],"collection":[{"href":"https:\/\/www.farakostolna.sk\/index.php?rest_route=\/wp\/v2\/posts"}],"about":[{"href":"https:\/\/www.farakostolna.sk\/index.php?rest_route=\/wp\/v2\/types\/post"}],"author":[{"embeddable":true,"href":"https:\/\/www.farakostolna.sk\/index.php?rest_route=\/wp\/v2\/users\/1"}],"replies":[{"embeddable":true,"href":"https:\/\/www.farakostolna.sk\/index.php?rest_route=%2Fwp%2Fv2%2Fcomments&post=2970"}],"version-history":[{"count":0,"href":"https:\/\/www.farakostolna.sk\/index.php?rest_route=\/wp\/v2\/posts\/2970\/revisions"}],"wp:featuredmedia":[{"embeddable":true,"href":"https:\/\/www.farakostolna.sk\/index.php?rest_route=\/"}],"wp:attachment":[{"href":"https:\/\/www.farakostolna.sk\/index.php?rest_route=%2Fwp%2Fv2%2Fmedia&parent=2970"}],"wp:term":[{"taxonomy":"category","embeddable":true,"href":"https:\/\/www.farakostolna.sk\/index.php?rest_route=%2Fwp%2Fv2%2Fcategories&post=2970"},{"taxonomy":"post_tag","embeddable":true,"href":"https:\/\/www.farakostolna.sk\/index.php?rest_route=%2Fwp%2Fv2%2Ftags&post=2970"}],"curies":[{"name":"wp","href":"https:\/\/api.w.org\/{rel}","templated":true}]}}