{"id":2965,"date":"2016-09-16T19:22:07","date_gmt":"2016-09-16T19:22:07","guid":{"rendered":"http:\/\/kostolna.fara.sk\/?p=2965"},"modified":"2016-09-16T19:22:07","modified_gmt":"2016-09-16T19:22:07","slug":"put-do-sastina","status":"publish","type":"post","link":"https:\/\/www.farakostolna.sk\/?p=2965","title":{"rendered":"P\u00fa\u0165 do \u0160a\u0161t\u00edna"},"content":{"rendered":"<p>\t\t\t\t<a href=\"http:\/\/kostolna.fara.sk\/put-do-sastina\/hdr\/\" rel=\"attachment wp-att-2966\"><img loading=\"lazy\" decoding=\"async\" class=\"size-thumbnail wp-image-2966\" src=\"http:\/\/kostolna.fara.sk\/wp-content\/uploads\/2016\/09\/IMG_20160915_110502_1-150x150.jpg\" alt=\"hdr\" width=\"150\" height=\"150\" \/><\/a>Ani tento rok sme si nenechali \u00fajs\u0165 spolo\u010dn\u00e9 putovanie do n\u00e1rodnej sv\u00e4tyne v \u0160a\u0161t\u00edne na sviatok Sedembolestnej Panny M\u00e1rie. <!--more-->Vyu\u017eili sme mo\u017enos\u0165 z\u00edskania plnomocn\u00fdch odpustkov prejden\u00edm sv\u00e4tej br\u00e1ny v stave posv\u00e4cuj\u00facej milosti.<\/p>\n<p>Spolu s veriacimi z okolit\u00fdch ded\u00edn sa naplnil autobus. Sprev\u00e1dzal n\u00e1s n\u00e1\u0161 p\u00e1n far\u00e1r Pavol Gajdo\u0161, p\u00e1n kapl\u00e1n zo Senca a jeden bohoslovec. Po ceste sme sa pomodlili sl\u00e1vnostn\u00fd ru\u017eenec a spievali mari\u00e1nske piesne. Po pr\u00edchode do \u0160a\u0161t\u00edna, kde bolo tis\u00edce \u013eud\u00ed, sa za\u010dala sv\u00e4t\u00e1 om\u0161a, ktor\u00fa celebroval ko\u0161ick\u00fd arcibiskup Bernard Bober.<\/p>\n<p>Povzbuden\u00ed slovami z k\u00e1zne a s pokojom v srdciach sme sa rozl\u00fa\u010dili so \u0160a\u0161t\u00ednskou Sedembolestnou Matkou. Cestou domov sme sa zastavili v Malack\u00e1ch a pre\u0161li sme na kolen\u00e1ch sv\u00e4t\u00e9 schody.<\/p>\n<p>Tak\u00e9to p\u00fate m\u0148a osobne nap\u013a\u0148aj\u00fa pokojom a l\u00e1skou.<\/p>\n<p>Ve\u013ek\u00e1 v\u010faka<\/p>\n<p>M.a Bor\u0161ov\u00e1<\/p>\n<p>Hrub\u00fd \u0160\u00far<\/p>\n<p><a href=\"https:\/\/goo.gl\/photos\/adnQUJQ6fz3omRSp6\" target=\"_blank\" rel=\"noopener noreferrer\">Fotky<\/a>\t\t\t\t<\/p>\n","protected":false},"excerpt":{"rendered":"<p>Ani tento rok sme si nenechali \u00fajs\u0165 spolo\u010dn\u00e9 putovanie do n\u00e1rodnej sv\u00e4tyne v \u0160a\u0161t\u00edne na sviatok Sedembolestnej Panny M\u00e1rie.<\/p>\n","protected":false},"author":1,"featured_media":2966,"comment_status":"closed","ping_status":"closed","sticky":false,"template":"","format":"standard","meta":{"footnotes":""},"categories":[4,6],"tags":[22,24],"class_list":{"0":"entry","1":"post","2":"publish","3":"author-marian-jasenoveceltras-sk","4":"has-excerpt","5":"has-more-link","6":"post-2965","8":"format-standard","9":"has-post-thumbnail","10":"category-akcie","11":"category-aktuality-sk","12":"post_tag-akcie","13":"post_tag-aktuality"},"_links":{"self":[{"href":"https:\/\/www.farakostolna.sk\/index.php?rest_route=\/wp\/v2\/posts\/2965","targetHints":{"allow":["GET"]}}],"collection":[{"href":"https:\/\/www.farakostolna.sk\/index.php?rest_route=\/wp\/v2\/posts"}],"about":[{"href":"https:\/\/www.farakostolna.sk\/index.php?rest_route=\/wp\/v2\/types\/post"}],"author":[{"embeddable":true,"href":"https:\/\/www.farakostolna.sk\/index.php?rest_route=\/wp\/v2\/users\/1"}],"replies":[{"embeddable":true,"href":"https:\/\/www.farakostolna.sk\/index.php?rest_route=%2Fwp%2Fv2%2Fcomments&post=2965"}],"version-history":[{"count":0,"href":"https:\/\/www.farakostolna.sk\/index.php?rest_route=\/wp\/v2\/posts\/2965\/revisions"}],"wp:featuredmedia":[{"embeddable":true,"href":"https:\/\/www.farakostolna.sk\/index.php?rest_route=\/"}],"wp:attachment":[{"href":"https:\/\/www.farakostolna.sk\/index.php?rest_route=%2Fwp%2Fv2%2Fmedia&parent=2965"}],"wp:term":[{"taxonomy":"category","embeddable":true,"href":"https:\/\/www.farakostolna.sk\/index.php?rest_route=%2Fwp%2Fv2%2Fcategories&post=2965"},{"taxonomy":"post_tag","embeddable":true,"href":"https:\/\/www.farakostolna.sk\/index.php?rest_route=%2Fwp%2Fv2%2Ftags&post=2965"}],"curies":[{"name":"wp","href":"https:\/\/api.w.org\/{rel}","templated":true}]}}