{"id":2959,"date":"2016-09-04T10:44:46","date_gmt":"2016-09-04T10:44:46","guid":{"rendered":"http:\/\/kostolna.fara.sk\/?p=2959"},"modified":"2016-09-04T10:44:46","modified_gmt":"2016-09-04T10:44:46","slug":"s-mladymi-v-rime-romai-vakacio","status":"publish","type":"post","link":"https:\/\/www.farakostolna.sk\/?p=2959","title":{"rendered":"S mlad\u00fdmi v R\u00edme &#8211; R\u00f3mai vak\u00e1ci\u00f3"},"content":{"rendered":"<p>\t\t\t\t<a href=\"http:\/\/kostolna.fara.sk\/s-mladymi-v-rime-romai-vakacio\/img_2054\/\" rel=\"attachment wp-att-2960\"><img loading=\"lazy\" decoding=\"async\" class=\"size-thumbnail wp-image-2960 alignleft\" src=\"http:\/\/kostolna.fara.sk\/wp-content\/uploads\/2016\/09\/IMG_2054-150x150.jpg\" alt=\"IMG_2054\" width=\"150\" height=\"150\" \/><\/a>Prizn\u00e1vam bez mu\u010denia, \u017ee R\u00edm je moja \u201el\u00e1ska\u201d.<!--more--> Som r\u00e1d, \u017ee aj tento raz som mohol uk\u00e1za\u0165 toto n\u00e1dhern\u00e9 mesto mlad\u00fdm zo svojej farnosti. A t\u00edto si to pr\u00e1vom zasl\u00fa\u017eili. Za celoro\u010dn\u00fa slu\u017ebu \u010di u\u017e pri mini\u0161trovan\u00ed, \u010d\u00edtan\u00ed, veden\u00ed skautov\u2026 Pre\u017eili sme aj zemetrasenie, ale najm\u00e4 kr\u00e1sne \u0161tyri dni v z\u00e1vere leta. Prip\u00e1jame aj zop\u00e1r fotiek. <em>(-PG-)<\/em><\/p>\n<p><a href=\"https:\/\/goo.gl\/photos\/WB6ggM7v2nSSidCC7\" target=\"_blank\" rel=\"noopener noreferrer\">\u00a0Fotky\/F\u00e9nyk\u00e9p<\/a><\/p>\n<p>M\u00e9g az els\u0151 tavaszi napok idej\u00e9n eml\u00edtette a pl\u00e9b\u00e1nos \u00far, hogy lenne-e kedv\u00fcnk R\u00f3m\u00e1ba utazni rep\u00fcl\u0151vel, mivel tervez egy ilyen utat augusztus v\u00e9g\u00e9re, \u00e9s oda szeretn\u00e9 elvinni mag\u00e1val azokat a fiatalokat, akik akt\u00edvan tev\u00e9kenykednek az egyh\u00e1zk\u00f6z\u00f6ss\u00e9g \u00e9let\u00e9ben \u00e9s beseg\u00edtenek a templomi szolg\u00e1latba. Mivel m\u00e9g nem j\u00e1rtam R\u00f3m\u00e1ban, \u00e9s persze rep\u00fcl\u0151n sem \u00fcltem, nagy lelki k\u00e9sztet\u00e9st \u00e9reztem arra, hogy el\u0151szedjem a sp\u00f3rkassz\u00e1mat, amihez m\u00e9g az\u00e9rt gy\u0171jt\u00f6getni kellett, mert egy k\u00fclf\u00f6ldi \u00fat bizony nem kis p\u00e9nzbe ker\u00fcl.<\/p>\n<p>El is \u00e9rkezett augusztus 22-e, amikor reggel f\u00e9l h\u00e9tkor elindultunk az egyh\u00e1zfai templom el\u0151l a rep\u00fcl\u0151t\u00e9rre, hogy megkezdj\u00fck zar\u00e1ndokutunkat. Kilencf\u0151s csapatunkban volt ministr\u00e1ns, felolvas\u00f3, cserk\u00e9szvezet\u0151, \u00e9s term\u00e9szetesen a pl\u00e9b\u00e1nos \u00far sem hi\u00e1nyozhatott. M\u00e1sf\u00e9l \u00f3r\u00e1s rep\u00fcl\u0151\u00fat ut\u00e1n aut\u00f3busszal \u00e9s metr\u00f3val jutottunk el sz\u00e1ll\u00e1shely\u00fcnkre, a Vatik\u00e1nhoz k\u00f6zeli Santa Maura utc\u00e1n tal\u00e1lhat\u00f3 lak\u00e1sba.<\/p>\n<p>D\u00e9lut\u00e1ni programunk a Vatik\u00e1n megl\u00e1togat\u00e1sa volt, valamint Szent P\u00e9ter \u00e9s a p\u00e1p\u00e1k s\u00edrhely\u00e9nek megtekint\u00e9se. Csod\u00e1latos \u00e9lm\u00e9ny volt l\u00e1tni a Szent P\u00e9ter-bazilik\u00e1t, az Obeliszket, a sz\u00f6k\u0151kutakat, az \u00f6t kaput, Szent P\u00e9ter tr\u00f3nj\u00e1t, Michelangelo Piet\u00e1j\u00e1t \u00e9s a gy\u00f6ny\u00f6r\u0171 kupol\u00e1t. A k\u00f6vetkez\u0151 \u00fatvonal sor\u00e1n megcsod\u00e1ltuk a Piazza Navona teret a h\u00e1rom csod\u00e1latos sz\u00f6k\u0151k\u00fattal, az Angyalv\u00e1rt \u2013 mint bevehetetlen er\u0151d\u00edtm\u00e9nyt, a Pantheont \u2013 R\u00f3ma dics\u0151s\u00e9g\u00e9t, sz\u00e1mtalan m\u0171v\u00e9sz \u00e9s kir\u00e1ly nyughely\u00e9t, amelynek \u00e9rdekess\u00e9ge, hogy a tetej\u00e9n tal\u00e1lhat\u00f3 ny\u00edl\u00e1st lesz\u00e1m\u00edtva tulajdonk\u00e9ppen egy ablak n\u00e9lk\u00fcli \u00e9p\u00fclet.<\/p>\n<p>A Cors\u00f3n tal\u00e1lhat\u00f3 h\u00edres Trevi-k\u00fat legend\u00e1ja szerint az utaz\u00f3k, ha isznak a k\u00fat viz\u00e9b\u0151l \u00e9s p\u00e9nz\u00e9rm\u00e9t dobnak a medenc\u00e9j\u00e9be, \u00fajra visszat\u00e9rnek erre a helyre. Na, term\u00e9szetesen majd megl\u00e1tom, mennyire teljesedik ez n\u00e1lam be. Napunk utols\u00f3 \u00e1llom\u00e1sa a II. Viktor Em\u00e1nuel-eml\u00e9km\u0171, a Capitolium (az \u0151sv\u00e1ros Romulusz \u00e9s R\u00e9musz szobr\u00e1val) \u00e9s a Colosseum megtekint\u00e9se volt. Bizony, m\u00e1r az els\u0151 napon ennyi nevezetess\u00e9g megtekint\u00e9se ut\u00e1n nagyon is elf\u00e1radtunk, \u00e9s a sok lelki t\u00e1pl\u00e1l\u00e9k ut\u00e1n a testi t\u00e1pl\u00e1l\u00e9kr\u00f3l is gondoskodni kellett.<\/p>\n<p>M\u00e1snap, kedden, a Vatik\u00e1n alatti kis k\u00e1poln\u00e1ban a pl\u00e9b\u00e1nos \u00far szentmis\u00e9t szolg\u00e1lt sz\u00e1munkra, majd j\u00f3 kapcsolatai \u00e1ltal bejutottunk a Vatik\u00e1ni Kertekbe \u00e9s a kupola tetej\u00e9r\u0151l is megcsod\u00e1lhattuk a v\u00e1rost. D\u00e9lut\u00e1n elutaztunk a Tirr\u00e9n-tengerhez, hogy lemossuk magunkr\u00f3l a v\u00e1ros por\u00e1t.<\/p>\n<p>Szerda: \u201eR\u00f3m\u00e1t l\u00e1tni \u00e9s meghalni\u201d \u2013 sajnos k\u00f6nnyen el\u0151fordulhatott volna, hiszen R\u00f3m\u00e1ban is \u00e9szlelt\u00e9k t\u00e1rsaink a f\u00f6ldreng\u00e9st, de mi, fi\u00fak bizony aludtunk, mint a bunda. R\u00e9szt vett\u00fcnk a p\u00e1pai audienci\u00e1n, ahol Ferenc p\u00e1pa besz\u00e9lt err\u0151l az Olaszorsz\u00e1got s\u00fajt\u00f3 term\u00e9szeti katasztr\u00f3f\u00e1r\u00f3l, majd elim\u00e1dkoztuk a r\u00f3zsaf\u00fcz\u00e9rt. \u00dajabb v\u00e1rosl\u00e1togat\u00e1s k\u00f6vetkezett, a Szent P\u00e1l-bazilika, ahol szentmis\u00e9n vett\u00fcnk r\u00e9szt, a Santa Maria Maggiore, az angyalok \u00e9s m\u00e1rt\u00edrok temploma, a later\u00e1ni Szent J\u00e1nos-bazilika \u00e9s a Szent L\u00e9pcs\u0151.<\/p>\n<p>Cs\u00fct\u00f6rt\u00f6k\u00f6n a Szent P\u00e9ter-bazilik\u00e1ban a pl\u00e9b\u00e1nos \u00far mis\u00e9t szolg\u00e1lt az egyik mell\u00e9kolt\u00e1rn\u00e1l, majd d\u00e9lut\u00e1n megn\u00e9zt\u00fck a Vatik\u00e1ni M\u00fazeumot \u00e9s a Sixtusi-k\u00e1poln\u00e1t, ahol saj\u00e1t szem\u00fcnkkel megcsod\u00e1lhattuk Michelangelo remek alkot\u00e1sait, ami felejthetetlen \u00e9lm\u00e9nyt ny\u00fajtott sz\u00e1munkra.<\/p>\n<p>P\u00e9nteken m\u00e1r csak a hazautaz\u00e1s v\u00e1rt r\u00e1nk. D\u00e9lut\u00e1n f\u00e9l h\u00e1romkor otthon a konyh\u00e1ban ettem a bolognai spagettit, \u00e9s mes\u00e9ltem az \u00e9lm\u00e9nyeimet. K\u00f6sz\u00f6nettel tartozunk Pali aty\u00e1nak, hogy erre a sz\u00e9p, mindamellett f\u00e1rads\u00e1gos \u00fatra elvitt minket, gondoskodott r\u00f3lunk, valamint gazdag \u00e9lm\u00e9nyekben r\u00e9szes\u00edtett minket.<\/p>\n<p><em> \u00a0\u00a0\u00a0\u00a0\u00a0\u00a0\u00a0\u00a0\u00a0\u00a0\u00a0\u00a0\u00a0\u00a0\u00a0\u00a0\u00a0\u00a0\u00a0\u00a0\u00a0\u00a0\u00a0\u00a0\u00a0\u00a0\u00a0\u00a0\u00a0\u00a0\u00a0\u00a0\u00a0\u00a0\u00a0\u00a0\u00a0\u00a0\u00a0\u00a0\u00a0\u00a0\u00a0\u00a0\u00a0\u00a0\u00a0\u00a0\u00a0\u00a0\u00a0\u00a0\u00a0\u00a0\u00a0\u00a0\u00a0Bors Mikl\u00f3s, Hegys\u00far<\/em>\t\t\t\t<\/p>\n","protected":false},"excerpt":{"rendered":"<p>Prizn\u00e1vam bez mu\u010denia, \u017ee R\u00edm je moja \u201el\u00e1ska\u201d.<\/p>\n","protected":false},"author":1,"featured_media":2960,"comment_status":"closed","ping_status":"closed","sticky":false,"template":"","format":"standard","meta":{"footnotes":""},"categories":[4,6],"tags":[22,24],"class_list":{"0":"entry","1":"post","2":"publish","3":"author-marian-jasenoveceltras-sk","4":"has-excerpt","5":"has-more-link","6":"post-2959","8":"format-standard","9":"has-post-thumbnail","10":"category-akcie","11":"category-aktuality-sk","12":"post_tag-akcie","13":"post_tag-aktuality"},"_links":{"self":[{"href":"https:\/\/www.farakostolna.sk\/index.php?rest_route=\/wp\/v2\/posts\/2959","targetHints":{"allow":["GET"]}}],"collection":[{"href":"https:\/\/www.farakostolna.sk\/index.php?rest_route=\/wp\/v2\/posts"}],"about":[{"href":"https:\/\/www.farakostolna.sk\/index.php?rest_route=\/wp\/v2\/types\/post"}],"author":[{"embeddable":true,"href":"https:\/\/www.farakostolna.sk\/index.php?rest_route=\/wp\/v2\/users\/1"}],"replies":[{"embeddable":true,"href":"https:\/\/www.farakostolna.sk\/index.php?rest_route=%2Fwp%2Fv2%2Fcomments&post=2959"}],"version-history":[{"count":0,"href":"https:\/\/www.farakostolna.sk\/index.php?rest_route=\/wp\/v2\/posts\/2959\/revisions"}],"wp:featuredmedia":[{"embeddable":true,"href":"https:\/\/www.farakostolna.sk\/index.php?rest_route=\/"}],"wp:attachment":[{"href":"https:\/\/www.farakostolna.sk\/index.php?rest_route=%2Fwp%2Fv2%2Fmedia&parent=2959"}],"wp:term":[{"taxonomy":"category","embeddable":true,"href":"https:\/\/www.farakostolna.sk\/index.php?rest_route=%2Fwp%2Fv2%2Fcategories&post=2959"},{"taxonomy":"post_tag","embeddable":true,"href":"https:\/\/www.farakostolna.sk\/index.php?rest_route=%2Fwp%2Fv2%2Ftags&post=2959"}],"curies":[{"name":"wp","href":"https:\/\/api.w.org\/{rel}","templated":true}]}}