{"id":2954,"date":"2016-08-28T18:18:24","date_gmt":"2016-08-28T18:18:24","guid":{"rendered":"http:\/\/kostolna.fara.sk\/?p=2954"},"modified":"2016-08-28T18:18:24","modified_gmt":"2016-08-28T18:18:24","slug":"capoeira-opat-na-farskom-dvore","status":"publish","type":"post","link":"https:\/\/www.farakostolna.sk\/?p=2954","title":{"rendered":"Capoeira op\u00e4\u0165 na farskom dvore"},"content":{"rendered":"<p>\t\t\t\t<a href=\"http:\/\/kostolna.fara.sk\/capoeira-opat-na-farskom-dvore\/0v0a0870\/\" rel=\"attachment wp-att-2955\"><img loading=\"lazy\" decoding=\"async\" class=\"size-thumbnail wp-image-2955 alignleft\" src=\"http:\/\/kostolna.fara.sk\/wp-content\/uploads\/2016\/08\/0V0A0870-150x150.jpg\" alt=\"0V0A0870\" width=\"150\" height=\"150\" \/><\/a><\/p>\n<p>30. \u00a0j\u00fala sa na na\u0161ej fare uskuto\u010dnil u\u017e druh\u00fd ro\u010dn\u00edk prezent\u00e1cie capoiery. Capoeiraje braz\u00edlsky\u00a0bojov\u00fd tanec. <!--more-->V s\u00fa\u010dasnosti sa pova\u017euje za bojov\u00fd \u0161port\u00a0s\u00a0pevn\u00fdmi pravidlami. Za\u010diatok modernej capoeiry sa datuje 9. j\u00fana<a href=\"https:\/\/sk.wikipedia.org\/wiki\/1937\">1937<\/a>, kedy Mestre Bimba zalo\u017eil prv\u00e9 tr\u00e9ningov\u00e9 centrum Capoeiry na svete.<\/p>\n<p>Na prezent\u00e1ciu capoeiry boli pozvan\u00ed v\u0161etci, ktor\u00ed si ju chceli vysk\u00fa\u0161a\u0165 alebo len sa pozrie\u0165 na z\u00e1\u017eitok spojen\u00fd s\u00a0tradi\u010dnou capoeiristickou hudbou a\u00a0bojov\u00fdm tancom. Vyz\u00fdvanie tr\u00e9nerov nezostalo dlho bez odozvy a aj ke\u010f bolo ve\u013emi hor\u00face po\u010dasie, v\u0161etci, ktor\u00ed pri\u0161li, si capoeiru aj vysk\u00fa\u0161ali. Sk\u00fasen\u00ed capoeiristi zo Slovenska, Ma\u010farska a\u00a0\u010ciech n\u00e1m potom uk\u00e1zali okrem bojovania v\u00a0rode (miesto pre capoeiru, kruh z capoeiristov, v jeho strede sa hr\u00e1 jogo) aj neuverite\u013en\u00e9 akrobatick\u00e9 k\u00fasky, ktor\u00e9 miestami a\u017e vyr\u00e1\u017eali dych. Niet sa \u010do \u010dudova\u0165, ve\u010f jeden z nich je dokonca Majster sveta v\u00a0capoeire. Prezent\u00e1cia potom pokra\u010dovala ve\u010der na multifunk\u010dnom ihrisku. Aj v\u00a0na\u0161ej dedine m\u00e1me \u00faspe\u0161n\u00fdch capoeiristov, ktor\u00ed dosiahli ve\u013emi pekn\u00e9 v\u00fdsledky. Simon Luka\u010dovi\u010d vyhral 1. miesto na Majstrovstv\u00e1ch Slovenska a\u00a0n\u00e1sledne vyhral aj \u0161ampion\u00e1t v\u00a0\u0161panielskej Barcelone. Michal Karas si pri\u0161iel pr\u00e1ve pred rokom capoeiru vysk\u00fa\u0161a\u0165 na faru a\u00a0potom za\u010dal pravidelne tr\u00e9nova\u0165.\u00a0\u00daspech nenechal dlho na seba \u010daka\u0165 a na Majstrovstv\u00e1ch Slovenska skon\u010dil \u0161tvrt\u00fd. Touto cestou \u010fakujeme capoeiristom z\u00a0klubu Vem camara capoeira za nev\u0161edn\u00fd z\u00e1\u017eitok a\u00a0samozrejme v\u010faka patr\u00ed aj na\u0161ej farnosti, \u017ee n\u00e1m prepo\u017ei\u010dala svoj tr\u00e1vnik na toto pekn\u00e9 \u0161portov\u00e9 dopoludnie.<\/p>\n<p>Andrea Luka\u010dovi\u010dov\u00e1, Kostoln\u00e1 pri Dunaji<\/p>\n<p><a href=\"https:\/\/goo.gl\/photos\/w6n6AdiAWUCkuC2C9\" target=\"_blank\" rel=\"noopener noreferrer\">Fotky<\/a> Juraj Mito\u0161inko:\t\t\t\t<\/p>\n","protected":false},"excerpt":{"rendered":"<p>30. \u00a0j\u00fala sa na na\u0161ej fare uskuto\u010dnil u\u017e druh\u00fd ro\u010dn\u00edk prezent\u00e1cie capoiery. Capoeiraje braz\u00edlsky\u00a0bojov\u00fd tanec.<\/p>\n","protected":false},"author":1,"featured_media":2955,"comment_status":"closed","ping_status":"closed","sticky":false,"template":"","format":"standard","meta":{"footnotes":""},"categories":[4,6],"tags":[22,24],"class_list":{"0":"entry","1":"post","2":"publish","3":"author-marian-jasenoveceltras-sk","4":"has-excerpt","5":"has-more-link","6":"post-2954","8":"format-standard","9":"has-post-thumbnail","10":"category-akcie","11":"category-aktuality-sk","12":"post_tag-akcie","13":"post_tag-aktuality"},"_links":{"self":[{"href":"https:\/\/www.farakostolna.sk\/index.php?rest_route=\/wp\/v2\/posts\/2954","targetHints":{"allow":["GET"]}}],"collection":[{"href":"https:\/\/www.farakostolna.sk\/index.php?rest_route=\/wp\/v2\/posts"}],"about":[{"href":"https:\/\/www.farakostolna.sk\/index.php?rest_route=\/wp\/v2\/types\/post"}],"author":[{"embeddable":true,"href":"https:\/\/www.farakostolna.sk\/index.php?rest_route=\/wp\/v2\/users\/1"}],"replies":[{"embeddable":true,"href":"https:\/\/www.farakostolna.sk\/index.php?rest_route=%2Fwp%2Fv2%2Fcomments&post=2954"}],"version-history":[{"count":0,"href":"https:\/\/www.farakostolna.sk\/index.php?rest_route=\/wp\/v2\/posts\/2954\/revisions"}],"wp:featuredmedia":[{"embeddable":true,"href":"https:\/\/www.farakostolna.sk\/index.php?rest_route=\/"}],"wp:attachment":[{"href":"https:\/\/www.farakostolna.sk\/index.php?rest_route=%2Fwp%2Fv2%2Fmedia&parent=2954"}],"wp:term":[{"taxonomy":"category","embeddable":true,"href":"https:\/\/www.farakostolna.sk\/index.php?rest_route=%2Fwp%2Fv2%2Fcategories&post=2954"},{"taxonomy":"post_tag","embeddable":true,"href":"https:\/\/www.farakostolna.sk\/index.php?rest_route=%2Fwp%2Fv2%2Ftags&post=2954"}],"curies":[{"name":"wp","href":"https:\/\/api.w.org\/{rel}","templated":true}]}}