{"id":2937,"date":"2016-08-10T20:39:52","date_gmt":"2016-08-10T20:39:52","guid":{"rendered":"http:\/\/kostolna.fara.sk\/?p=2937"},"modified":"2016-08-10T20:39:52","modified_gmt":"2016-08-10T20:39:52","slug":"farsky-splav-2016","status":"publish","type":"post","link":"https:\/\/www.farakostolna.sk\/?p=2937","title":{"rendered":"Farsk\u00fd splav 2016"},"content":{"rendered":"<div><a href=\"http:\/\/kostolna.fara.sk\/farsky-splav-2016\/dsc03244\/\" rel=\"attachment wp-att-2940\"><img loading=\"lazy\" decoding=\"async\" class=\"size-thumbnail wp-image-2940 alignleft\" src=\"http:\/\/kostolna.fara.sk\/wp-content\/uploads\/2016\/08\/DSC03244-150x150.jpg\" alt=\"DSC03244\" width=\"150\" height=\"150\" \/><\/a><\/div>\n<p>Na\u0161a rodina sa aj v tomto roku u\u017e po\u00a0piatykr\u00e1t z\u00fa\u010dastnila 6. ro\u010dn\u00edka Farsk\u00e9ho splavu, ktor\u00fd organizuje farnos\u0165 Kostoln\u00e1 pri Dunaji, fili\u00e1lka Hrub\u00fd \u0160\u00far.<!--more--><br \/>\nTrasa splavu Mal\u00e9ho Dunaja viedla od Jelky &#8211; Ister a\u017e po park Madarasz. V\u010faka nen\u00e1ro\u010dnej a pomerne kr\u00e1tkej trase sme si mohli naplno vychutna\u0165 kr\u00e1su pr\u00edrody a \u010daro vod\u00e1ckej turistiky. Z\u00e1rove\u0148 by sme chceli vyjadri\u0165 ve\u013ek\u00fa v\u010faku, hlavne na\u0161im priate\u013eom a p\u00e1novi far\u00e1rovi Pavlovi Gajdo\u0161ovi za otvorenos\u0165 a ochotu zorganizova\u0165 tak\u00e9to pravideln\u00e9 podujatie, ktor\u00e9 sp\u00e1ja v\u0161etky vekov\u00e9 kateg\u00f3rie a vytv\u00e1ra vz\u00e1jomn\u00e9 spolo\u010denstvo aj pri \u0161porte.<br \/>\nrodina Mikulov\u00e1<\/p>\n<p><a href=\"https:\/\/goo.gl\/photos\/n22XSRtzvVuVMbnj8\">Fotky<\/a>\t\t\t\t<\/p>\n","protected":false},"excerpt":{"rendered":"<p>Na\u0161a rodina sa aj v tomto roku u\u017e po\u00a0piatykr\u00e1t z\u00fa\u010dastnila 6. ro\u010dn\u00edka Farsk\u00e9ho splavu, ktor\u00fd organizuje farnos\u0165 Kostoln\u00e1 pri Dunaji, fili\u00e1lka Hrub\u00fd \u0160\u00far.<\/p>\n","protected":false},"author":1,"featured_media":2940,"comment_status":"closed","ping_status":"closed","sticky":false,"template":"","format":"standard","meta":{"footnotes":""},"categories":[4,6],"tags":[22,24],"class_list":{"0":"entry","1":"post","2":"publish","3":"author-marian-jasenoveceltras-sk","4":"has-excerpt","5":"has-more-link","6":"post-2937","8":"format-standard","9":"has-post-thumbnail","10":"category-akcie","11":"category-aktuality-sk","12":"post_tag-akcie","13":"post_tag-aktuality"},"_links":{"self":[{"href":"https:\/\/www.farakostolna.sk\/index.php?rest_route=\/wp\/v2\/posts\/2937","targetHints":{"allow":["GET"]}}],"collection":[{"href":"https:\/\/www.farakostolna.sk\/index.php?rest_route=\/wp\/v2\/posts"}],"about":[{"href":"https:\/\/www.farakostolna.sk\/index.php?rest_route=\/wp\/v2\/types\/post"}],"author":[{"embeddable":true,"href":"https:\/\/www.farakostolna.sk\/index.php?rest_route=\/wp\/v2\/users\/1"}],"replies":[{"embeddable":true,"href":"https:\/\/www.farakostolna.sk\/index.php?rest_route=%2Fwp%2Fv2%2Fcomments&post=2937"}],"version-history":[{"count":0,"href":"https:\/\/www.farakostolna.sk\/index.php?rest_route=\/wp\/v2\/posts\/2937\/revisions"}],"wp:featuredmedia":[{"embeddable":true,"href":"https:\/\/www.farakostolna.sk\/index.php?rest_route=\/"}],"wp:attachment":[{"href":"https:\/\/www.farakostolna.sk\/index.php?rest_route=%2Fwp%2Fv2%2Fmedia&parent=2937"}],"wp:term":[{"taxonomy":"category","embeddable":true,"href":"https:\/\/www.farakostolna.sk\/index.php?rest_route=%2Fwp%2Fv2%2Fcategories&post=2937"},{"taxonomy":"post_tag","embeddable":true,"href":"https:\/\/www.farakostolna.sk\/index.php?rest_route=%2Fwp%2Fv2%2Ftags&post=2937"}],"curies":[{"name":"wp","href":"https:\/\/api.w.org\/{rel}","templated":true}]}}