{"id":2918,"date":"2016-06-19T09:01:43","date_gmt":"2016-06-19T09:01:43","guid":{"rendered":"http:\/\/kostolna.fara.sk\/?p=2918"},"modified":"2016-06-19T09:01:43","modified_gmt":"2016-06-19T09:01:43","slug":"bucsu-bacsfa-szentantalon","status":"publish","type":"post","link":"https:\/\/www.farakostolna.sk\/?p=2918","title":{"rendered":"B\u00facs\u00fa Bacsfa-Szentantalon"},"content":{"rendered":"<p>\t\t\t\t<a href=\"http:\/\/kostolna.fara.sk\/bucsu-bacsfa-szentantalon\/p1100214\/\" rel=\"attachment wp-att-2920\"><img loading=\"lazy\" decoding=\"async\" class=\"size-thumbnail wp-image-2920 alignleft\" src=\"http:\/\/kostolna.fara.sk\/wp-content\/uploads\/2016\/07\/P1100214-150x150.jpg\" alt=\"P1100214\" width=\"150\" height=\"150\" \/><\/a><\/p>\n<p>&nbsp;<\/p>\n<p>&nbsp;<\/p>\n<p>A bacsfa-szentantali kegyk\u00e9p v\u00e9rrel k\u00f6nnyez\u00e9s\u00e9nek 301. <!--more-->\u00e9vfordul\u00f3j\u00e1t \u00fcnnepelt\u00fck j\u00fanius 19-\u00e9n f\u0151papi szentmis\u00e9vel amelynek f\u0151celebr\u00e1nsa B\u00edr\u00f3 L\u00e1szl\u00f3 t\u00e1bori p\u00fcsp\u00f6k, az MKPK csal\u00e1dreferense volt. A szentmis\u00e9t k\u00f6vet\u0151en a falun v\u00e9gig szents\u00e9gi k\u00f6rmenet, \u00e9s a templomban szents\u00e9gi \u00e1ld\u00e1s \u00e9s ereklyetisztelet volt. A szent ereklye azokat a v\u00e9res k\u00f6nnyeket tartalmazza, amelyek 1715. j\u00fanius 19. \u00e9s 21-e k\u00f6z\u00f6tt a M\u00e1ria kegyk\u00e9p k\u00f6nnyez\u00e9s\u00e9t k\u00f6vet\u0151en lettek felfogva a Gy\u0151rt\u0151l Nagyszombatig eg\u00e9sz B\u00e9csig \u00e9rkezett h\u00edv\u0151k, szerzetesek \u00e9s a paps\u00e1g jelenl\u00e9t\u00e9ben.<\/p>\n<p>&nbsp;<\/p>\n<p><a href=\"https:\/\/goo.gl\/photos\/mspMdJmwKLsfqqG9A\" target=\"_blank\" rel=\"noopener noreferrer\">Foto:<\/a><\/p>\n<p>dr\t\t\t\t<\/p>\n","protected":false},"excerpt":{"rendered":"<p>&nbsp; &nbsp; A bacsfa-szentantali kegyk\u00e9p v\u00e9rrel k\u00f6nnyez\u00e9s\u00e9nek 301.<\/p>\n","protected":false},"author":1,"featured_media":2920,"comment_status":"closed","ping_status":"closed","sticky":false,"template":"","format":"standard","meta":{"footnotes":""},"categories":[6],"tags":[24],"class_list":{"0":"entry","1":"post","2":"publish","3":"author-marian-jasenoveceltras-sk","4":"has-excerpt","5":"has-more-link","6":"post-2918","8":"format-standard","9":"has-post-thumbnail","10":"category-aktuality-sk","11":"post_tag-aktuality"},"_links":{"self":[{"href":"https:\/\/www.farakostolna.sk\/index.php?rest_route=\/wp\/v2\/posts\/2918","targetHints":{"allow":["GET"]}}],"collection":[{"href":"https:\/\/www.farakostolna.sk\/index.php?rest_route=\/wp\/v2\/posts"}],"about":[{"href":"https:\/\/www.farakostolna.sk\/index.php?rest_route=\/wp\/v2\/types\/post"}],"author":[{"embeddable":true,"href":"https:\/\/www.farakostolna.sk\/index.php?rest_route=\/wp\/v2\/users\/1"}],"replies":[{"embeddable":true,"href":"https:\/\/www.farakostolna.sk\/index.php?rest_route=%2Fwp%2Fv2%2Fcomments&post=2918"}],"version-history":[{"count":0,"href":"https:\/\/www.farakostolna.sk\/index.php?rest_route=\/wp\/v2\/posts\/2918\/revisions"}],"wp:featuredmedia":[{"embeddable":true,"href":"https:\/\/www.farakostolna.sk\/index.php?rest_route=\/"}],"wp:attachment":[{"href":"https:\/\/www.farakostolna.sk\/index.php?rest_route=%2Fwp%2Fv2%2Fmedia&parent=2918"}],"wp:term":[{"taxonomy":"category","embeddable":true,"href":"https:\/\/www.farakostolna.sk\/index.php?rest_route=%2Fwp%2Fv2%2Fcategories&post=2918"},{"taxonomy":"post_tag","embeddable":true,"href":"https:\/\/www.farakostolna.sk\/index.php?rest_route=%2Fwp%2Fv2%2Ftags&post=2918"}],"curies":[{"name":"wp","href":"https:\/\/api.w.org\/{rel}","templated":true}]}}