{"id":2915,"date":"2016-07-03T10:13:35","date_gmt":"2016-07-03T10:13:35","guid":{"rendered":"http:\/\/kostolna.fara.sk\/?p=2915"},"modified":"2016-07-03T10:13:35","modified_gmt":"2016-07-03T10:13:35","slug":"na-puti-v-mariazelli-sarlos-boldogasszony-unnepen-mariacellben","status":"publish","type":"post","link":"https:\/\/www.farakostolna.sk\/?p=2915","title":{"rendered":"Na p\u00fati v Mariazelli \/ Sarl\u00f3s Boldogasszony \u00fcnnep\u00e9n M\u00e1riacellben"},"content":{"rendered":"<p>\t\t\t\t<strong>\u00a0<a href=\"http:\/\/kostolna.fara.sk\/na-puti-v-mariazelli-sarlos-boldogasszony-unnepen-mariacellben\/img_20160702_131112_burst001_cover\/\" rel=\"attachment wp-att-2926\"><img loading=\"lazy\" decoding=\"async\" class=\"size-thumbnail wp-image-2926 alignleft\" src=\"http:\/\/kostolna.fara.sk\/wp-content\/uploads\/2016\/07\/IMG_20160702_131112_BURST001_COVER-150x150.jpg\" alt=\"IMG_20160702_131112_BURST001_COVER\" width=\"150\" height=\"150\" \/><\/a><\/strong>\u00a02. j\u00fala, pri pr\u00edle\u017eitosti sviatku N\u00e1v\u0161tevy Panny M\u00e1rie sme sa z\u00fa\u010dastnili na p\u00fati v\u00a0Rak\u00faskom meste\u010dku Mariazell. P\u00fatnici z\u00a0troch fili\u00e1lok na\u0161ej farnosti spolu s\u00a0veriacimi z\u00a0Reci naplnili dva autobusy. Duchovne n\u00e1s sprev\u00e1dzali n\u00e1\u0161 p\u00e1n far\u00e1r <em>Pavol Gajdo\u0161<\/em> a\u00a0p\u00e1n far\u00e1r z\u00a0Boldogu <em>Eugen Matus<\/em>.<\/p>\n<p><!--more--><\/p>\n<p>Mariazell je jedn\u00fdm z\u00a0najv\u00e4\u010d\u0161\u00edch p\u00fatnick\u00fdch miest v strednej Eur\u00f3pe a\u00a0n\u00e1rodn\u00fdm p\u00fatnick\u00fdm miestom Rak\u00faska a\u00a0Ma\u010farska, ktor\u00e9 s\u00a0ob\u013eubou nav\u0161tevuj\u00fa aj slovensk\u00ed veriaci. V\u00a0rokoch 1975-1991 bol v\u00a0bazilike pochovan\u00fd ma\u010farsk\u00fd kardin\u00e1l prenasledovan\u00fd komunistick\u00fdm re\u017eimom J\u00f3zsef Mindszenty. So svojou ve\u013ekou rodinou viackr\u00e1t nav\u0161t\u00edvil Mariazell blahoslaven\u00fd L\u00e1szl\u00f3 Batthy\u00e1ny-Strattman, o\u010dn\u00fd lek\u00e1r zn\u00e1my ako \u201elek\u00e1r chudobn\u00fdch\u201c.<\/p>\n<p>Hist\u00f3ria p\u00fatnick\u00e9ho mesta siaha a\u017e do 12. storo\u010dia. Z\u00e1zra\u010dn\u00e1 dreven\u00e1 socha Panny M\u00e1rie s\u00a0mal\u00fdm Je\u017ei\u0161om je oble\u010den\u00e1 do drah\u00fdch \u0161iat a\u00a0stoj\u00ed \u2013 presnej\u0161ie sed\u00ed \u2013 v\u00a0centre baziliky, ktor\u00e1 je charakteristick\u00e1 svojimi tromi ve\u017eami.<\/p>\n<p>Na baziliku medzi kopcami \u00c1lp je kr\u00e1sny v\u00fdh\u013ead z\u00a0kalv\u00e1rie, ktor\u00fa sme spolo\u010dne nav\u0161t\u00edvili. Po modlitbe Kr\u00ed\u017eovej cesty sme sa presunuli do baziliky, kde sme sa po sv\u00e4tej spovedi z\u00fa\u010dastnili na sv\u00e4tej om\u0161i, ktor\u00fa celebrovali na\u0161i duchovn\u00ed otcovia. Mohli sme si vypo\u010du\u0165 kr\u00e1snu k\u00e1ze\u0148 otca Eugena, ktor\u00fd pouk\u00e1zal na podobnosti medzi M\u00e1riou, ktor\u00e1 sa vybrala nav\u0161t\u00edvi\u0165 Al\u017ebetu do h\u00f4r a\u00a0medzi nami p\u00fatnikmi.<\/p>\n<p>Po sv\u00e4tej om\u0161i sme mali mo\u017enos\u0165 sa tro\u0161ku poobzera\u0165 v\u00a0meste\u010dku, s\u00a0de\u0165mi sme si pozreli aj pohybuj\u00faci sa betlehem, ktor\u00fd zobrazuje nielen narodenie P\u00e1na ale aj \u010fal\u0161ie sc\u00e9ny z\u00a0Nov\u00e9ho z\u00e1kona.<\/p>\n<p>Modlitba, spev, odpo\u010dinok, zdielanie z\u00e1\u017eitkov a\u00a0kr\u00e1sna scen\u00e9ria n\u00e1m pomohli ur\u00fdchli\u0165 dlh\u00fa cestu domov. \u010eakujeme P\u00e1nu Bohu a na\u0161im duchovn\u00fdm otcom za t\u00fato p\u00fa\u0165. Prosme Pannu M\u00e1riu, aby vysly\u0161ala na\u0161e modlitby, ktor\u00e9 sme jej predkladali na tomto malebnom p\u00fatnickom mieste ob\u013e\u00faben\u00fdm aj na\u0161imi predkami.<\/p>\n<p>&nbsp;<\/p>\n<p><a href=\"https:\/\/goo.gl\/photos\/vw7t6k4FxwYECCQk9\" target=\"_blank\" rel=\"noopener noreferrer\">Fotky\/F\u00e9nyk\u00e9pek<\/a><\/p>\n<p>&nbsp;<\/p>\n<p><strong><em>\u201eMagasztalja lelkem az Urat\u201c<\/em> <\/strong><\/p>\n<p><em>J\u00falius 2-\u00e1n, Sarl\u00f3s Boldogasszony napj\u00e1n k\u00e9tbusznyi zar\u00e1ndok indult \u00fatnak a\u00a0pl\u00e9b\u00e1niak\u00f6zs\u00e9g\u00fcnkh\u00f6z tartoz\u00f3 h\u00e1rom falub\u00f3l: Egyh\u00e1zf\u00e1r\u00f3l, Hegys\u00farr\u00f3l \u00e9s Nagybors\u00e1r\u00f3l \u2013 r\u00e9tei \u00e9rdekl\u0151d\u0151kkel kieg\u00e9sz\u00fclve \u2013 K\u00f6z\u00e9p-Eur\u00f3pa egyik legnagyobb kegyhelye, Ausztria \u00e9s Magyarorsz\u00e1g nemzeti zar\u00e1ndokhelye, M\u00e1riacell fel\u00e9. <\/em><\/p>\n<p>A\u00a0nagy \u00e9rdekl\u0151d\u00e9s bizony\u00e1ra annak volt k\u00f6sz\u00f6nhet\u0151, hogy m\u00e1r hossz\u00fa ideje \u2013 az utols\u00f3, 2004-es \u201eb\u0151rig \u00e1z\u00f3s\u201c zar\u00e1ndoklat (a Nemzetek Zar\u00e1ndoklata) <em>Juraj<\/em> <em>Vittek<\/em> aty\u00e1val azt hiszem, felejthetetlen \u00e9lm\u00e9ny marad \u2013 nem szerveztek pl\u00e9b\u00e1niak\u00f6zs\u00e9g\u00fcnkb\u0151l zar\u00e1ndoklatot erre a\u00a0nek\u00fcnk, magyaroknak is k\u00fcl\u00f6n\u00f6sen kedves b\u00facs\u00faj\u00e1r\u00f3helyre. K\u00f6sz\u00f6net illeti ez\u00e9rt <em>Gajdo\u0161 P\u00e1l<\/em> pl\u00e9b\u00e1nost, aki az eg\u00e9szet ki\u00f6tl\u00f6tte \u00e9s megszervezte, s\u00a0<em>Matus Jen\u0151<\/em> aty\u00e1t, aki szint\u00e9n elk\u00eds\u00e9rt minket, s\u00a0akinek pr\u00e9dik\u00e1ci\u00f3it, gondolom, nem csak \u00e9n hallgatom mindig nagyon sz\u00edvesen.<\/p>\n<p><strong>A\u00a0kegytemplomban \u00e9s a k\u00e1lv\u00e1ri\u00e1n<\/strong><\/p>\n<p>Im\u00e1val, \u00e9neksz\u00f3val a\u00a0hossz\u00fa \u00fat is gyorsabban telt, s szemet gy\u00f6ny\u00f6rk\u00f6dtet\u0151 k\u00f6rnyezetben \u00e9p\u00fclt M\u00e1riacell napos, meleg id\u0151vel fogadott minket. Mivel d\u00e9lben \u00e9rkezt\u00fcnk, az <em>\u00darangyl\u00e1t<\/em> m\u00e1r a\u00a0bazilik\u00e1ban im\u00e1dkozhattuk, melynek egyed\u00fcl\u00e1ll\u00f3 jellegzetess\u00e9g\u00e9t a\u00a0homlokzat h\u00e1rom tornya k\u00e9pezi. Az \u00e9p\u00edt\u00e9si korszakok k\u00fcl\u00f6nb\u00f6z\u0151s\u00e9g\u00e9r\u0151l \u00e1rulkodik a \u00a0k\u00e9t barokk torony k\u00f6z\u00f6tt magasba emelked\u0151 g\u00f3tikus torony. A\u00a0bazilika \u2013 mintegy \u00e9kk\u0151k\u00e9nt az Alpok dombjai k\u00f6z\u00f6tt \u2013 nem mindennapi l\u00e1tv\u00e1nyt ny\u00fajt a\u00a0k\u00e1lv\u00e1ri\u00e1r\u00f3l, amely zar\u00e1ndoklatunk k\u00f6vetkez\u0151 pontjak\u00e9nt szerepelt, miut\u00e1n mer\u00edtett\u00fcnk a\u00a0t\u00f6v\u00e9ben \u00e9p\u00fclt k\u00e1polna szembajokat gy\u00f3gy\u00edt\u00f3 viz\u00e9b\u0151l.<\/p>\n<p>Miut\u00e1n v\u00e9gigj\u00e1rtuk \u00e9s -elm\u00e9lkedt\u00fck a\u00a0kereszt\u00fat \u00e1llom\u00e1sait, eleredt az es\u0151, \u00edgy \u00e9ppen j\u00f3kor t\u00e9rt\u00fcnk vissza a\u00a0kegytemplomba, ahol a\u00a0szentmise el\u0151tt m\u00e9g volt lehet\u0151s\u00e9g\u00fcnk elv\u00e9gezni az els\u0151p\u00e9nteki szentgy\u00f3n\u00e1st is, s\u00a0\u00edgy egy\u00fattal teljes\u00edteni a\u00a0teljes b\u00facs\u00fa elnyer\u00e9s\u00e9hez sz\u00fcks\u00e9ges felt\u00e9teleket. K\u00e9t \u00f3rakor lelkiaty\u00e1ink szentmis\u00e9t celebr\u00e1ltak a\u00a0koron\u00e1s-k\u00f6penyes M\u00e1ria-kegyszobor el\u0151tt, melynek v\u00e9g\u00e9n el\u00e9nekelt\u00fck a\u00a0magyar himnuszt.<\/p>\n<p><strong>M\u00e1ri\u00e1hoz hasonl\u00f3an<\/strong><\/p>\n<p>Jen\u0151 atya pr\u00e9dik\u00e1ci\u00f3j\u00e1ban t\u00f6bb szempontb\u00f3l is p\u00e1rhuzamba \u00e1ll\u00edtotta zar\u00e1ndokcsoportunk tagjait az Erzs\u00e9betet l\u00e1togat\u00f3, fi\u00e1t sz\u00edve alatt hord\u00f3 M\u00e1ri\u00e1val. Hozz\u00e1 hasonl\u00f3an ugyanis, aki szeretetb\u0151l a\u00a0hegyek k\u00f6z\u00f6tt \u00e9l\u0151, id\u0151s, szint\u00e9n v\u00e1rand\u00f3s rokona seg\u00edts\u00e9g\u00e9re sietett, mi is a\u00a0hegyek k\u00f6z\u00e9 zar\u00e1ndokoltunk. S\u00edks\u00e1ghoz szokott tekintet\u00fcnk gy\u00f6ny\u00f6rk\u00f6dhetett a\u00a0Teremt\u0151 \u00e1ltal l\u00e9trehozott term\u00e9szet v\u00e1ltozatoss\u00e1g\u00e1ban. Hasonl\u00f3v\u00e1 v\u00e1lunk hozz\u00e1 a\u00a0szent\u00e1ldoz\u00e1skor is, mikor mi is magunkban hordozzuk J\u00e9zust. A\u00a0l\u00e1togat\u00e1sra Erzs\u00e9bet m\u00e9h\u00e9ben felujjongott a\u00a0magzat, amit t\u00e1ncnak is \u00e9rtelmeznek, mint ahogy D\u00e1vid kir\u00e1ly is t\u00e1ncolt a\u00a0frigyl\u00e1da el\u0151tt. M\u00e1ria is ujjong, sz\u00edve teli van k\u00f6sz\u00f6nettel, magasztalja az Urat. Erd\u00e9lyben a\u00a0v\u00e1rand\u00f3s \u00e9desany\u00e1ra mondj\u00e1k: j\u00f6v\u0151je van, eml\u00edtette Jen\u0151 atya; k\u00f6ny\u00f6r\u00f6gj\u00fcnk, hogy M\u00e1ri\u00e1hoz hasonl\u00f3an nek\u00fcnk is legyen j\u00f6v\u0151nk, hogy majd egykor mi is a\u00a0Fi\u00fa \u00f6r\u00f6k t\u00e1rsas\u00e1g\u00e1t \u00e9lvezhess\u00fck!<\/p>\n<p><strong>A \u201eKrippe\u201c \u00e9s a gyerekek <\/strong><\/p>\n<p>A\u00a0szentmise ut\u00e1n az es\u0151 is el\u00e1llt, volt m\u00e9g id\u0151nk egy kis v\u00e1s\u00e1rl\u00e1sra a\u00a0s\u00e1trak b\u0151s\u00e9ges \u2013 \u00e9s borsos \u00e1r\u00fa \u2013 k\u00edn\u00e1lat\u00e1b\u00f3l, n\u00e9zel\u0151d\u00e9sre, s\u00a0a\u00a0\u201eKrippe\u201c megtekint\u00e9s\u00e9re is. A\u00a0kereszt\u00fatr\u00f3l lej\u00f6vet halov\u00e1ny n\u00e9mettud\u00e1sunknak \u201ek\u00f6sz\u00f6nhet\u0151en\u201c nem sejtett\u00fck, mit is takar ez a\u00a0felirat az egyik h\u00e1zon, majd kider\u00fclt, hogy egy mesterien meg\u00e9p\u00edtett szerkezetr\u0151l van sz\u00f3, amely mozg\u00f3 \u00fajsz\u00f6vets\u00e9gi jeleneteket mutat be J\u00e9zus sz\u00fclet\u00e9s\u00e9t\u0151l eg\u00e9szen a felt\u00e1mad\u00e1sig, s\u00a0amely nem csak gyerekeinknek jelentett maradand\u00f3 \u00e9lm\u00e9nyt.<\/p>\n<p>Nem maradt m\u00e1s h\u00e1tra, mint a\u00a0b\u00facs\u00faz\u00e1s M\u00e1riacellt\u0151l \u00e9s a\u00a0haza\u00fat. K\u00f6sz\u00f6nj\u00fck lelkiaty\u00e1inknak ezt a\u00a0sz\u00e9p zar\u00e1ndoklatot M\u00e1ri\u00e1hoz. Egy\u00fattal buzd\u00edtom az \u00f3vod\u00e1s \u00e9s kisiskol\u00e1s kor\u00fa gyerekek sz\u00fcleit is, hogy ne habozzanak csemet\u00e9ikkel nekiv\u00e1gni az ehhez hasonl\u00f3 egynapos zar\u00e1ndoklatoknak. Magam is ekkora voltam, mikor el\u0151sz\u00f6r j\u00e1rtam ezen a\u00a0kegyhelyen, s\u00a0nagy \u00f6r\u00f6mmel t\u00f6lt\u00f6tt el, hogy most k\u00e9t id\u0151sebbik kisl\u00e1nyomat is elhozhattam.<\/p>\n<p><strong>A\u00a0kegyhely t\u00f6rt\u00e9nete<\/strong><\/p>\n<p>A\u00a0b\u00facs\u00faj\u00e1r\u00f3hely t\u00f6rt\u00e9nete a\u00a012. sz\u00e1zadba ny\u00falik vissza, mikor a\u00a0benc\u00e9sek birtokba kapt\u00e1k M\u00e1riacell k\u00f6rny\u00e9k\u00e9t. Az ott \u00e9l\u0151 emberek lelki gondoz\u00e1s\u00e1val 1157-ben egy Magnus nev\u0171 szerzetest b\u00edztak meg, aki egy h\u00e1rsf\u00e1b\u00f3l faragott M\u00e1ria-szobrot vitt mag\u00e1val. K\u00f6zeledve c\u00e9lj\u00e1hoz egy sziklat\u00f6mb \u00e1llta \u00fatj\u00e1t. Magnus a\u00a0Sz\u0171zany\u00e1hoz foh\u00e1szkodott, mire a\u00a0szikla kett\u00e9hasadt. A\u00a0szerzetes egy \u201ecell\u00e1t\u201c eszk\u00e1b\u00e1lt a\u00a0szobor f\u00f6l\u00e9, s\u00a0\u0151 is itt h\u00faz\u00f3dott meg. Innen sz\u00e1rmazik a \u201ecellabeli M\u00e1ria\u201c elnevez\u00e9s, amely a\u00a0lassan kialakul\u00f3 telep\u00fcl\u00e9s nev\u00e9v\u00e9 v\u00e1lt.<\/p>\n<p>A\u00a0kegyszobor egyre h\u00edresebb lett, rom\u00e1n k\u0151k\u00e1polna, majd barokk templom \u00e9p\u00fclt f\u00f6l\u00e9, s\u00a0Ausztria Nagyasszonyak\u00e9nt tisztelj\u00fck. A\u00a0szer\u00e9ny rom\u00e1n kori szobrot, melyen az \u00fcl\u0151\u00a0Sz\u0171zanya gy\u00fcm\u00f6lcs\u00f6t ny\u00fajt a\u00a0gyermek J\u00e9zusnak, \u00e9vsz\u00e1zados szok\u00e1s szerint d\u00edszes barokk k\u00f6peny bor\u00edtja. \u201eRuha n\u00e9lk\u00fcl\u201c \u00e9vente k\u00e9tszer l\u00e1that\u00f3: a\u00a0b\u00facs\u00fa napj\u00e1n (Kisasszony napj\u00e1n, szeptember 8.) \u00e9s az alap\u00edt\u00e1s napj\u00e1n (december 21.). A\u00a0kegyszobrot a\u00a0szentatya nev\u00e9ben a\u00a0nuncius koron\u00e1zta meg 1907-ben.<\/p>\n<p><strong>Magyar vonatkoz\u00e1sok<\/strong><\/p>\n<p>A\u00a0kegytemplom emelet\u00e9n tal\u00e1lhat\u00f3 kincst\u00e1rat m\u00e1r sajnos nem volt alkalmunk megl\u00e1togatni, \u00edgy nem l\u00e1thattuk a\u00a0Nagy Lajos magyar kir\u00e1ly \u00e1ltal adom\u00e1nyozott Kincst\u00e1ri Madonna elnevez\u00e9s\u0171 kegyk\u00e9pet, mely a\u00a0kegyszobor mellett a\u00a0b\u00facs\u00faj\u00e1r\u00f3hely legjobban tisztelt \u00e9s becs\u00fclt erekly\u00e9je. A\u00a0legenda szerint a\u00a0kir\u00e1ly 1365 k\u00f6r\u00fcl az Istenany\u00e1ban b\u00edzva v\u00edvott gy\u0151ztes csat\u00e1t a\u00a0j\u00f3val nagyobb l\u00e9tsz\u00e1m\u00fa ellens\u00e9ggel, miut\u00e1n a Sz\u0171zanya megjelent neki \u00e1lm\u00e1ban, \u00e9s fogadalmi aj\u00e1nd\u00e9kk\u00e9nt aj\u00e1nlotta fel a\u00a0k\u00e9pet, amely el\u0151tt im\u00e1dkozott, s\u00a0melyet az \u00e1lomb\u00f3l fel\u00e9bredve a\u00a0mell\u00e9n fekve tal\u00e1lt. A\u00a0templom f\u0151kapuj\u00e1nak egyik oldal\u00e1n szint\u00e9n Nagy Lajos kir\u00e1ly \u00f3lomszobra \u00e1ll, akinek nagy r\u00e9sze volt a\u00a0hatalmas g\u00f3tikus templom \u00e9p\u00edt\u00e9s\u00e9ben.<\/p>\n<p>A\u00a0kegyk\u00e9pet 1861 \u00f3ta h\u00e1romsoros gy\u00f6ngyf\u00fcz\u00e9r \u00e9kes\u00edti, melyet m\u00e1riacelli esk\u00fcv\u0151je napj\u00e1n Batthy\u00e1ny Lujza gr\u00f3fn\u0151 adom\u00e1nyozott. Ebb\u0151l a\u00a0h\u00e1zass\u00e1gb\u00f3l sz\u00fcletett Batthy\u00e1ny-Strattman L\u00e1szl\u00f3 szemorvos, a \u201eszeg\u00e9nyek orvosa\u201c, aki n\u00e9pes csal\u00e1dj\u00e1val t\u00f6bbsz\u00f6r is elzar\u00e1ndokolt a kegyhelyre, s\u00a0akit II. J\u00e1nos P\u00e1l p\u00e1pa 2003-ban boldogg\u00e1 avatott.<\/p>\n<p>A\u00a0kegytemplom haj\u00f3j\u00e1b\u00f3l hat-hat k\u00e1polna ny\u00edlik, az \u00e9szaki oldalon tal\u00e1lhat\u00f3kat f\u0151k\u00e9nt magyar kir\u00e1lyi csal\u00e1dok \u00e9p\u00edttett\u00e9k. Van itt Szent Imre-, Szent Istv\u00e1n- \u00e9s Szent L\u00e1szl\u00f3-k\u00e1polna. Ez ut\u00f3bbit Szelepcs\u00e9nyi Gy\u00f6rgy esztergomi \u00e9rsek alap\u00edtotta, s\u00a0itt tal\u00e1lhat\u00f3 a\u00a0s\u00edreml\u00e9ke is. Itt volt 1975-t\u0151l 1991-ig Mindszenty J\u00f3zsef b\u00edboros s\u00edrja, aki v\u00e9gakarat\u00e1ban azt k\u00e9rte, ha sz\u00e1mkivet\u00e9sben hal meg, M\u00e1riacellben temess\u00e9k el, s\u00a0csak azut\u00e1n helyezz\u00e9k \u00e1t f\u00f6ldi maradv\u00e1nyait az esztergomi bazilik\u00e1ba, mikor Magyarorsz\u00e1g felszabadul a\u00a0szovjet elnyom\u00e1s al\u00f3l.<\/p>\n<p><em>Gujber Zsuzsanna<\/em><\/p>\n<p>&nbsp;\t\t\t\t<\/p>\n","protected":false},"excerpt":{"rendered":"<p>\u00a0\u00a02. j\u00fala, pri pr\u00edle\u017eitosti sviatku N\u00e1v\u0161tevy Panny M\u00e1rie sme sa z\u00fa\u010dastnili na p\u00fati v\u00a0Rak\u00faskom meste\u010dku Mariazell. P\u00fatnici z\u00a0troch fili\u00e1lok na\u0161ej farnosti spolu s\u00a0veriacimi z\u00a0Reci naplnili dva autobusy. Duchovne n\u00e1s sprev\u00e1dzali n\u00e1\u0161 p\u00e1n far\u00e1r Pavol Gajdo\u0161 a\u00a0p\u00e1n far\u00e1r z\u00a0Boldogu Eugen Matus.<\/p>\n","protected":false},"author":1,"featured_media":2926,"comment_status":"closed","ping_status":"closed","sticky":false,"template":"","format":"standard","meta":{"footnotes":""},"categories":[6],"tags":[24],"class_list":{"0":"entry","1":"post","2":"publish","3":"author-marian-jasenoveceltras-sk","4":"has-excerpt","5":"has-more-link","6":"post-2915","8":"format-standard","9":"has-post-thumbnail","10":"category-aktuality-sk","11":"post_tag-aktuality"},"_links":{"self":[{"href":"https:\/\/www.farakostolna.sk\/index.php?rest_route=\/wp\/v2\/posts\/2915","targetHints":{"allow":["GET"]}}],"collection":[{"href":"https:\/\/www.farakostolna.sk\/index.php?rest_route=\/wp\/v2\/posts"}],"about":[{"href":"https:\/\/www.farakostolna.sk\/index.php?rest_route=\/wp\/v2\/types\/post"}],"author":[{"embeddable":true,"href":"https:\/\/www.farakostolna.sk\/index.php?rest_route=\/wp\/v2\/users\/1"}],"replies":[{"embeddable":true,"href":"https:\/\/www.farakostolna.sk\/index.php?rest_route=%2Fwp%2Fv2%2Fcomments&post=2915"}],"version-history":[{"count":0,"href":"https:\/\/www.farakostolna.sk\/index.php?rest_route=\/wp\/v2\/posts\/2915\/revisions"}],"wp:featuredmedia":[{"embeddable":true,"href":"https:\/\/www.farakostolna.sk\/index.php?rest_route=\/"}],"wp:attachment":[{"href":"https:\/\/www.farakostolna.sk\/index.php?rest_route=%2Fwp%2Fv2%2Fmedia&parent=2915"}],"wp:term":[{"taxonomy":"category","embeddable":true,"href":"https:\/\/www.farakostolna.sk\/index.php?rest_route=%2Fwp%2Fv2%2Fcategories&post=2915"},{"taxonomy":"post_tag","embeddable":true,"href":"https:\/\/www.farakostolna.sk\/index.php?rest_route=%2Fwp%2Fv2%2Ftags&post=2915"}],"curies":[{"name":"wp","href":"https:\/\/api.w.org\/{rel}","templated":true}]}}