{"id":2900,"date":"2016-06-25T14:54:44","date_gmt":"2016-06-25T14:54:44","guid":{"rendered":"http:\/\/kostolna.fara.sk\/?p=2900"},"modified":"2016-06-25T14:54:44","modified_gmt":"2016-06-25T14:54:44","slug":"den-rodiny-2016","status":"publish","type":"post","link":"https:\/\/www.farakostolna.sk\/?p=2900","title":{"rendered":"De\u0148 rodiny 2016"},"content":{"rendered":"<p>\t\t\t\t<a href=\"http:\/\/kostolna.fara.sk\/den-rodiny-2016\/img_7450\/\" rel=\"attachment wp-att-2905\"><img loading=\"lazy\" decoding=\"async\" class=\"size-thumbnail wp-image-2905 alignleft\" src=\"http:\/\/kostolna.fara.sk\/wp-content\/uploads\/2016\/06\/IMG_7450-150x150.jpg\" alt=\"IMG_7450\" width=\"150\" height=\"150\" \/><\/a>Niekedy sa c\u00edtim ako z inej plan\u00e9ty, ke\u010f som konfrontovan\u00fd s r\u00f4znymi n\u00e1zormi, ktor\u00e9 sa sna\u017eia spochybni\u0165 aj nos medzi o\u010dami. T\u00fdm \u201enosom\u201c sa dnes st\u00e1va rodina. Najlep\u0161ou obranou rodiny je pozit\u00edvne vyzdvihnutie jej \u00falohy. <!--more-->To \u010do je v\u0161etk\u00fdm jasn\u00e9, ale akosi je to u\u017e \u201ezapr\u00e1\u0161en\u00e9\u201c. De\u0148 rodiny je kr\u00e1snou pr\u00edle\u017eitos\u0165ou na oslavu tejto in\u0161tit\u00facie \u2013 minispolo\u010denstva.<\/p>\n<p>U\u017e tradi\u010dne sme sa v na\u0161ej farnosti v sobotu 25. j\u00fana pripojili do celosvetovej aktivity, ktorej cie\u013eom je vyzdvihnutie rodiny \u2013 spolo\u010denstva mu\u017ea a \u017eeny a ich det\u00ed. Za\u010dali sme sv\u00e4tou om\u0161ou, ktorou sme \u010fakovali Bohu za tento n\u00e1dhern\u00fd dar, ktor\u00fd m\u00e1me \u2013 za man\u017eelov, man\u017eelky, za deti, za rodi\u010dov a za vz\u0165ahy, ktor\u00e9 vz\u00e1jomne pre\u017e\u00edvame. N\u00e1\u0161 hos\u0165uj\u00faci kazate\u013e z farnosti Senec vdp. Tom\u00e1\u0161 Krampl sa v hom\u00edlii prihovoril osobitne de\u0165om. Presved\u010dili sme sa, \u017ee deti v sebe skr\u00fdvaj\u00fa jednoduch\u00e9, kr\u00e1sne, ale pritom hlboko pravdiv\u00e9 odpovede na ot\u00e1zky, ktor\u00e9 im polo\u017eil.<\/p>\n<p>Povzbuden\u00ed pr\u00edhovorom a vedom\u00edm, \u017ee rodina je obraz Boha sme po sv\u00e4tej om\u0161i boli pozvan\u00ed na rodinn\u00fa s\u00fa\u0165a\u017e s tematikou \u201eSkutky milosrdenstva\u201c, ktor\u00fa my\u0161lienkovo spracovala Ivett \u0160illo, pri\u010dom samotn\u00fa realiz\u00e1ciu mali na starosti mlad\u00ed skauti. Na jednotliv\u00fdch stanovi\u0161tiach sme boli stru\u010dne obozn\u00e1men\u00ed so skutkom milosrdenstva, pri\u010dom sme si ho mohli spolo\u010dne ako rodina vysk\u00fa\u0161a\u0165 v \u00falohe, ktor\u00e1 tento skutok symbolizovala svojou povahou. To, \u017ee to neboli len bezduch\u00e9 \u00falohy pre \u00falohy, n\u00e1m bolo jasn\u00e9 u\u017e pri prv\u00fdch zastaveniach. Rodi\u010dia sa mohli iste hlb\u0161ie zamyslie\u0165 nielen nad t\u00fdmito skutkami, ale aj nad t\u00fdm, ako s\u00fa vn\u00edman\u00ed vo svojej rodine, ke\u010f im do n\u00e1ru\u010dia ich najbli\u017e\u0161\u00ed vkladali karti\u010dky s ich pozit\u00edvnymi vlastnos\u0165ami. V\u00fdzvou pre nich boli iste tie pozit\u00edvne vlastnosti, ktor\u00e9 sa im do r\u00fak nedostali. Ver\u00edm, \u017ee tento, aj ke\u010f kr\u00e1tky \u010das, ktor\u00e9 rodiny str\u00e1vili spolo\u010dne bol ve\u013emi u\u017eito\u010dn\u00fdm a bude dobr\u00fdm impulzom pre to, aby si na\u0161li aj inokedy \u010das na bezprostredn\u00e9 spolo\u010denstvo, na vz\u00e1jomn\u00e9 sa zdielanie, povzbudenie, pomoc, pochopenie \u2013 aby ich domov bol miestom prijatia komunik\u00e1cie, nielen noc\u013eah\u00e1r\u0148ou, \u010di stravovac\u00edm zariaden\u00edm.<\/p>\n<p>Po absolvovan\u00ed mini\u0161koly milosrdenstva sme ako odmenu za na\u0161e sna\u017eenie a vytrvalos\u0165 v hor\u00facom bezobla\u010dnom dni dostali kni\u017eku o skutkoch milosrdenstva od vydavate\u013estva Don Bosco.<\/p>\n<p>Nasledoval vo\u013en\u00fd program, kde sa najm\u00e4 deti mohli do s\u00fdta vysk\u00e1ka\u0165 na nadrozmernom nafukovacom hrade a ve\u013ekej trampol\u00edne sponzorsky zapo\u017ei\u010dan\u00fdch od PP Solutions zo Senca. To, \u017ee deti sa aj prakticky zauj\u00edmaj\u00fa o tvorbu r\u00f4znych umeleck\u00fdch, \u010di u\u017eitkov\u00fdch predmetov z dreva, kovu, hliny, \u010di slamy sme sa presved\u010dili ich nekon\u010diacim z\u00e1ujmom o remeseln\u00edcke dielne. Rados\u0165 de\u0165om robilo aj ma\u013eovanie na tv\u00e1r. Zauj\u00edmavou atrakciou, ako obvykle, boli kon\u00edky, na ktor\u00fdch sa povozili na\u0161e ratolesti. O s\u00fdtenie hladn\u00fdch a nap\u00e1janie sm\u00e4dn\u00fdch sa staral t\u00edm dobrovo\u013en\u00edkov.<\/p>\n<p>Valtyho dva kotle gul\u00e1\u0161u, ve\u013ek\u00e9 mno\u017estvo lok\u0161\u00ed, a palaciniek od firmy IMMO, hotdogy, \u201ev\u00fd\u017eivn\u00e1\u201c cukrov\u00e1 vata, \u0161pecialita v podobe omasten\u00e9ho cibu\u013eov\u00e9ho chleba, kol\u00e1\u010de, z\u00e1kusky, ochuten\u00e9 n\u00e1poje, kofola, pivo \u2013 toto v\u0161etko bolo k dispoz\u00edcii na posilnenie tela. Ani tento rok na n\u00e1s nezabudli Ekotoalety Senec.<\/p>\n<p>Ve\u013ek\u00e9 po\u010fakovanie patr\u00ed miestnemu obecn\u00e9mu \u00faradu, \u010fal\u0161\u00edm sponzorom, ale aj v\u0161etk\u00fdm dobrovo\u013en\u00edkom, ktor\u00ed sa ak\u00fdmko\u013evek sp\u00f4sobom podielali na pr\u00edprav\u00e1ch, obsluhe a v neposlednom rade aj na upratovan\u00ed.<\/p>\n<p>D\u00fafam, \u017ee toto na\u0161e stretnutie nebolo len o atrakci\u00e1ch, \u010di s\u00fdten\u00ed sa, ale predov\u0161etk\u00fdm o upev\u0148ovan\u00ed spolo\u010denstva, ktor\u00e9ho z\u00e1kladom je rodina.<\/p>\n<p>Rodina je nie\u010do, \u010do tu bolo od nepam\u00e4ti. V kres\u0165anskom nazeran\u00ed na svet je to, samozrejme, dielo Bo\u017eie \u2013 ba viac \u2013 je to obraz samotn\u00e9ho Trojjedin\u00e9ho Boha. S\u00fa v nej pr\u00edtomn\u00e9 v\u0161etky typy l\u00e1sky \u2013 man\u017eelsk\u00e1, rodi\u010dovsk\u00e1 a s\u00farodeneck\u00e1. Je, resp. by malo by\u0165 pr\u00edtomn\u00e9 milosrdenstvo, pochopenie, odpustenie. Rodina je centrom spolo\u010dnosti, je kol\u00edskou \u010dnost\u00ed, \u0161kolou spolupr\u00e1ce, ale aj zdravej rivality. Nedajme si ju zdeformova\u0165 a ani zahlti\u0165 pr\u00e1cou. N\u00e1jdime si \u010das na spolo\u010dn\u00e9 aktivity, ktor\u00e9 n\u00e1s viac zbl\u00ed\u017eia a posilnia.<\/p>\n<p><a href=\"https:\/\/goo.gl\/photos\/MD6f68RferVsaz1r8\" target=\"_blank\" rel=\"noopener noreferrer\">Fotky<\/a><\/p>\n<p>Martin \u0160i\u0161ka<\/p>\n<p>Hrub\u00fd \u0160\u00far<\/p>\n<p>farnos\u0165 Kostoln\u00e1 pri Dunaji\t\t\t\t<\/p>\n","protected":false},"excerpt":{"rendered":"<p>Niekedy sa c\u00edtim ako z inej plan\u00e9ty, ke\u010f som konfrontovan\u00fd s r\u00f4znymi n\u00e1zormi, ktor\u00e9 sa sna\u017eia spochybni\u0165 aj nos medzi o\u010dami. T\u00fdm \u201enosom\u201c sa dnes st\u00e1va rodina. Najlep\u0161ou obranou rodiny je pozit\u00edvne vyzdvihnutie jej \u00falohy.<\/p>\n","protected":false},"author":1,"featured_media":2905,"comment_status":"closed","ping_status":"closed","sticky":false,"template":"","format":"standard","meta":{"footnotes":""},"categories":[6],"tags":[24],"class_list":{"0":"entry","1":"post","2":"publish","3":"author-marian-jasenoveceltras-sk","4":"has-excerpt","5":"has-more-link","6":"post-2900","8":"format-standard","9":"has-post-thumbnail","10":"category-aktuality-sk","11":"post_tag-aktuality"},"_links":{"self":[{"href":"https:\/\/www.farakostolna.sk\/index.php?rest_route=\/wp\/v2\/posts\/2900","targetHints":{"allow":["GET"]}}],"collection":[{"href":"https:\/\/www.farakostolna.sk\/index.php?rest_route=\/wp\/v2\/posts"}],"about":[{"href":"https:\/\/www.farakostolna.sk\/index.php?rest_route=\/wp\/v2\/types\/post"}],"author":[{"embeddable":true,"href":"https:\/\/www.farakostolna.sk\/index.php?rest_route=\/wp\/v2\/users\/1"}],"replies":[{"embeddable":true,"href":"https:\/\/www.farakostolna.sk\/index.php?rest_route=%2Fwp%2Fv2%2Fcomments&post=2900"}],"version-history":[{"count":0,"href":"https:\/\/www.farakostolna.sk\/index.php?rest_route=\/wp\/v2\/posts\/2900\/revisions"}],"wp:featuredmedia":[{"embeddable":true,"href":"https:\/\/www.farakostolna.sk\/index.php?rest_route=\/"}],"wp:attachment":[{"href":"https:\/\/www.farakostolna.sk\/index.php?rest_route=%2Fwp%2Fv2%2Fmedia&parent=2900"}],"wp:term":[{"taxonomy":"category","embeddable":true,"href":"https:\/\/www.farakostolna.sk\/index.php?rest_route=%2Fwp%2Fv2%2Fcategories&post=2900"},{"taxonomy":"post_tag","embeddable":true,"href":"https:\/\/www.farakostolna.sk\/index.php?rest_route=%2Fwp%2Fv2%2Ftags&post=2900"}],"curies":[{"name":"wp","href":"https:\/\/api.w.org\/{rel}","templated":true}]}}