{"id":2897,"date":"2016-06-12T08:03:27","date_gmt":"2016-06-12T08:03:27","guid":{"rendered":"http:\/\/kostolna.fara.sk\/?p=2897"},"modified":"2016-06-12T08:03:27","modified_gmt":"2016-06-12T08:03:27","slug":"1-svate-prijimanie","status":"publish","type":"post","link":"https:\/\/www.farakostolna.sk\/?p=2897","title":{"rendered":"1. sv\u00e4t\u00e9 prij\u00edmanie"},"content":{"rendered":"<p>\t\t\t\tV nede\u013eu, 12. j\u00fana sme vo farskom kostole osl\u00e1vili 1. sv\u00e4t\u00e9 prij\u00edmanie.<!--more--><\/p>\n<p>Od janu\u00e1ra sa pod veden\u00edm n\u00e1\u0161ho p\u00e1na far\u00e1ra Pavla Gajdo\u0161a pripravovalo spolu a\u017e 15 det\u00ed z celej farnosti.<\/p>\n<p>Pr\u00edprava spo\u010d\u00edvala v \u00fa\u010dasti na detsk\u00fdch sv\u00e4t\u00fdch om\u0161iach a katech\u00e9ze v pastorku. Deti dostali na za\u010diatku pracovn\u00e9 zo\u0161ity, ktor\u00e9 si vyp\u013a\u0148ali spolu s rodi\u010dmi, \u010d\u00edm bola v mnoh\u00fdch pr\u00edpadoch za\u010dlenen\u00e1 do pr\u00edpravy aj cel\u00e1 rodina \ud83d\ude42<\/p>\n<p>Rados\u0165 z o\u010dak\u00e1vania sa stup\u0148ovala ka\u017ed\u00fdm t\u00fd\u017ed\u0148om, umoc\u0148ovala to aj skuto\u010dnos\u0165, \u017ee v\u00e4\u010d\u0161ina farnost\u00ed mala prij\u00edmanie u\u017e v m\u00e1ji, tak\u017ee sa deti mali o \u010dom v \u0161kole rozpr\u00e1va\u0165 a na \u010do sa te\u0161i\u0165.<\/p>\n<p>V piatok pred 1. sv\u00e4t\u00fdm prij\u00edman\u00edm sme mali spolo\u010dn\u00fa spove\u010f, ktorou deti spe\u010datili svoje rozhodnutie z\u00fa\u010dast\u0148ova\u0165 sa plnohodnotne sl\u00e1venia sv\u00e4tej om\u0161e a prij\u00edma\u0165 telo Je\u017ei\u0161a Krista.<\/p>\n<p>Sl\u00e1vnos\u0165 bola ve\u013ekolep\u00e1, deti zvl\u00e1dli v\u0161etky \u00falohy \u00fa\u017easne a v neposlednom rade bola vyzdvihnut\u00e1 podstata 1. sv. pr\u00edjmania aj v\u010faka rovno\u0161at\u00e1m, ktor\u00e9 mali na sebe oble\u010den\u00e9.<\/p>\n<p>Ve\u013ek\u00e1 v\u010faka za to patr\u00ed p\u00e1novi far\u00e1rovi, \u017ee sa mu podarilo presadi\u0165 ich, ale aj rodi\u010dom, ktor\u00ed boli ochotn\u00ed prija\u0165 t\u00fato zmenu.<\/p>\n<p>V\u010faka rovno\u0161at\u00e1m mohli deti spolu aj s rodi\u010dmi, rodinami a farn\u00edkmi pre\u017ei\u0165 hlb\u0161ie sl\u00e1venie Eucharistie, podstatu na\u0161ej viery.<\/p>\n<p>Po\u010das sv. om\u0161e si deti zaspievali dve piesne, ktor\u00e9 sme si nacvi\u010dili s \u013dubkou, za \u010do jej patr\u00ed ve\u013ek\u00e1 v\u010faka!<\/p>\n<p>V mene rodi\u010dov sa chcem po\u010fakova\u0165 v\u0161etk\u00fdm, ktor\u00ed sa z\u00fa\u010dastnili na pr\u00edprav\u00e1ch a pomohli n\u00e1m, \u010di u\u017e so spevom, obetn\u00fdmi darmi, ale aj samotnou \u00fa\u010das\u0165ou na sv\u00e4tej om\u0161i.<\/p>\n<p><a href=\"https:\/\/goo.gl\/photos\/9WmKuHAN35EgYeoUA\" target=\"_blank\" rel=\"noopener noreferrer\">Fotky<\/a>\t\t\t\t<\/p>\n","protected":false},"excerpt":{"rendered":"<p>V nede\u013eu, 12. j\u00fana sme vo farskom kostole osl\u00e1vili 1. sv\u00e4t\u00e9 prij\u00edmanie.<\/p>\n","protected":false},"author":1,"featured_media":2898,"comment_status":"closed","ping_status":"closed","sticky":false,"template":"","format":"standard","meta":{"footnotes":""},"categories":[6],"tags":[],"class_list":{"0":"entry","1":"post","2":"publish","3":"author-marian-jasenoveceltras-sk","4":"has-excerpt","5":"has-more-link","6":"post-2897","8":"format-standard","9":"has-post-thumbnail","10":"category-aktuality-sk"},"_links":{"self":[{"href":"https:\/\/www.farakostolna.sk\/index.php?rest_route=\/wp\/v2\/posts\/2897","targetHints":{"allow":["GET"]}}],"collection":[{"href":"https:\/\/www.farakostolna.sk\/index.php?rest_route=\/wp\/v2\/posts"}],"about":[{"href":"https:\/\/www.farakostolna.sk\/index.php?rest_route=\/wp\/v2\/types\/post"}],"author":[{"embeddable":true,"href":"https:\/\/www.farakostolna.sk\/index.php?rest_route=\/wp\/v2\/users\/1"}],"replies":[{"embeddable":true,"href":"https:\/\/www.farakostolna.sk\/index.php?rest_route=%2Fwp%2Fv2%2Fcomments&post=2897"}],"version-history":[{"count":0,"href":"https:\/\/www.farakostolna.sk\/index.php?rest_route=\/wp\/v2\/posts\/2897\/revisions"}],"wp:featuredmedia":[{"embeddable":true,"href":"https:\/\/www.farakostolna.sk\/index.php?rest_route=\/"}],"wp:attachment":[{"href":"https:\/\/www.farakostolna.sk\/index.php?rest_route=%2Fwp%2Fv2%2Fmedia&parent=2897"}],"wp:term":[{"taxonomy":"category","embeddable":true,"href":"https:\/\/www.farakostolna.sk\/index.php?rest_route=%2Fwp%2Fv2%2Fcategories&post=2897"},{"taxonomy":"post_tag","embeddable":true,"href":"https:\/\/www.farakostolna.sk\/index.php?rest_route=%2Fwp%2Fv2%2Ftags&post=2897"}],"curies":[{"name":"wp","href":"https:\/\/api.w.org\/{rel}","templated":true}]}}