{"id":2885,"date":"2016-04-02T21:36:17","date_gmt":"2016-04-02T21:36:17","guid":{"rendered":"http:\/\/kostolna.fara.sk\/?p=2885"},"modified":"2016-04-02T21:36:17","modified_gmt":"2016-04-02T21:36:17","slug":"ako-sme-spolocne-oslavili-40-narodeniny-nasho-knaza","status":"publish","type":"post","link":"https:\/\/www.farakostolna.sk\/?p=2885","title":{"rendered":"Ako sme spolo\u010dne osl\u00e1vili 40. narodeniny n\u00e1\u0161ho k\u0148aza"},"content":{"rendered":"<p>\t\t\t\t<a href=\"http:\/\/kostolna.fara.sk\/ako-sme-spolocne-oslavili-40-narodeniny-nasho-knaza\/dsc_0268\/\" rel=\"attachment wp-att-2886\"><img loading=\"lazy\" decoding=\"async\" class=\"size-thumbnail wp-image-2886 alignleft\" src=\"http:\/\/kostolna.fara.sk\/wp-content\/uploads\/2016\/06\/DSC_0268-150x150.jpg\" alt=\"DSC_0268\" width=\"150\" height=\"150\" \/><\/a>Je druh\u00fd apr\u00edl, prv\u00e1 sobota v\u00a0mesiaci. Ve\u010der. <!--more-->Do kostola v\u00a0Kostolnej pri Dunaji prich\u00e1dza ve\u013ea \u013eud\u00ed. Star\u00fdch aj mlad\u00fdch, Ma\u010farov aj Slov\u00e1kov. Plus dva chr\u00e1mov\u00e9 zbory. A\u00a0viacero k\u0148azov. Dne\u0161n\u00fd ve\u010der je toti\u017e v\u00fdnimo\u010dn\u00fd. N\u00e1\u0161 p\u00e1n far\u00e1r bude sl\u00fa\u017ei\u0165 \u010fakovn\u00fa sv\u00e4t\u00fa om\u0161u pri pr\u00edle\u017eitosti svojich 40. naroden\u00edn. A\u00a0my, jeho farn\u00edci zo v\u0161etk\u00fdch troch obc\u00ed, sme pre neho pripravili viacero prekvapen\u00ed. Spolo\u010dne.<\/p>\n<p>&nbsp;<\/p>\n<p><strong>Pl\u00e1novanie, organizovanie, o\u010dak\u00e1vanie<\/strong><\/p>\n<p>Padlo n\u00e1m vhod, ke\u010f p\u00e1n far\u00e1r v polovici marca odcestoval na p\u00fa\u0165 do Mexika. Mohli sme to toti\u017e premyslie\u0165 a\u00a0napl\u00e1nova\u0165, rozda\u0165 si \u00falohy a\u00a0potom u\u017e len \u010daka\u0165, \u010di to v\u0161etko dopadne pod\u013ea na\u0161ich predst\u00e1v a\u00a0o\u010dak\u00e1van\u00ed&#8230;<\/p>\n<p>&nbsp;<\/p>\n<p><strong>40-hodinov\u00e1 modlitbov\u00e1 re\u0165az<\/strong><\/p>\n<p>Hne\u010f po\u010das sv\u00e4tej om\u0161e bol p\u00e1n far\u00e1r prekvapen\u00fd viackr\u00e1t. \u010ci u\u017e to bola pr\u00edtomnos\u0165 ob\u013e\u00faben\u00fdch zborov, alebo hojn\u00e1 \u00fa\u010das\u0165 farn\u00edkov. Ur\u010dite to v\u0161ak bola hlavne symbolick\u00e1 40-hodinov\u00e1 modlitbov\u00e1 re\u0165az, ktor\u00fa sme mu odovzdali v r\u00e1mci obetn\u00fdch darov. \u013dudia z\u00a0Kostolnej, Hrub\u00e9ho \u0160\u00fara a\u00a0Hrubej Bor\u0161e prejavili ve\u013ek\u00fd z\u00e1ujem z\u00fa\u010dastni\u0165 sa tejto aktivity. Bolo naozaj ve\u013emi pekn\u00e9 sledova\u0165, ako r\u00fdchlo sa papiere s\u00a0rozpismi jednotliv\u00fdch hod\u00edn zap\u013a\u0148ali menami rod\u00edn \u010di jednotlivcov. A\u00a0\u017ee to pote\u0161ilo a\u00a0prekvapilo aj samotn\u00e9ho osl\u00e1venca, bolo vidie\u0165 na jeho dojatej tv\u00e1ri. Ve\u010f \u010do in\u00e9 mo\u017eno c\u00edti\u0165, ak nie rados\u0165 z\u00a0toho, \u017ee jeho n\u00e1mahy a\u00a0obety predsa len padaj\u00fa do \u00farodnej zeme&#8230;<\/p>\n<p>&nbsp;<\/p>\n<p><strong>Ke\u010f je oslava jedn\u00fdm ve\u013ek\u00fdm agap\u00e9<\/strong><\/p>\n<p>Po sl\u00e1vnostnej sv\u00e4tej om\u0161i sa pokra\u010dovalo v\u00a0oslavovan\u00ed v\u00a0miestnom kult\u00farnom dome. \u013dud\u00ed, ktor\u00ed pri\u0161li poblaho\u017eela\u0165, bolo skuto\u010dne ne\u00farekom. Ka\u017ed\u00fd chcel aspo\u0148 potrias\u0165 osl\u00e1vencovi pravicou, niekto dokonca zaspieval \u010di zarecitoval. Bolo vidie\u0165, \u017ee \u013eudia to myslia naozaj od srdca, inak by sa asi nikomu nechcelo vyst\u00e1\u0165 rad, ktor\u00fd sa spont\u00e1nne vytvoril a\u00a0siahal a\u017e pred dvere kult\u00farneho domu. V\u0161etci sa mohli pohosti\u0165 dobr\u00fdm jedlom, pit\u00edm, kol\u00e1\u010dikmi, ovoc\u00edm&#8230; Bolo to naozaj ve\u013ek\u00e9 agap\u00e9, ktor\u00e9 bolo \u010fal\u0161\u00edm prekvapen\u00edm pre p\u00e1na far\u00e1ra. A\u00a0potom sa u\u017e len debatovalo, spom\u00ednalo, tancovalo a\u00a0spievalo. D\u00f4vodov na rados\u0165 bolo hne\u010f nieko\u013eko. V\u00a0prvom rade to bola, samozrejme, rados\u0165 z daru \u017eivota a\u00a0v\u010fa\u010dnosti za 40 rokov \u017eivota n\u00e1\u0161ho k\u0148aza, ale tie\u017e z\u00a0toho, ako sme vedeli spoji\u0165 svoje sily bez oh\u013eadu na n\u00e1rodnos\u0165, miesto bydliska \u010di vek. Bola to rados\u0165 z\u00a0toho, \u017ee sme vedeli prispie\u0165 ka\u017ed\u00fd svojou tro\u0161kou, a\u00a0pripravi\u0165 tak pre p\u00e1na far\u00e1ra mil\u00e9 prekvapenia a\u00a0d\u00f4stojn\u00fa oslavu.<\/p>\n<p>&nbsp;<\/p>\n<p>v\u010fa\u010dn\u00ed farn\u00edci z\u00a0Kostolnej pri Dunaji, Hrub\u00e9ho \u0160\u00fara a\u00a0Hrubej Bor\u0161e<\/p>\n<p><a href=\"https:\/\/goo.gl\/photos\/VGRMwaJembvWgKk59\" target=\"_blank\" rel=\"noopener noreferrer\">Fotky<\/a><\/p>\n<p>&nbsp;<\/p>\n<p><em>\u201eTe\u0161il som sa z\u00a0pohosten\u00ed, ktor\u00e9 mi farn\u00edci v\u00a0Hrubom \u0160\u00fare a\u00a0Hrubej Bor\u0161i pripravili po sv\u00e4t\u00fdch om\u0161iach, tak\u017ee sa dobrovo\u013ene prizn\u00e1vam, \u017ee som tu\u0161il, \u017ee sa bude vo\u013ea\u010do dia\u0165 aj v Kostolnej, navy\u0161e som ohl\u00e1sil aj \u00famysel sv\u00e4tej om\u0161e, ale \u017ee to bude tak\u00e9 dobr\u00e9, by mi ani vo sne nenapadlo. Toto jedno ve\u013ek\u00e9 spolo\u010dn\u00e9 prekvapenie v\u0161etk\u00fdch troch obc\u00ed mojej farnosti ma skuto\u010dne ve\u013emi dojalo. Chcel by som sa preto ve\u013emi pekne po\u010fakova\u0165 v\u00e1m v\u0161etk\u00fdm, ktor\u00ed ste sa ak\u00fdmko\u013evek sp\u00f4sobom podie\u013eali na pr\u00edprave \u010di priebehu oslavy mojich naroden\u00edn. \u010ci u\u017e to bolo pe\u010denie kol\u00e1\u010dikov, alebo upratovanie kult\u00farneho domu. Naozaj som v\u010fa\u010dn\u00fd, bol to pre m\u0148a mimoriadne pozit\u00edvny z\u00e1\u017eitok, ku ktor\u00e9mu sa budem ur\u010dite \u010dasto vraca\u0165. A\u00a0chcem v\u00e1s len uisti\u0165, \u017ee na v\u00e1s mysl\u00edm vo svojich modlitb\u00e1ch a\u00a0som P\u00e1nu Bohu v\u010fa\u010dn\u00fd &#8211; za ka\u017ed\u00e9ho z\u00a0v\u00e1s a\u00a0za to, \u017ee ma poslal na tieto miesta. A\u00a0ospravedl\u0148ujem sa, ak to niekedy tak nevyzer\u00e1. Ale som naozaj v\u010fa\u010dn\u00fd. \u010eakujem.\u201c<\/em><\/p>\n<p>Pavol Gajdo\u0161, far\u00e1r\t\t\t\t<\/p>\n","protected":false},"excerpt":{"rendered":"<p>Je druh\u00fd apr\u00edl, prv\u00e1 sobota v\u00a0mesiaci. Ve\u010der.<\/p>\n","protected":false},"author":1,"featured_media":2886,"comment_status":"closed","ping_status":"closed","sticky":false,"template":"","format":"standard","meta":{"footnotes":""},"categories":[4,6],"tags":[24],"class_list":{"0":"entry","1":"post","2":"publish","3":"author-marian-jasenoveceltras-sk","4":"has-excerpt","5":"has-more-link","6":"post-2885","8":"format-standard","9":"has-post-thumbnail","10":"category-akcie","11":"category-aktuality-sk","12":"post_tag-aktuality"},"_links":{"self":[{"href":"https:\/\/www.farakostolna.sk\/index.php?rest_route=\/wp\/v2\/posts\/2885","targetHints":{"allow":["GET"]}}],"collection":[{"href":"https:\/\/www.farakostolna.sk\/index.php?rest_route=\/wp\/v2\/posts"}],"about":[{"href":"https:\/\/www.farakostolna.sk\/index.php?rest_route=\/wp\/v2\/types\/post"}],"author":[{"embeddable":true,"href":"https:\/\/www.farakostolna.sk\/index.php?rest_route=\/wp\/v2\/users\/1"}],"replies":[{"embeddable":true,"href":"https:\/\/www.farakostolna.sk\/index.php?rest_route=%2Fwp%2Fv2%2Fcomments&post=2885"}],"version-history":[{"count":0,"href":"https:\/\/www.farakostolna.sk\/index.php?rest_route=\/wp\/v2\/posts\/2885\/revisions"}],"wp:featuredmedia":[{"embeddable":true,"href":"https:\/\/www.farakostolna.sk\/index.php?rest_route=\/"}],"wp:attachment":[{"href":"https:\/\/www.farakostolna.sk\/index.php?rest_route=%2Fwp%2Fv2%2Fmedia&parent=2885"}],"wp:term":[{"taxonomy":"category","embeddable":true,"href":"https:\/\/www.farakostolna.sk\/index.php?rest_route=%2Fwp%2Fv2%2Fcategories&post=2885"},{"taxonomy":"post_tag","embeddable":true,"href":"https:\/\/www.farakostolna.sk\/index.php?rest_route=%2Fwp%2Fv2%2Ftags&post=2885"}],"curies":[{"name":"wp","href":"https:\/\/api.w.org\/{rel}","templated":true}]}}