{"id":2875,"date":"2016-05-17T08:14:17","date_gmt":"2016-05-17T08:14:17","guid":{"rendered":"http:\/\/kostolna.fara.sk\/?p=2875"},"modified":"2016-05-17T08:14:17","modified_gmt":"2016-05-17T08:14:17","slug":"farsky-ples-egyhazi-bal","status":"publish","type":"post","link":"https:\/\/www.farakostolna.sk\/?p=2875","title":{"rendered":"Farsk\u00fd ples \/  Egyh\u00e1zi b\u00e1l"},"content":{"rendered":"<p>\t\t\t\t<a href=\"http:\/\/kostolna.fara.sk\/farsky-ples-egyhazi-bal\/dsc_0003\/\" rel=\"attachment wp-att-2877\"><img loading=\"lazy\" decoding=\"async\" class=\"size-thumbnail wp-image-2877 alignleft\" src=\"http:\/\/kostolna.fara.sk\/wp-content\/uploads\/2016\/06\/DSC_0003-150x150.jpg\" alt=\"DSC_0003\" width=\"150\" height=\"150\" \/><\/a>D\u0148a 16.5.2016 nastal \u010fal\u0161\u00ed v\u00fdznamn\u00fd de\u0148 pre na\u0161u farnos\u0165. Uskuto\u010dnil sa n\u00e1\u0161 farsk\u00fd ples, ktor\u00fd bol piaty v\u00a0porad\u00ed za sebou.<\/p>\n<p><!--more--><\/p>\n<p>Ples za\u010dal prekvapen\u00edm. Na tane\u010dn\u00fd parket vybehli deti z\u00a0Novej Dedinky. Tento tane\u010dn\u00fd s\u00fabor predviedol svie\u017ee vyst\u00fapenie v\u00a0dvoch \u010dastiach. Zo\u017eali ve\u013ek\u00fd \u00faspech, ktor\u00fd sme odmenili dlhotrvaj\u00facim potleskom. Tento rok nebol medzi nami n\u00e1\u0161 zn\u00e1my Andrej Bi\u010dan, lebo mal v\u00a0\u010dase plesu \u017eiv\u00e9 vyst\u00fapenie<\/p>\n<p>v\u00a0telev\u00edzii. P\u00e1n far\u00e1r pozval p\u00e1na organistu Ladislava Bogn\u00e1ra z\u00a0Ve\u013ek\u00e9ho Bielu, ktor\u00fd sa ako moder\u00e1tor v\u00fdborne osved\u010dil, ktor\u00fd nielen komentoval dianie, ale svojim kr\u00e1snym hlasom aj zaspieval nieko\u013eko pesni\u010diek. Chv\u00ed\u013eami sa stal \u0161tvrt\u00fdm \u010dlenom na\u0161ej kapely a\u00a0spieval s\u00a0nami. Medzit\u00fdm sa kupovali tombolov\u00e9 l\u00edstky. V\u00e4\u010d\u0161ina pr\u00edtomn\u00fdch kupovala cel\u00e9 balenia. Nap\u00e4tie sa stup\u0148ovalo, ke\u010f sa za\u010dalo \u017erebovanie a\u00a0veru sa bolo treba na \u010do te\u0161i\u0165. Cien bolo okolo 30 a\u00a0hlavn\u00e1 cena bol p\u00fatnick\u00fd z\u00e1jazd do Med\u017eugoria. O\u00a0dobr\u00fa n\u00e1ladu sa u\u017e tradi\u010dne postarala na\u0161a hudobn\u00e1 skupina EMP trio. T\u00e1to nestarn\u00faca kapela v\u017edy znovu a\u00a0znovu pr\u00edjemne prekvap\u00ed. O\u00a0dobr\u00fa ve\u010deru sa postaral p\u00e1n Mat\u00fa\u0161 Valti so svojimi pomocn\u00edkmi. Za barov\u00fdm pultom sa svojej funkcie ujal u\u017e tradi\u010dne p\u00e1n Laci Oros. V\u00fd\u0165a\u017eok z\u00a0plesu dosiahol op\u00e4\u0165 pre enormn\u00e9 \u00fasilie v\u00e1s mnoh\u00fdch slu\u0161n\u00fa sumu 2\u00a0338,- Eur, cel\u00fd v\u00fd\u0165a\u017eok je venovan\u00fd na opravu farsk\u00e9ho kostola, hlavne na nov\u00e9 okn\u00e1. Po\u010fakovanie patr\u00ed v\u0161etk\u00fdm organiz\u00e1torom, pomocn\u00edkom, sponzorom i\u00a0\u00fa\u010dastn\u00edkom plesu. Toho roku bolo o\u00a0nie\u010do menej \u00fa\u010dastn\u00edkov ako po in\u00e9 roky. Tu by som poznamenal, absentovali dom\u00e1ci, ale toto je star\u00e1 trad\u00edcia na ich \u0161kodu. U\u017e teraz sa te\u0161\u00edme na \u010fal\u0161\u00ed ro\u010dn\u00edk farsk\u00e9ho plesu, ktor\u00fd bude na jar 2017. Napriek tomu bol ples vydaren\u00fd. \u013dudia sa dobre zab\u00e1vali, n\u00e1lada bola vynikaj\u00faca. Tane\u010dn\u00fd parket bol temer neust\u00e1le obsaden\u00fd. Z\u00e1bava skon\u010dila a\u017e v\u00a0skor\u00fdch rann\u00fdch hodin\u00e1ch.<\/p>\n<p><a href=\"https:\/\/goo.gl\/photos\/CcmL2JoWR7Ch5ruE7\" target=\"_blank\" rel=\"noopener noreferrer\">Fotky \/ F\u00e9nyk\u00e9pek<\/a><\/p>\n<p>\u00c1prilis 16\u00ac\u00e1n \u00fajabb fontos esem\u00e9ny volt helyi egyh\u00e1zunk \u00e9let\u00e9ben. Megrendezt\u00fck az egyh\u00e1zi b\u00e1lunkat imm\u00e1r \u00f6t\u00f6dik alkalommal. A b\u00e1l meglepet\u00e9ssel kezd\u0151d\u00f6tt, a parkettre kifutottak az \u00dajfalusi gyerekek. Ez a t\u00e1nccsoport \u00e9l\u00e9nk, friss el\u0151ad\u00e1st mutatott be k\u00e9t r\u00e9szben. Nagy sikert arattak, ami\u00e9rt hosszan tart\u00f3 taps volta jutalom. Id\u00e9n nem j\u00f6hetett el az ismert Andrej Bi\u010dan, akinek ez id\u0151ben \u00e9l\u0151 ad\u00e1sa volt a telev\u00edzi\u00f3ban. \u00cdgy a m\u0171sorvezet\u0151i teend\u0151ket a magyarb\u00e9li k\u00e1ntor, Bogn\u00e1r L\u00e1szl\u00f3 \u00far kit\u0171n\u0151 szerepl\u00e9sben l\u00e1tta el. A m\u0171sort nemcsak komment\u00e1lta, hanem a sz\u00e9p hangj\u00e1val is sz\u00f3rakoztatta a k\u00f6z\u00f6ns\u00e9get. Helyenk\u00e9nt \u0151 lett a zenekar negyedik tagja. A j\u00f3 hangulatr\u00f3l m\u00e1r hagyom\u00e1nyosan az EMP\u00actrio zenekar gondoskodott. Ez az \u00f6r\u00f6kfiatal egy\u00fcttes \u00fajra \u00e9s \u00fajra \u00fajabb sz\u00e1mokkal lepi mega k\u00f6z\u00f6ns\u00e9get. A j\u00f3 vacsor\u00e1r\u00f3l Matus Valti \u00far gondoskodott seg\u00edt\u0151ivel. A b\u00e1rpultm\u00f6g\u00f6tt m\u00e1r hagyom\u00e1nyosan Oros Laci b\u00e1csi l\u00e1tta el a feladat\u00e1t. K\u00f6zben \u00e1rulvavoltak a tombolajegyek, ahol a r\u00e9sztvev\u0151k t\u00f6bbs\u00e9ge eg\u00e9sz csomagokban vettea jegyeket. A fesz\u00fclts\u00e9g egyre n\u0151tt, amikor a sorsol\u00e1sra ker\u00fclt a sor. Bizony voltminek \u00f6r\u00fclni legal\u00e1bb 30 nyerem\u00e9ny cser\u00e9lt gazd\u00e1t, a f\u0151d\u00edj ism\u00e9t a Medzsugoriei zar\u00e1ndoklat volt. A bev\u00e9tel a b\u00e1lb\u00f3l ism\u00e9t sz\u00e9p \u00f6sszeget hozott be 2 338,\u00ac eur\u00f3t, ami a rendez\u0151k nagy igyekezet\u00e9nek k\u00f6sz\u00f6nhet\u0151. Az eg\u00e9sz bev\u00e9tel az egyh\u00e1zi templom jav\u00edt\u00e1s\u00e1ra van ford\u00edtva, f\u0151leg az \u00faj ablakokra. K\u00f6sz\u00f6net j\u00e1r minden rendez\u0151nek, seg\u00edt\u0151nek, szponzornak \u00e9s a r\u00e9sztvev\u0151knek, akik jelen voltak ezen a sz\u00e9p esem\u00e9nyen. Id\u00e9n valamivel kevesebb r\u00e9sztvev\u0151 volt mint az elm\u00falt \u00e9vekben, itt jegyezn\u00e9m meg, hogy legkevesebben a helybeliek voltak, de ez is sok \u00e9ves hagyom\u00e1ny, saj\u00e1t k\u00e1rukra. Ennek ellen\u00e9re a b\u00e1l sikeresnek mondhat\u00f3 az emberek j\u00f3l sz\u00f3rakoztak, a hangulat kit\u00fcn\u0151 volt a t\u00e1ncparkett szinte \u00e1land\u00f3an tele volt. Csak kora reggeli \u00f3r\u00e1k vetettek v\u00e9get a mulats\u00e1gnak. M\u00e1r most \u00f6r\u00fcl\u00fcnk a k\u00f6vetkez\u0151 egyh\u00e1zi\t\t\t\t<\/p>\n","protected":false},"excerpt":{"rendered":"<p>D\u0148a 16.5.2016 nastal \u010fal\u0161\u00ed v\u00fdznamn\u00fd de\u0148 pre na\u0161u farnos\u0165. Uskuto\u010dnil sa n\u00e1\u0161 farsk\u00fd ples, ktor\u00fd bol piaty v\u00a0porad\u00ed za sebou.<\/p>\n","protected":false},"author":1,"featured_media":2877,"comment_status":"closed","ping_status":"closed","sticky":false,"template":"","format":"standard","meta":{"footnotes":""},"categories":[6],"tags":[24],"class_list":{"0":"entry","1":"post","2":"publish","3":"author-marian-jasenoveceltras-sk","4":"has-excerpt","5":"has-more-link","6":"post-2875","8":"format-standard","9":"has-post-thumbnail","10":"category-aktuality-sk","11":"post_tag-aktuality"},"_links":{"self":[{"href":"https:\/\/www.farakostolna.sk\/index.php?rest_route=\/wp\/v2\/posts\/2875","targetHints":{"allow":["GET"]}}],"collection":[{"href":"https:\/\/www.farakostolna.sk\/index.php?rest_route=\/wp\/v2\/posts"}],"about":[{"href":"https:\/\/www.farakostolna.sk\/index.php?rest_route=\/wp\/v2\/types\/post"}],"author":[{"embeddable":true,"href":"https:\/\/www.farakostolna.sk\/index.php?rest_route=\/wp\/v2\/users\/1"}],"replies":[{"embeddable":true,"href":"https:\/\/www.farakostolna.sk\/index.php?rest_route=%2Fwp%2Fv2%2Fcomments&post=2875"}],"version-history":[{"count":0,"href":"https:\/\/www.farakostolna.sk\/index.php?rest_route=\/wp\/v2\/posts\/2875\/revisions"}],"wp:featuredmedia":[{"embeddable":true,"href":"https:\/\/www.farakostolna.sk\/index.php?rest_route=\/"}],"wp:attachment":[{"href":"https:\/\/www.farakostolna.sk\/index.php?rest_route=%2Fwp%2Fv2%2Fmedia&parent=2875"}],"wp:term":[{"taxonomy":"category","embeddable":true,"href":"https:\/\/www.farakostolna.sk\/index.php?rest_route=%2Fwp%2Fv2%2Fcategories&post=2875"},{"taxonomy":"post_tag","embeddable":true,"href":"https:\/\/www.farakostolna.sk\/index.php?rest_route=%2Fwp%2Fv2%2Ftags&post=2875"}],"curies":[{"name":"wp","href":"https:\/\/api.w.org\/{rel}","templated":true}]}}