{"id":2870,"date":"2016-04-01T08:35:46","date_gmt":"2016-04-01T08:35:46","guid":{"rendered":"http:\/\/kostolna.fara.sk\/?p=2870"},"modified":"2016-04-01T08:35:46","modified_gmt":"2016-04-01T08:35:46","slug":"krizova-cesta-3","status":"publish","type":"post","link":"https:\/\/www.farakostolna.sk\/?p=2870","title":{"rendered":"Kr\u00ed\u017eov\u00e1 cesta"},"content":{"rendered":"<p>\t\t\t\t<a href=\"http:\/\/kostolna.fara.sk\/krizova-cesta-3\/dsc08728\/\" rel=\"attachment wp-att-2880\"><img loading=\"lazy\" decoding=\"async\" class=\"size-thumbnail wp-image-2880 alignleft\" src=\"http:\/\/kostolna.fara.sk\/wp-content\/uploads\/2016\/06\/DSC08728-150x150.jpg\" alt=\"DSC08728\" width=\"150\" height=\"150\" \/><\/a>Na\u0161a farnos\u0165 u\u017e pravidelne usporad\u00fava z\u00e1jazd na kr\u00ed\u017eov\u00fa cestu do<br \/>\nMarianky,<!--more--> tak sa stalo aj toho roku d\u0148a 25.03.2016. Ve\u013emi oce\u0148ujem t\u00fato<br \/>\naktivitu, lebo nie je to len pr\u00edjemn\u00fd v\u00fdlet za predpokladu, \u017ee je<br \/>\nkr\u00e1sne po\u010dasie, ale je to aj mo\u017enos\u0165 pre\u017ei\u0165 spolo\u010dne Ve\u013ekono\u010dn\u00e9 sviatky v<br \/>\nna\u0161om spolo\u010denstve. V dne\u0161nej upon\u00e1h\u013eanej dobe zrazu nem\u00e1me na ni\u010d \u010das a<br \/>\n\u010dastokr\u00e1t sa st\u00e1va, \u017ee nem\u00e1me \u010das ani na svojich najbli\u017e\u0161\u00edch, a tak sa<br \/>\nneraz st\u00e1va, \u017ee sa \u013eudia ocitn\u00fa sami. Alebo sa uzatv\u00e1rame do na\u0161ich<br \/>\nnaju\u017e\u0161\u00edch rod\u00edn a svoj \u017eivot pre\u017e\u00edvame na svojich s\u00fakromn\u00fdch dvoroch.<br \/>\nNevieme o \u013eu\u010foch okolo n\u00e1s ni\u010d, iba to, \u017ee \u017eij\u00fa niekde okolo n\u00e1s.<br \/>\nNezdie\u013eame spolu radosti, ani starosti, lebo by n\u00e1s to mo\u017eno obmedzilo<br \/>\n\u017ei\u0165 si svoj komfortn\u00fd s\u00fakromn\u00fd \u017eivot. Rados\u0165 z Ve\u013ekej Noci pre\u017e\u00edvame<br \/>\niba s\u00fakromne. Pr\u00e1ve preto som ve\u013emi rada, \u017ee na\u0161a farnos\u0165 je otvorenou<br \/>\nfarnos\u0165ou a neuzatv\u00e1ra sa, a tak pon\u00faka mo\u017enos\u0165 pre\u017ei\u0165 spolo\u010dne radosti<br \/>\naj starosti, ktor\u00fdmi si Je\u017ei\u0161 pre n\u00e1s pre\u0161iel na Kalv\u00e1rii.<br \/>\nRadujme sa, vese\u013eme sa spolo\u010dne! To je odkaz Ve\u013ekej Noci, a preto V\u00e1s<br \/>\nv\u0161etk\u00fdch poz\u00fdvam na ak\u00e9ko\u013evek \u010fal\u0161ie podujatie, ktor\u00fdm pre\u017eijeme spolu<br \/>\nrados\u0165.<\/p>\n<p><a href=\"https:\/\/goo.gl\/photos\/9SowitERroTvkCqr5\" target=\"_blank\" rel=\"noopener noreferrer\">Fotky<\/a><\/p>\n<p>Veronika Bozsikov\u00e1\t\t\t\t<\/p>\n","protected":false},"excerpt":{"rendered":"<p>Na\u0161a farnos\u0165 u\u017e pravidelne usporad\u00fava z\u00e1jazd na kr\u00ed\u017eov\u00fa cestu do Marianky,<\/p>\n","protected":false},"author":1,"featured_media":2880,"comment_status":"closed","ping_status":"closed","sticky":false,"template":"","format":"standard","meta":{"footnotes":""},"categories":[6],"tags":[24],"class_list":{"0":"entry","1":"post","2":"publish","3":"author-marian-jasenoveceltras-sk","4":"has-excerpt","5":"has-more-link","6":"post-2870","8":"format-standard","9":"has-post-thumbnail","10":"category-aktuality-sk","11":"post_tag-aktuality"},"_links":{"self":[{"href":"https:\/\/www.farakostolna.sk\/index.php?rest_route=\/wp\/v2\/posts\/2870","targetHints":{"allow":["GET"]}}],"collection":[{"href":"https:\/\/www.farakostolna.sk\/index.php?rest_route=\/wp\/v2\/posts"}],"about":[{"href":"https:\/\/www.farakostolna.sk\/index.php?rest_route=\/wp\/v2\/types\/post"}],"author":[{"embeddable":true,"href":"https:\/\/www.farakostolna.sk\/index.php?rest_route=\/wp\/v2\/users\/1"}],"replies":[{"embeddable":true,"href":"https:\/\/www.farakostolna.sk\/index.php?rest_route=%2Fwp%2Fv2%2Fcomments&post=2870"}],"version-history":[{"count":0,"href":"https:\/\/www.farakostolna.sk\/index.php?rest_route=\/wp\/v2\/posts\/2870\/revisions"}],"wp:featuredmedia":[{"embeddable":true,"href":"https:\/\/www.farakostolna.sk\/index.php?rest_route=\/"}],"wp:attachment":[{"href":"https:\/\/www.farakostolna.sk\/index.php?rest_route=%2Fwp%2Fv2%2Fmedia&parent=2870"}],"wp:term":[{"taxonomy":"category","embeddable":true,"href":"https:\/\/www.farakostolna.sk\/index.php?rest_route=%2Fwp%2Fv2%2Fcategories&post=2870"},{"taxonomy":"post_tag","embeddable":true,"href":"https:\/\/www.farakostolna.sk\/index.php?rest_route=%2Fwp%2Fv2%2Ftags&post=2870"}],"curies":[{"name":"wp","href":"https:\/\/api.w.org\/{rel}","templated":true}]}}