{"id":2862,"date":"2016-05-22T07:22:05","date_gmt":"2016-05-22T07:22:05","guid":{"rendered":"http:\/\/kostolna.fara.sk\/?p=2862"},"modified":"2016-05-22T07:22:05","modified_gmt":"2016-05-22T07:22:05","slug":"jarno-letna-detska-burza-16-april-2016","status":"publish","type":"post","link":"https:\/\/www.farakostolna.sk\/?p=2862","title":{"rendered":"Jarno-letn\u00e1 detsk\u00e1 burza, 16. apr\u00edl 2016"},"content":{"rendered":"<p>\t\t\t\t<a href=\"http:\/\/kostolna.fara.sk\/jarno-letna-detska-burza-16-april-2016\/p1080328\/\" rel=\"attachment wp-att-2863\"><img loading=\"lazy\" decoding=\"async\" class=\"size-thumbnail wp-image-2863 alignleft\" src=\"http:\/\/kostolna.fara.sk\/wp-content\/uploads\/2016\/05\/P1080328-150x150.jpg\" alt=\"P1080328\" width=\"150\" height=\"150\" \/><\/a>M\u00e1te doma ve\u013ea oble\u010denia a nem\u00e1te to kam da\u0165? <!--more-->Tak pre\u010do sa nez\u00fa\u010dastni\u0165 na na\u0161ej detskej burze? Nev\u00e1hajte, ka\u017ed\u00fd je v\u00edtan\u00fd. U\u017e po tret\u00edkr\u00e1t sa Pastora\u010dn\u00e9 centrum v Kostolnej pri Dunaji zmenilo doslova na \u201eobchodn\u00fd dom\u201c.<\/p>\n<p>Na burze sa z\u00fa\u010dastnilo 15 pred\u00e1vaj\u00facich mami\u010diek, ktor\u00e9 pon\u00fakali na predaj oble\u010denie pre drobcov, r\u00f4zne hra\u010dky, ko\u010d\u00edky, doslova v\u0161etko, \u010do potrebuje \u010di u\u017e bud\u00faca mami\u010dka alebo mami\u010dka, ktor\u00e1 u\u017e svoj poklad m\u00e1. A\u00a0tak si ka\u017ed\u00fd pri\u0161iel na svoje, teda aspo\u0148 ver\u00edme, \u017ee nakupuj\u00face mami\u010dky si odniesli domov nielen potrebn\u00e9, ale aj kr\u00e1sne k\u00fasky.<\/p>\n<p>Na\u0161a burza v\u0161ak nie je len o\u00a0predaji. Podobne, ako aj po minul\u00e9 burzy, aj teraz si mohli mami\u010dky, ktor\u00e9 nie s\u00fa vo ve\u013emi dobrej finan\u010dnej situ\u00e1cii, vybra\u0165 z\u00a0oble\u010denia ur\u010den\u00e9ho na darovanie. Tak isto sme pote\u0161ili aj n\u00e1\u0161ho p\u00e1na far\u00e1ra, ktor\u00e9mu sme prispeli na vitr\u00e1\u017eov\u00e9 okn\u00e1 do kostola desiatimi percentami z predaja od ka\u017edej pred\u00e1vaj\u00facej.<\/p>\n<p>Chceli by sme sa po\u010fakova\u0165 ka\u017ed\u00e9mu, kto sa z\u00fa\u010dastnil na burze \u010di u\u017e predajom, vykladan\u00edm, odkladan\u00edm, organizovan\u00edm&#8230; Ka\u017ed\u00e1 ruka bola pre n\u00e1s ve\u013ek\u00fdm pr\u00ednosom.<\/p>\n<p>Ver\u00edme, \u017ee na\u0161a burza bude rok \u010do rok lep\u0161ia a\u00a0lep\u0161ia, a prinesie ve\u013ea radosti tak, ako to bolo aj teraz. Spokojn\u00e9 pred\u00e1vaj\u00face a\u00a0nakupuj\u00face maminy pre n\u00e1s znamenaj\u00fa ve\u013ea.<\/p>\n<p>E\u0161te raz jedno ve\u013ek\u00e9 \u010eAKUJEME ka\u017ed\u00e9mu, kto pri\u0161iel \u010di pom\u00e1hal.<\/p>\n<p><a href=\"https:\/\/goo.gl\/photos\/o63zps2vAqVD3Zee8\" target=\"_blank\" rel=\"noopener noreferrer\">Fotky<\/a><\/p>\n<p>&nbsp;<\/p>\n<p>Pe\u0165a Nagyov\u00e1, Kostoln\u00e1 pri Dunaji\t\t\t\t<\/p>\n","protected":false},"excerpt":{"rendered":"<p>M\u00e1te doma ve\u013ea oble\u010denia a nem\u00e1te to kam da\u0165?<\/p>\n","protected":false},"author":1,"featured_media":2863,"comment_status":"closed","ping_status":"closed","sticky":false,"template":"","format":"standard","meta":{"footnotes":""},"categories":[1],"tags":[24],"class_list":{"0":"entry","1":"post","2":"publish","3":"author-marian-jasenoveceltras-sk","4":"has-excerpt","5":"has-more-link","6":"post-2862","8":"format-standard","9":"has-post-thumbnail","10":"category-uncategorized","11":"post_tag-aktuality"},"_links":{"self":[{"href":"https:\/\/www.farakostolna.sk\/index.php?rest_route=\/wp\/v2\/posts\/2862","targetHints":{"allow":["GET"]}}],"collection":[{"href":"https:\/\/www.farakostolna.sk\/index.php?rest_route=\/wp\/v2\/posts"}],"about":[{"href":"https:\/\/www.farakostolna.sk\/index.php?rest_route=\/wp\/v2\/types\/post"}],"author":[{"embeddable":true,"href":"https:\/\/www.farakostolna.sk\/index.php?rest_route=\/wp\/v2\/users\/1"}],"replies":[{"embeddable":true,"href":"https:\/\/www.farakostolna.sk\/index.php?rest_route=%2Fwp%2Fv2%2Fcomments&post=2862"}],"version-history":[{"count":0,"href":"https:\/\/www.farakostolna.sk\/index.php?rest_route=\/wp\/v2\/posts\/2862\/revisions"}],"wp:featuredmedia":[{"embeddable":true,"href":"https:\/\/www.farakostolna.sk\/index.php?rest_route=\/"}],"wp:attachment":[{"href":"https:\/\/www.farakostolna.sk\/index.php?rest_route=%2Fwp%2Fv2%2Fmedia&parent=2862"}],"wp:term":[{"taxonomy":"category","embeddable":true,"href":"https:\/\/www.farakostolna.sk\/index.php?rest_route=%2Fwp%2Fv2%2Fcategories&post=2862"},{"taxonomy":"post_tag","embeddable":true,"href":"https:\/\/www.farakostolna.sk\/index.php?rest_route=%2Fwp%2Fv2%2Ftags&post=2862"}],"curies":[{"name":"wp","href":"https:\/\/api.w.org\/{rel}","templated":true}]}}