{"id":2791,"date":"2016-02-02T10:48:22","date_gmt":"2016-02-02T10:48:22","guid":{"rendered":"http:\/\/kostolna.fara.sk\/?p=2791"},"modified":"2016-02-02T10:48:22","modified_gmt":"2016-02-02T10:48:22","slug":"rozlucili-sme-sa-s-panom-organistom-id-nagy-jozsef-kantor-emlekere","status":"publish","type":"post","link":"https:\/\/www.farakostolna.sk\/?p=2791","title":{"rendered":"Rozl\u00fa\u010dili sme sa s p\u00e1nom organistom \/ Id. Nagy J\u00f3zsef k\u00e1ntor eml\u00e9k\u00e9re"},"content":{"rendered":"<p>\t\t\t\t<em><a href=\"http:\/\/kostolna.fara.sk\/rozlucili-sme-sa-s-panom-organistom-id-nagy-jozsef-kantor-emlekere\/jozsibacsi_kep\/\" rel=\"attachment wp-att-2793\"><img loading=\"lazy\" decoding=\"async\" class=\"alignleft wp-image-2793\" title=\"Test\" src=\"http:\/\/kostolna.fara.sk\/wp-content\/uploads\/2016\/03\/J\u00f3zsib\u00e1csi_k\u00e9p.bmp\" alt=\"J\u00f3zsib\u00e1csi_k\u00e9p\" width=\"178\" height=\"212\" \/><\/a>\u201eSpievajte \u017ealmy, chv\u00e1lospevy a duchovn\u00e9 piesne\u201c<\/em> (Ef 5,19)<!--more--><\/p>\n<p>Pr\u00e1ve t\u00fdmito slovami z\u00a0P\u00edsma m\u00f4\u017eeme charakterizova\u0165 \u017eivot p\u00e1na organistu <em>Jozefa Nagya st<\/em>., ktor\u00e9ho si p\u00e1n Boh povolal 11. janu\u00e1ra 2016 v\u00a077. roku \u017eivota. P\u00e1n Nagy p\u00f4sobil ako organista po\u010das pol storo\u010dia v\u00a0kaplnke Hrubom \u0160\u00fare. Rozl\u00fa\u010di\u0165 sme sa s\u00a0n\u00edm mohli v\u00a0mieste jeho p\u00f4sobenia, v\u00a0Kaplnke Najsv\u00e4tej\u0161ej Trojice, odkia\u013e sme ho za \u00fa\u010dasti duchovn\u00fdch otcov <em>Pavla Gajdo\u0161<\/em>a a\u00a0<em>Eugena Matus<\/em>a odprevadili na miestny cintor\u00edn. Nech odpo\u010d\u00edva v\u00a0pokoji!<\/p>\n<p><em>\u201e\u00c9nekeljetek zsolt\u00e1rt, himnuszt \u00e9s szent \u00e9nekeket\u201d<\/em> (Ef 5, 19)<\/p>\n<p>Nagy J\u00f3zsef 1939\u20132016<\/p>\n<p><a href=\"https:\/\/goo.gl\/photos\/nK9TKpW8af2ZAh7U8\" target=\"_blank\" rel=\"noopener noreferrer\">Fotky \/ F\u00e9nyk\u00e9pek<\/a><\/p>\n<p>Ezt tette f\u00e9l \u00e9vsz\u00e1zadon kereszt\u00fcl <em>id. Nagy J\u00f3zsef<\/em> k\u00e1ntor \u00far, akinek \u00e9neke \u00e9s j\u00e1t\u00e9ka hegys\u00fari szentmis\u00e9k szinte elv\u00e1laszthatatlan r\u00e9sz\u00e9v\u00e9 v\u00e1lt. J\u00f3zsi b\u00e1csi m\u00e1r a r\u00e9gi k\u00e1poln\u00e1ban is k\u00e1ntorkodott (amelyet 1968-ban bontottak le), mikor m\u00e9g csak lit\u00e1ni\u00e1kra gy\u0171ltek \u00f6ssze a faluban a h\u00edvek, mivel szentmise csak a pl\u00e9b\u00e1niatemplomban volt. K\u00e1ntorkodott, ameddig csak tehette, a staf\u00e9t\u00e1t az \u00faj \u00e9vezred els\u0151 \u00e9veiben adta \u00e1t a fiatalabb gener\u00e1ci\u00f3nak. Kitart\u00f3 \u00e9s al\u00e1zatos szolg\u00e1lat\u00e1val p\u00e9ldak\u00e9nt \u00e1llhatott minden templomi szolg\u00e1latot v\u00e1llal\u00f3 el\u0151tt. Ez\u00e9rt fogadtuk szomor\u00faan a h\u00edrt, hogy az \u00faj \u00e9v elej\u00e9n, 2016. janu\u00e1r 11-\u00e9n, \u00e9let\u00e9nek 77. esztendej\u00e9ben, befejezte f\u00f6ldi p\u00e1lyafut\u00e1s\u00e1t. Janu\u00e1r 14-\u00e9n vehettek t\u0151le b\u00facs\u00fat a h\u00edvek, falubeliek, ismer\u0151s\u00f6k, rokonok s k\u00eds\u00e9rhett\u00e9k el utols\u00f3 f\u00f6ldi \u00fatj\u00e1n Gajdo\u0161 P\u00e1l \u00e9s Matus Jen\u0151 lelkiaty\u00e1k seg\u00e9dlet\u00e9vel a k\u00e1poln\u00e1b\u00f3l, ahol oly sok\u00e1ig tev\u00e9kenykedett, a helyi temet\u0151be. Rem\u00e9lj\u00fck, most m\u00e1r az \u00f6r\u00f6k haz\u00e1ban folytathatja szolg\u00e1lat\u00e1t, s \u00e9nek\u00e9vel k\u00f6zvetlen\u00fcl dics\u0151\u00edtheti a mennyei Aty\u00e1t.<\/p>\n<p><em>Gujber Zsuzsanna<\/em>\t\t\t\t<\/p>\n","protected":false},"excerpt":{"rendered":"<p>\u201eSpievajte \u017ealmy, chv\u00e1lospevy a duchovn\u00e9 piesne\u201c (Ef 5,19)<\/p>\n","protected":false},"author":1,"featured_media":2793,"comment_status":"closed","ping_status":"closed","sticky":false,"template":"","format":"standard","meta":{"footnotes":""},"categories":[6],"tags":[24],"class_list":{"0":"entry","1":"post","2":"publish","3":"author-marian-jasenoveceltras-sk","4":"has-excerpt","5":"has-more-link","6":"post-2791","8":"format-standard","9":"has-post-thumbnail","10":"category-aktuality-sk","11":"post_tag-aktuality"},"_links":{"self":[{"href":"https:\/\/www.farakostolna.sk\/index.php?rest_route=\/wp\/v2\/posts\/2791","targetHints":{"allow":["GET"]}}],"collection":[{"href":"https:\/\/www.farakostolna.sk\/index.php?rest_route=\/wp\/v2\/posts"}],"about":[{"href":"https:\/\/www.farakostolna.sk\/index.php?rest_route=\/wp\/v2\/types\/post"}],"author":[{"embeddable":true,"href":"https:\/\/www.farakostolna.sk\/index.php?rest_route=\/wp\/v2\/users\/1"}],"replies":[{"embeddable":true,"href":"https:\/\/www.farakostolna.sk\/index.php?rest_route=%2Fwp%2Fv2%2Fcomments&post=2791"}],"version-history":[{"count":0,"href":"https:\/\/www.farakostolna.sk\/index.php?rest_route=\/wp\/v2\/posts\/2791\/revisions"}],"wp:featuredmedia":[{"embeddable":true,"href":"https:\/\/www.farakostolna.sk\/index.php?rest_route=\/"}],"wp:attachment":[{"href":"https:\/\/www.farakostolna.sk\/index.php?rest_route=%2Fwp%2Fv2%2Fmedia&parent=2791"}],"wp:term":[{"taxonomy":"category","embeddable":true,"href":"https:\/\/www.farakostolna.sk\/index.php?rest_route=%2Fwp%2Fv2%2Fcategories&post=2791"},{"taxonomy":"post_tag","embeddable":true,"href":"https:\/\/www.farakostolna.sk\/index.php?rest_route=%2Fwp%2Fv2%2Ftags&post=2791"}],"curies":[{"name":"wp","href":"https:\/\/api.w.org\/{rel}","templated":true}]}}