{"id":2786,"date":"2016-01-31T09:22:56","date_gmt":"2016-01-31T09:22:56","guid":{"rendered":"http:\/\/kostolna.fara.sk\/?p=2786"},"modified":"2016-01-31T09:22:56","modified_gmt":"2016-01-31T09:22:56","slug":"otec-jozef-toth-v-hrubom-sure-toth-jozsef-atya-hegysuron","status":"publish","type":"post","link":"https:\/\/www.farakostolna.sk\/?p=2786","title":{"rendered":"Otec Jozef T\u00f3th v Hrubom \u0160\u00fare \/ T\u00f3th J\u00f3zsef atya Hegys\u00faron"},"content":{"rendered":"<p>\t\t\t\t<a href=\"http:\/\/kostolna.fara.sk\/otec-jozef-toth-v-hrubom-sure-toth-jozsef-atya-hegysuron\/img_7680\/\" rel=\"attachment wp-att-2788\"><img loading=\"lazy\" decoding=\"async\" class=\"size-thumbnail wp-image-2788 alignleft\" src=\"http:\/\/kostolna.fara.sk\/wp-content\/uploads\/2016\/03\/IMG_7680-150x150.jpg\" alt=\"IMG_7680\" width=\"150\" height=\"150\" \/><\/a>V\u00a0nede\u013eu 31. janu\u00e1ra 2016, na sviatok sv. J\u00e1na Bosca v\u00a0osobe salezi\u00e1na <em>Jozefa T\u00f3th<\/em>a k\u00a0n\u00e1m zav\u00edtal mil\u00fd hos\u0165, ktor\u00fd bol celebrantom sv. om\u0161e. Veriaci si otca Jo\u017eka ob\u013e\u00fabili e\u0161te za \u010dias minul\u00e9ho re\u017eimu, ke\u010f sa v\u00a0tajnosti stret\u00e1val s\u00a0mlad\u00fdmi, aby im odovzd\u00e1val evanjeliov\u00e9 posolstvo.<!--more--><\/p>\n<p>Vo svojej hom\u00edlii sa otec Jozef venoval Bo\u017eiemu milosrdenstvu, ktor\u00e9 dosiahlo svoj vrchol v\u00a0Je\u017ei\u0161ovi Kristovi. Sv\u00e4t\u00fdch nazval br\u00e1nami, cez ktor\u00e9 sa m\u00f4\u017eeme \u013eah\u0161ie dosta\u0165 k\u00a0Bohu. Ke\u010f\u017ee don Jo\u017eko, z\u00a0ktor\u00e9ho vy\u017earuje nesmierny pokoj, p\u00f4sob\u00ed u\u017e vy\u0161e 20 rokov v\u00a0misi\u00e1ch, mohli sme si vypo\u010du\u0165 aj jeho z\u00e1\u017eitky zo vzdialen\u00e9ho Sib\u00edru, presnej\u0161ie z\u00a0Jakutska.<\/p>\n<p><a href=\"https:\/\/goo.gl\/photos\/t7gvWkvVyRYKPJLh6\" target=\"_blank\" rel=\"noopener noreferrer\">Fotky \/ F\u00e9nyk\u00e9pek<\/a><\/p>\n<p>Janu\u00e1r 31-\u00e9n, Bosco Szent J\u00e1nos \u00fcnnep\u00e9n kedves vend\u00e9g l\u00e1togatott el Hegys\u00farra vas\u00e1rnapi szentmis\u00e9re <em>T\u00f3th J\u00f3zsef<\/em> szal\u00e9zi misszi\u00f3s atya szem\u00e9ly\u00e9ben. J\u00f3zsef aty\u00e1t k\u00fcl\u00f6n\u00f6sen szeretik \u00e9s tisztelik a helyiek, s minden hazal\u00e1togat\u00e1sa alkalm\u00e1val sz\u00edvesen fogadj\u00e1k, hiszen a rendszerv\u00e1lt\u00e1s el\u0151tt titokban tal\u00e1lkoz\u00f3kat tartott az itteni fiataloknak is, hogy \u00e1tadjon nekik valamit az evang\u00e9liumi \u00e9rt\u00e9kekb\u0151l.<\/p>\n<p>J\u00f3zsef atya a pr\u00e9dik\u00e1ci\u00f3ban az Irgalmass\u00e1g szent\u00e9ve kapcs\u00e1n az Isteni Irgalmass\u00e1gr\u00f3l elm\u00e9lkedett, melynek cs\u00facsa maga J\u00e9zus Krisztus. A szenteket pedig kapuknak nevezte, hiszen rajtuk kereszt\u00fcl k\u00f6nnyebben juthatunk el Istenhez.<\/p>\n<p>Mivel az atya m\u00e1r t\u00f6bb mint k\u00e9t \u00e9vtizede teljes\u00edt misszi\u00f3s szolg\u00e1latot, egy r\u00f6vid besz\u00e1mol\u00f3 erej\u00e9ig a jelenl\u00e9v\u0151k is betekint\u00e9st nyerhettek az atya szib\u00e9riai, pontosabban jakutf\u00f6ldi munk\u00e1j\u00e1ba. Ez alkalommal egy zar\u00e1ndoklatr\u00f3l sz\u00e1molt be a \u201eszomsz\u00e9dos\u201d \u2013 k\u00e9tezer kilom\u00e9ternyire l\u00e9v\u0151 \u2013 pl\u00e9b\u00e1niak\u00f6zs\u00e9gbe, melyet t\u00e1rsaival a szal\u00e9zi rendalap\u00edt\u00f3, Bosco Szent J\u00e1nos sz\u00fclet\u00e9s\u00e9nek k\u00e9tsz\u00e1zadik \u00e9vfordul\u00f3ja alkalm\u00e1b\u00f3l aj\u00e1nlottak fel. \u00datjuk sor\u00e1n megeml\u00e9keztek azokr\u00f3l az elm\u00falt rendszer sor\u00e1n munkat\u00e1borokba hurcolt foglyokr\u00f3l, akik a k\u00e9t helys\u00e9get \u2013 Aldant a tengermell\u00e9ki Magadannal \u2013 \u00f6sszek\u00f6t\u0151 \u00fat \u00e9p\u00edt\u00e9se sor\u00e1n lelt\u00e9k hal\u00e1lukat, s akiket az \u00fat mellett temettek el.<\/p>\n<p>J\u00f3 volt \u00fajra l\u00e1tni \u00e9s hallani J\u00f3zsef aty\u00e1t, s \u00e9rz\u00e9kelni a szem\u00e9ly\u00e9t \u00e1that\u00f3 b\u00e9k\u00e9t \u00e9s nyugalmat. A J\u00f3isten adjon neki tov\u00e1bbi kitart\u00e1st \u00e9s j\u00f3 eg\u00e9szs\u00e9get \u00e1ldozatos munk\u00e1j\u00e1hoz!<\/p>\n<p><em>Gujber Zsuzsanna<\/em>\t\t\t\t<\/p>\n","protected":false},"excerpt":{"rendered":"<p>V\u00a0nede\u013eu 31. janu\u00e1ra 2016, na sviatok sv. J\u00e1na Bosca v\u00a0osobe salezi\u00e1na Jozefa T\u00f3tha k\u00a0n\u00e1m zav\u00edtal mil\u00fd hos\u0165, ktor\u00fd bol celebrantom sv. om\u0161e. Veriaci si otca Jo\u017eka ob\u013e\u00fabili e\u0161te za \u010dias minul\u00e9ho re\u017eimu, ke\u010f sa v\u00a0tajnosti stret\u00e1val s\u00a0mlad\u00fdmi, aby im odovzd\u00e1val evanjeliov\u00e9 posolstvo.<\/p>\n","protected":false},"author":1,"featured_media":2788,"comment_status":"closed","ping_status":"closed","sticky":false,"template":"","format":"standard","meta":{"footnotes":""},"categories":[6],"tags":[24],"class_list":{"0":"entry","1":"post","2":"publish","3":"author-marian-jasenoveceltras-sk","4":"has-excerpt","5":"has-more-link","6":"post-2786","8":"format-standard","9":"has-post-thumbnail","10":"category-aktuality-sk","11":"post_tag-aktuality"},"_links":{"self":[{"href":"https:\/\/www.farakostolna.sk\/index.php?rest_route=\/wp\/v2\/posts\/2786","targetHints":{"allow":["GET"]}}],"collection":[{"href":"https:\/\/www.farakostolna.sk\/index.php?rest_route=\/wp\/v2\/posts"}],"about":[{"href":"https:\/\/www.farakostolna.sk\/index.php?rest_route=\/wp\/v2\/types\/post"}],"author":[{"embeddable":true,"href":"https:\/\/www.farakostolna.sk\/index.php?rest_route=\/wp\/v2\/users\/1"}],"replies":[{"embeddable":true,"href":"https:\/\/www.farakostolna.sk\/index.php?rest_route=%2Fwp%2Fv2%2Fcomments&post=2786"}],"version-history":[{"count":0,"href":"https:\/\/www.farakostolna.sk\/index.php?rest_route=\/wp\/v2\/posts\/2786\/revisions"}],"wp:featuredmedia":[{"embeddable":true,"href":"https:\/\/www.farakostolna.sk\/index.php?rest_route=\/"}],"wp:attachment":[{"href":"https:\/\/www.farakostolna.sk\/index.php?rest_route=%2Fwp%2Fv2%2Fmedia&parent=2786"}],"wp:term":[{"taxonomy":"category","embeddable":true,"href":"https:\/\/www.farakostolna.sk\/index.php?rest_route=%2Fwp%2Fv2%2Fcategories&post=2786"},{"taxonomy":"post_tag","embeddable":true,"href":"https:\/\/www.farakostolna.sk\/index.php?rest_route=%2Fwp%2Fv2%2Ftags&post=2786"}],"curies":[{"name":"wp","href":"https:\/\/api.w.org\/{rel}","templated":true}]}}