{"id":2780,"date":"2016-01-25T14:59:53","date_gmt":"2016-01-25T14:59:53","guid":{"rendered":"http:\/\/kostolna.fara.sk\/?p=2780"},"modified":"2016-01-25T14:59:53","modified_gmt":"2016-01-25T14:59:53","slug":"ekumenicke-stretnutie-imahet-a-krisztushivok-egysegeert","status":"publish","type":"post","link":"https:\/\/www.farakostolna.sk\/?p=2780","title":{"rendered":"Ekumenick\u00e9 stretnutie \/ Imah\u00e9t a krisztush\u00edv\u0151k egys\u00e9g\u00e9\u00e9rt"},"content":{"rendered":"<p>\t\t\t\t<em><a href=\"http:\/\/kostolna.fara.sk\/ekumenicke-stretnutie-imahet-a-krisztushivok-egysegeert\/160120-015\/\" rel=\"attachment wp-att-2781\"><img loading=\"lazy\" decoding=\"async\" class=\"size-thumbnail wp-image-2781 alignleft\" src=\"http:\/\/kostolna.fara.sk\/wp-content\/uploads\/2016\/02\/160120-015-150x150.jpg\" alt=\"160120 015\" width=\"150\" height=\"150\" \/><\/a>\u201ePovolan\u00ed zvestova\u0165 ve\u013ek\u00e9 skutky P\u00e1nove\u201c <\/em>(1 Pt 2, 9) \u2013 takto znie hlavn\u00e1 my\u0161lienka <!--more-->tohoro\u010dn\u00e9ho T\u00fd\u017ed\u0148a modlitieb za jednotu kres\u0165anov, ktor\u00fd sa u\u017e tradi\u010dne uskuto\u010dn\u00ed od 18. do 25. janu\u00e1ra. Tieto dni boli navrhnut\u00e9 v roku 1908 tak, aby modlitby prebiehali v d\u0148och medzi sviatkami sv. Petra (Katedra) a sv. Pavla (Obr\u00e1tenie), \u010do im dodalo symbolick\u00fd v\u00fdznam.<\/p>\n<p>Pri tejto pr\u00edle\u017eitosti sa veriaci mohli z\u00fa\u010dastni\u0165 na sv\u00e4tej om\u0161i 20. janu\u00e1ra 2016 v\u00a0kaplnke Najsv\u00e4tej\u0161ej Trojice v\u00a0Hrubom \u0160\u00fare, po ktorej nasledovalo dvojjazy\u010dn\u00e9 modlitbov\u00e9 stretnutie, na ktor\u00e9 prijal pozv\u00e1nku p\u00e1na far\u00e1ra <em>Pavla Gajdo\u0161a<\/em> pastor Reformovanej kres\u0165anskej cirkvi v\u00a0Jelke <em>Tibor Kiss<\/em> a\u00a0far\u00e1r cirkevn\u00e9ho zboru Evanjelickej cirkvi <em>Tibor<\/em> <em>Jan\u010d\u00edk<\/em>. Po stretnut\u00ed pre veriacich t\u00fdchto troch denomin\u00e1ci\u00ed bolo pripraven\u00e9 agap\u00e9 na miestnom obecnom \u00farade.<\/p>\n<p><a href=\"https:\/\/goo.gl\/photos\/NmcXgvYPabq91AAG9\" target=\"_blank\" rel=\"noopener noreferrer\">Fotky \/ F\u00e9nyk\u00e9pek<\/a><\/p>\n<p>Az idei imah\u00e9t t\u00e9m\u00e1j\u00e1t a\u00a0lettorsz\u00e1gi kereszt\u00e9nyek dolgozt\u00e1k ki, mott\u00f3ja: <em>\u201eArra h\u00edvattunk, hogy az \u00dar nagy tetteit hirdess\u00fck!\u201c<\/em> (1 Pt 2,9) Az imah\u00e9t keret\u00e9n bel\u00fcl, amely janu\u00e1r 18-t\u00f3l 25-ig tartott, \u00fcnnepi szentmis\u00e9re ker\u00fclt sor 2016. janu\u00e1r 20-\u00e1n ez\u00fattal a\u00a0hegys\u00fari Szenth\u00e1roms\u00e1g-k\u00e1poln\u00e1ban, amelyet imatal\u00e1lkoz\u00f3 k\u00f6vetett <em>Gajdo\u0161 P\u00e1l<\/em> helyi pl\u00e9b\u00e1nos, <em>Kiss Tibor<\/em> j\u00f3kai reform\u00e1tus lelkip\u00e1sztor \u00e9s <em>Jan\u010d\u00edk Tibor<\/em> szenci evang\u00e9likus lelkip\u00e1sztor r\u00e9szv\u00e9tel\u00e9vel. A k\u00e9tnyelv\u0171 tal\u00e1lkoz\u00f3n r\u00e9szt vev\u0151 katolikus, reform\u00e1tus \u00e9s evang\u00e9likus h\u00edv\u0151k k\u00f6z\u00f6s \u00e9neke \u00e9s im\u00e1ja is a\u00a0Krisztush\u00edv\u0151k egys\u00e9g\u00e9t bizony\u00edtotta. A sz\u00e9p \u00f6sszej\u00f6vetel agap\u00e9val \u00e9rt v\u00e9get a\u00a0k\u00f6zs\u00e9gi hivatal h\u00e1zass\u00e1gk\u00f6t\u0151 term\u00e9ben.<\/p>\n<p><em>Gujber Etelka<\/em>\t\t\t\t<\/p>\n","protected":false},"excerpt":{"rendered":"<p>\u201ePovolan\u00ed zvestova\u0165 ve\u013ek\u00e9 skutky P\u00e1nove\u201c (1 Pt 2, 9) \u2013 takto znie hlavn\u00e1 my\u0161lienka<\/p>\n","protected":false},"author":1,"featured_media":2781,"comment_status":"closed","ping_status":"closed","sticky":false,"template":"","format":"standard","meta":{"footnotes":""},"categories":[4,6],"tags":[22,24],"class_list":{"0":"entry","1":"post","2":"publish","3":"author-marian-jasenoveceltras-sk","4":"has-excerpt","5":"has-more-link","6":"post-2780","8":"format-standard","9":"has-post-thumbnail","10":"category-akcie","11":"category-aktuality-sk","12":"post_tag-akcie","13":"post_tag-aktuality"},"_links":{"self":[{"href":"https:\/\/www.farakostolna.sk\/index.php?rest_route=\/wp\/v2\/posts\/2780","targetHints":{"allow":["GET"]}}],"collection":[{"href":"https:\/\/www.farakostolna.sk\/index.php?rest_route=\/wp\/v2\/posts"}],"about":[{"href":"https:\/\/www.farakostolna.sk\/index.php?rest_route=\/wp\/v2\/types\/post"}],"author":[{"embeddable":true,"href":"https:\/\/www.farakostolna.sk\/index.php?rest_route=\/wp\/v2\/users\/1"}],"replies":[{"embeddable":true,"href":"https:\/\/www.farakostolna.sk\/index.php?rest_route=%2Fwp%2Fv2%2Fcomments&post=2780"}],"version-history":[{"count":0,"href":"https:\/\/www.farakostolna.sk\/index.php?rest_route=\/wp\/v2\/posts\/2780\/revisions"}],"wp:featuredmedia":[{"embeddable":true,"href":"https:\/\/www.farakostolna.sk\/index.php?rest_route=\/"}],"wp:attachment":[{"href":"https:\/\/www.farakostolna.sk\/index.php?rest_route=%2Fwp%2Fv2%2Fmedia&parent=2780"}],"wp:term":[{"taxonomy":"category","embeddable":true,"href":"https:\/\/www.farakostolna.sk\/index.php?rest_route=%2Fwp%2Fv2%2Fcategories&post=2780"},{"taxonomy":"post_tag","embeddable":true,"href":"https:\/\/www.farakostolna.sk\/index.php?rest_route=%2Fwp%2Fv2%2Ftags&post=2780"}],"curies":[{"name":"wp","href":"https:\/\/api.w.org\/{rel}","templated":true}]}}