{"id":2771,"date":"2016-02-27T14:16:23","date_gmt":"2016-02-27T14:16:23","guid":{"rendered":"http:\/\/kostolna.fara.sk\/?p=2771"},"modified":"2016-02-27T14:16:23","modified_gmt":"2016-02-27T14:16:23","slug":"duchovna-obnova-pre-seniorov-lelkigyakorlat-toth-jozsef-atyaval","status":"publish","type":"post","link":"https:\/\/www.farakostolna.sk\/?p=2771","title":{"rendered":"Duchovn\u00e1 obnova pre seniorov \/ Lelkigyakorlat T\u00f3th J\u00f3zsef aty\u00e1val"},"content":{"rendered":"<p>\t\t\t\t<a href=\"http:\/\/kostolna.fara.sk\/duchovna-obnova-pre-seniorov-lelkigyakorlat-toth-jozsef-atyaval\/160225-017\/\" rel=\"attachment wp-att-2772\"><img loading=\"lazy\" decoding=\"async\" class=\"size-thumbnail wp-image-2772 alignleft\" src=\"http:\/\/kostolna.fara.sk\/wp-content\/uploads\/2016\/02\/160225-017-150x150.jpg\" alt=\"160225 017\" width=\"150\" height=\"150\" \/><\/a>Viem, \u017ee nie som jedin\u00fd, pre koho je pr\u00edjemn\u00fdm z\u00e1\u017eitkom stretnutie s\u00a0otcom Jozefom T\u00f3thom, <!--more-->salezi\u00e1nom, ktor\u00fd okolo seba \u0161\u00edri nezvy\u010dajn\u00fa dobrotu, pokoj a\u00a0porozumenie. Ani tentoraz tomu nebolo inak. Koncom febru\u00e1ra sa 126\u00a0seniorov (v Hrubom \u0160\u00fare 65, v Kostolnej 35 a\u00a0v\u00a0Hrubej Bor\u0161i 26) mohlo povzbudi\u0165 mil\u00fdm slovkom otca Jo\u017eka na duchovnej obnove s t\u00e9mou: \u201ePo\u017eehnan\u00fd vek o\u010dami viery\u201c.<\/p>\n<p>V\u00a0spolupr\u00e1ci s\u00a0Bratislavskou arcidiec\u00e9znou charitou a\u00a0miestnymi obecn\u00fdmi \u00faradmi sme pozvali seniorov na\u0161ich troch obc\u00ed na spolo\u010dn\u00e9 predpoludnie. Atmosf\u00e9ra bola v\u0161ade ve\u013emi \u017eiv\u00e1 a\u00a0priate\u013esk\u00e1. Po predn\u00e1\u0161ke, otvorenej diskusii, dokonca i\u00a0speve nasledoval chutn\u00fd obed, ktor\u00fd pre seniorov preplatila katol\u00edcka charita. K\u00a0pr\u00edjemn\u00e9mu predpoludniu v\u00a0nemalej miere prispeli aj p\u00e1ni starostovia obecn\u00fdch \u00faradov (Hrub\u00e9ho \u0160\u00faru, Kostolnej pri Dunaji, Hrubej Bor\u0161e), ktor\u00ed pokryli v\u00fddavky s\u00a0ob\u010derstven\u00edm, za\u010do im na tomto mieste v mene seniorov\u00a0\u010fakujem. Mysl\u00edm, \u017ee v\u0161etci odch\u00e1dzali domov spokojn\u00ed a\u00a0preto ver\u00edm, \u017ee t\u00e1to duchovn\u00e1 obnova nebola posledn\u00e1.<\/p>\n<p><em>Pavol Gajdo\u0161, far\u00e1r<\/em><\/p>\n<p><a href=\"https:\/\/goo.gl\/photos\/wCQb6Z65PYaK5gtb8\" target=\"_blank\" rel=\"noopener noreferrer\">Fotky \/ F\u00e9nyk\u00e9pek<\/a><\/p>\n<p>Tudom, hogy nem \u00e9n vagyok az egyed\u00fcli, aki sz\u00edvesen tal\u00e1lkozik T\u00f3th J\u00f3zsef szal\u00e9zi aty\u00e1val, aki szokatlan j\u00f3s\u00e1got, b\u00e9k\u00e9t, meg\u00e9rt\u00e9st terjeszt maga k\u00f6r\u00fcl. Mindez \u00edgy volt ez alkalommal is. Febru\u00e1r v\u00e9g\u00e9n 126 nyugd\u00edjas (65 Hegys\u00faron, 35 Egyh\u00e1zf\u00e1n \u00e9s 26 Nagybors\u00e1n) hallgathatta meg J\u00f3zsef atya el\u0151ad\u00e1s\u00e1t az id\u0151skor \u00e9s a hit kapcsolat\u00e1r\u00f3l.<\/p>\n<p>A Pozsonyi \u00c9rseks\u00e9gi Seg\u00e9lyszervezettel \u00e9s a helyi k\u00f6zs\u00e9gi hivatalokkal k\u00f6z\u00f6sen elt\u00f6lt\u00f6tt d\u00e9lel\u0151ttre h\u00edvtuk a pl\u00e9b\u00e1niak\u00f6zs\u00e9get alkot\u00f3 h\u00e1rom falu nyugd\u00edjasait. Minden\u00fctt \u00e9l\u00e9nk \u00e9s bar\u00e1ts\u00e1gos hangulat uralkodott. Az el\u0151ad\u00e1st besz\u00e9lget\u00e9s, s\u0151t \u00e9neksz\u00f3 k\u00f6vette, majd \u00edzletes eb\u00e9d k\u00f6vetkezett, melyet a katolikus seg\u00e9lyszervezet biztos\u00edtott. A kellemes hangulat\u00fa d\u00e9lel\u0151tth\u00f6z nem kis m\u00e9rt\u00e9kben a h\u00e1rom falu polg\u00e1rmesterei is hozz\u00e1j\u00e1rultak, hiszen a k\u00f6zs\u00e9gi hivatalok \u00e1llt\u00e1k a friss\u00edt\u0151 k\u00f6lts\u00e9geit. Szeretn\u00e9m ezt nekik a nyugd\u00edjasok nev\u00e9ben megk\u00f6sz\u00f6nni. Azt hiszem, mindenki el\u00e9gedetten t\u00e9rt haza, s rem\u00e9lem, hogy ez a r\u00f6vid lelkigyakorlat nem volt az utols\u00f3.\t\t\t\t<\/p>\n","protected":false},"excerpt":{"rendered":"<p>Viem, \u017ee nie som jedin\u00fd, pre koho je pr\u00edjemn\u00fdm z\u00e1\u017eitkom stretnutie s\u00a0otcom Jozefom T\u00f3thom,<\/p>\n","protected":false},"author":1,"featured_media":2772,"comment_status":"closed","ping_status":"closed","sticky":false,"template":"","format":"standard","meta":{"footnotes":""},"categories":[4,6],"tags":[22,24],"class_list":{"0":"entry","1":"post","2":"publish","3":"author-marian-jasenoveceltras-sk","4":"has-excerpt","5":"has-more-link","6":"post-2771","8":"format-standard","9":"has-post-thumbnail","10":"category-akcie","11":"category-aktuality-sk","12":"post_tag-akcie","13":"post_tag-aktuality"},"_links":{"self":[{"href":"https:\/\/www.farakostolna.sk\/index.php?rest_route=\/wp\/v2\/posts\/2771","targetHints":{"allow":["GET"]}}],"collection":[{"href":"https:\/\/www.farakostolna.sk\/index.php?rest_route=\/wp\/v2\/posts"}],"about":[{"href":"https:\/\/www.farakostolna.sk\/index.php?rest_route=\/wp\/v2\/types\/post"}],"author":[{"embeddable":true,"href":"https:\/\/www.farakostolna.sk\/index.php?rest_route=\/wp\/v2\/users\/1"}],"replies":[{"embeddable":true,"href":"https:\/\/www.farakostolna.sk\/index.php?rest_route=%2Fwp%2Fv2%2Fcomments&post=2771"}],"version-history":[{"count":0,"href":"https:\/\/www.farakostolna.sk\/index.php?rest_route=\/wp\/v2\/posts\/2771\/revisions"}],"wp:featuredmedia":[{"embeddable":true,"href":"https:\/\/www.farakostolna.sk\/index.php?rest_route=\/"}],"wp:attachment":[{"href":"https:\/\/www.farakostolna.sk\/index.php?rest_route=%2Fwp%2Fv2%2Fmedia&parent=2771"}],"wp:term":[{"taxonomy":"category","embeddable":true,"href":"https:\/\/www.farakostolna.sk\/index.php?rest_route=%2Fwp%2Fv2%2Fcategories&post=2771"},{"taxonomy":"post_tag","embeddable":true,"href":"https:\/\/www.farakostolna.sk\/index.php?rest_route=%2Fwp%2Fv2%2Ftags&post=2771"}],"curies":[{"name":"wp","href":"https:\/\/api.w.org\/{rel}","templated":true}]}}