{"id":2769,"date":"2016-02-06T14:35:40","date_gmt":"2016-02-06T14:35:40","guid":{"rendered":"http:\/\/kostolna.fara.sk\/?p=2769"},"modified":"2016-02-06T14:35:40","modified_gmt":"2016-02-06T14:35:40","slug":"nielen-z-chleba-zije-clovek-nemcsak-kenyerrel-el-az-ember","status":"publish","type":"post","link":"https:\/\/www.farakostolna.sk\/?p=2769","title":{"rendered":"\u201eNielen z chleba \u017eije \u010dlovek&#8230;\u201c \/ \u201eNemcsak keny\u00e9rrel \u00e9l az ember&#8230;\u201c"},"content":{"rendered":"<p>\t\t\t\t<a href=\"http:\/\/kostolna.fara.sk\/nielen-z-chleba-zije-clovek-nemcsak-kenyerrel-el-az-ember\/img_0128\/\" rel=\"attachment wp-att-2775\"><img loading=\"lazy\" decoding=\"async\" class=\"size-thumbnail wp-image-2775 alignleft\" src=\"http:\/\/kostolna.fara.sk\/wp-content\/uploads\/2016\/02\/IMG_0128-150x150.jpg\" alt=\"IMG_0128\" width=\"150\" height=\"150\" \/><\/a>Bol piatok 6. 2. 2016 a\u00a0my sme ho, ako ka\u017ed\u00fd pracovn\u00fd de\u0148, tr\u00e1vili v\u00a0pr\u00e1ci. <!--more-->Av\u0161ak tento de\u0148 bol pre n\u00e1s o\u00a0\u010dosi \u0161peci\u00e1lnej\u0161\u00edm. Vedeli sme, \u017ee tento ve\u010der budeme tr\u00e1vi\u0165 spolu na fare v\u00a0Kostolnej pri Dunaji u\u00a0otca Pa\u013ea, ktor\u00fd organizoval tzv. \u201ePredvalent\u00ednsky ve\u010der pre man\u017eelsk\u00e9 p\u00e1ry\u201c na\u0161ej farnosti. Ke\u010f\u017ee od decembra 2015 sme u\u017e aj my obyvate\u013emi Hrub\u00e9ho \u0160\u00faru, boli sme radi, \u017ee sa pre n\u00e1s na\u0161lo miesto. O\u00a0\u0161tvrtej hodine poobede mi man\u017eel poslal SMS s\u00a0textom: \u201eLeni, spolo\u010densk\u00e9 oble\u010denie.\u201c Bolo to prv\u00e9 pr\u00edjemn\u00e9 prekvapenie a\u00a0s\u00fa\u010dasne v\u00fdzva, ke\u010f\u017ee v\u00a0dne\u0161nej upon\u00e1h\u013eanej dobe sa u\u017e spolo\u010densky obliekame sn\u00e1\u010f len do divadla. Te\u0161ili sme sa, preto\u017ee tak\u00fdchto pekn\u00fdch ve\u010derov je v\u00a0na\u0161om \u017eivote m\u00e1lo. Ve\u010der sa za\u010dal ochutn\u00e1vkou v\u00fdborn\u00e9ho dom\u00e1ceho v\u00ednka od <em>Igora \u0160illu<\/em> z\u00a0Kostolnej. V historickej pivni\u010dke pod farou na n\u00e1s \u010dakal tie\u017e kr\u00e1sne a\u00a0romanticky prestret\u00fd st\u00f4l, pri ktorom u\u017e sedeli dobre naladen\u00e9 man\u017eelsk\u00e9 p\u00e1ry. O\u00a0v\u00fdborn\u00fa a\u00a0chutn\u00fa ve\u010deru sa n\u00e1m postaral mil\u00fd p\u00e1n <em>Valter Matus<\/em>. Povedzme si \u00faprimne \u2013 l\u00e1ska ide aj cez \u017eal\u00fadok. Nemali sme pre tento ve\u010der \u017eiadne \u0161peci\u00e1lne o\u010dak\u00e1vania, ale mali sme v\u00a0srdci t\u00fa\u017ebu stretn\u00fa\u0165 man\u017eelov, ktor\u00ed sa boria rovnak\u00fdmi alebo podobn\u00fdmi probl\u00e9mami dne\u0161nej doby ako my, a\u00a0aj napriek tomu h\u013eadaj\u00fa L\u00e1sku, Boha \u2013 zmysel \u017eivota. <em>Otec Pa\u013eo<\/em>, sme V\u00e1m ve\u013emi v\u010fa\u010dn\u00ed, \u017ee sa star\u00e1te o\u00a0rodiny aj t\u00fdmto sp\u00f4sobom, ve\u010f sviatok Valent\u00edna by sme v\u00a0na\u0161ich man\u017eelstv\u00e1ch mali \u017eivi\u0165 ka\u017ed\u00fd de\u0148. S\u00a0l\u00e1skou,<\/p>\n<p>Lenka a\u00a0Andrej \u010cechovi z\u00a0Hrub\u00e9ho \u0160\u00faru<\/p>\n<p><a href=\"https:\/\/goo.gl\/photos\/EV5pbkaNUwkZD3pR9\" target=\"_blank\" rel=\"noopener noreferrer\">Fotky \/ F\u00e9nyk\u00e9pek<\/a><\/p>\n<p>Febru\u00e1r 6-\u00e1n Valentin-esten vehettek r\u00e9szt az ezt az \u00fcnnepet romantikusan megter\u00edtett asztaln\u00e1l, j\u00f3 hangulatban, \u00fcnnepi \u00f6lt\u00f6z\u00e9kben elt\u00f6lteni v\u00e1gy\u00f3 h\u00e1zasp\u00e1rok pl\u00e9b\u00e1niak\u00f6zs\u00e9g\u00fcnkb\u0151l. A sz\u00e9p programra a pl\u00e9b\u00e1nia \u00e9p\u00fclet\u00e9nek hangulatos pinc\u00e9j\u00e9ben l\u00e9v\u0151 pasztor\u00e1ci\u00f3s k\u00f6zpontban ker\u00fclt sor. Az est sor\u00e1n <em>\u0160illo Igor<\/em> kit\u0171n\u0151 hazai borait k\u00f3stolgathattuk, az \u00edzletes vacsor\u00e1r\u00f3l pedig <em>Matus Valter<\/em> gondoskodott. K\u00f6sz\u00f6net illeti <em>Pali aty\u00e1t<\/em>, aki ily m\u00f3don is gondoskodik a csal\u00e1dokr\u00f3l, s lehet\u0151v\u00e9 teszi, hogy tal\u00e1lkozhassanak a hasonl\u00f3 cip\u0151ben j\u00e1r\u00f3, Istent \u2013 a Szeretet, \u00e9let\u00fcnk \u00e9rtelm\u00e9t keres\u0151 h\u00e1zasp\u00e1rok.\t\t\t\t<\/p>\n","protected":false},"excerpt":{"rendered":"<p>Bol piatok 6. 2. 2016 a\u00a0my sme ho, ako ka\u017ed\u00fd pracovn\u00fd de\u0148, tr\u00e1vili v\u00a0pr\u00e1ci.<\/p>\n","protected":false},"author":1,"featured_media":2775,"comment_status":"closed","ping_status":"closed","sticky":false,"template":"","format":"standard","meta":{"footnotes":""},"categories":[4,6],"tags":[22,24],"class_list":{"0":"entry","1":"post","2":"publish","3":"author-marian-jasenoveceltras-sk","4":"has-excerpt","5":"has-more-link","6":"post-2769","8":"format-standard","9":"has-post-thumbnail","10":"category-akcie","11":"category-aktuality-sk","12":"post_tag-akcie","13":"post_tag-aktuality"},"_links":{"self":[{"href":"https:\/\/www.farakostolna.sk\/index.php?rest_route=\/wp\/v2\/posts\/2769","targetHints":{"allow":["GET"]}}],"collection":[{"href":"https:\/\/www.farakostolna.sk\/index.php?rest_route=\/wp\/v2\/posts"}],"about":[{"href":"https:\/\/www.farakostolna.sk\/index.php?rest_route=\/wp\/v2\/types\/post"}],"author":[{"embeddable":true,"href":"https:\/\/www.farakostolna.sk\/index.php?rest_route=\/wp\/v2\/users\/1"}],"replies":[{"embeddable":true,"href":"https:\/\/www.farakostolna.sk\/index.php?rest_route=%2Fwp%2Fv2%2Fcomments&post=2769"}],"version-history":[{"count":0,"href":"https:\/\/www.farakostolna.sk\/index.php?rest_route=\/wp\/v2\/posts\/2769\/revisions"}],"wp:featuredmedia":[{"embeddable":true,"href":"https:\/\/www.farakostolna.sk\/index.php?rest_route=\/"}],"wp:attachment":[{"href":"https:\/\/www.farakostolna.sk\/index.php?rest_route=%2Fwp%2Fv2%2Fmedia&parent=2769"}],"wp:term":[{"taxonomy":"category","embeddable":true,"href":"https:\/\/www.farakostolna.sk\/index.php?rest_route=%2Fwp%2Fv2%2Fcategories&post=2769"},{"taxonomy":"post_tag","embeddable":true,"href":"https:\/\/www.farakostolna.sk\/index.php?rest_route=%2Fwp%2Fv2%2Ftags&post=2769"}],"curies":[{"name":"wp","href":"https:\/\/api.w.org\/{rel}","templated":true}]}}