{"id":2762,"date":"2015-12-20T18:00:25","date_gmt":"2015-12-20T18:00:25","guid":{"rendered":"http:\/\/kostolna.fara.sk\/?p=2762"},"modified":"2015-12-20T18:00:25","modified_gmt":"2015-12-20T18:00:25","slug":"jaslickova-poboznost-2015-betlehemes-jatek","status":"publish","type":"post","link":"https:\/\/www.farakostolna.sk\/?p=2762","title":{"rendered":"Jasli\u010dkov\u00e1 pobo\u017enos\u0165 2015 \/ Betlehemes j\u00e1t\u00e9k"},"content":{"rendered":"<p>\t\t\t\t<a href=\"http:\/\/kostolna.fara.sk\/jaslickova-poboznost-2015-betlehemes-jatek\/screen-shot-2016-02-25-at-11-10-27-pm\/\" rel=\"attachment wp-att-2766\"><img loading=\"lazy\" decoding=\"async\" class=\"size-thumbnail wp-image-2766 alignleft\" src=\"http:\/\/kostolna.fara.sk\/wp-content\/uploads\/2016\/02\/Screen-Shot-2016-02-25-at-11.10.27-PM-150x150.png\" alt=\"Screen Shot 2016-02-25 at 11.10.27 PM\" width=\"150\" height=\"150\" \/><\/a>Narodenie b\u00e1b\u00e4tka je ve\u013ek\u00e1 a\u00a0radostn\u00e1 udalos\u0165.<!--more--> Narodenie b\u00e1b\u00e4tka Je\u017ei\u0161ka je kr\u00e1sna pr\u00edle\u017eitos\u0165 na oslavu spevom, lebo ako sa hovor\u00ed, kto spieva, modl\u00ed sa dvojn\u00e1sobne. V\u00a0na\u0161ej farnosti n\u00e1m \u010dlenovia detsk\u00e9ho spevokolu pripravili program Jasli\u010dkovej pobo\u017enosti. Deti si tak skr\u00e1\u0161lili obdobie adventu, kedy sa pravidelne stret\u00e1vali v\u00a0pastora\u010dnom centre pod farou a\u00a0nacvi\u010dovali tradi\u010dn\u00e9 koledy a\u00a0vin\u0161e. Prv\u00fdkr\u00e1t vyst\u00fapili na detskej om\u0161i v\u00a0kaplnke v Hrubom \u0160\u00fare 16. decembra a\u00a0druh\u00fdkr\u00e1t 9. janu\u00e1ra v\u00a0kostole v\u00a0Kostolnej pri Dunaji. Kr\u00e1sne predstavenie, v ktorom deti vyrozpr\u00e1vali pr\u00edbeh narodenia Je\u017ei\u0161a Krista pod\u010diarklo radostn\u00fa viano\u010dn\u00fa atmosf\u00e9ru. Ich v\u00fdkon ocenili potleskom nielen rodi\u010dia, ale v\u0161etci pr\u00edtomn\u00ed. Na z\u00e1ver \u00fa\u010dinkuj\u00facim po\u010fakoval p. far\u00e1r a\u00a0nezabudol prilo\u017ei\u0165 aj sladk\u00fa odmenu J.<\/p>\n<p><em>mb<\/em><\/p>\n<p><iframe loading=\"lazy\" title=\"JaslickovaPoboznost 2015\" width=\"700\" height=\"394\" src=\"https:\/\/www.youtube.com\/embed\/S46gsjrPE-A?feature=oembed\" frameborder=\"0\" allow=\"accelerometer; autoplay; clipboard-write; encrypted-media; gyroscope; picture-in-picture; web-share\" allowfullscreen><\/iframe><\/p>\n<p>Egy kisbaba sz\u00fclet\u00e9se mindig \u00f6r\u00f6mteli esem\u00e9ny, f\u0151k\u00e9nt, ha a kis J\u00e9zus sz\u00fclet\u00e9s\u00e9r\u0151l van sz\u00f3. Kit\u0171n\u0151 alkalom ez az \u00e9neksz\u00f3val val\u00f3 \u00fcnnepl\u00e9sre, hiszen, aki \u00e9nekel, k\u00e9tszer im\u00e1dkozik. Ez alkalomb\u00f3l a pl\u00e9b\u00e1niak\u00f6zs\u00e9g\u00fcnkben m\u0171k\u00f6d\u0151 gyermek\u00e9nekkar tagjai betlehemes j\u00e1t\u00e9kkal k\u00e9sz\u00fcltek. \u00cdgy tett\u00e9k m\u00e9g szebb\u00e9 az adventi v\u00e1rakoz\u00e1s id\u0151szak\u00e1t, amikor is rendszeresen tal\u00e1lkoztak a pasztor\u00e1ci\u00f3s k\u00f6zpontban, hogy begyakorolj\u00e1k a hagyom\u00e1nyos kar\u00e1csonyi \u00e9nekeket. El\u0151sz\u00f6r december 16-\u00e1n mutatt\u00e1k be m\u0171sorukat a hegys\u00fari k\u00e1poln\u00e1ban, majd janu\u00e1r 9-\u00e9n Egyh\u00e1zf\u00e1n is fell\u00e9ptek. A gy\u00f6ny\u00f6r\u0171 el\u0151ad\u00e1s, melyben a gyerekek feleleven\u00edtett\u00e9k J\u00e9zus Krisztus sz\u00fclet\u00e9s\u00e9nek t\u00f6rt\u00e9net\u00e9t, hangs\u00falyosabb\u00e1 tette az \u00f6r\u00f6mteli kar\u00e1csonyi hangulatot. Teljes\u00edtm\u00e9ny\u00fcket tapssal jutalmazt\u00e1k sz\u00fcl\u0151k \u00e9s jelenl\u00e9v\u0151k egyar\u00e1nt. V\u00e9g\u00fcl a pl\u00e9b\u00e1nos \u00far is k\u00f6sz\u00f6netet mondott a szerepl\u0151knek, akiket \u00e9des jutalommal aj\u00e1nd\u00e9kozott meg.\t\t\t\t<\/p>\n","protected":false},"excerpt":{"rendered":"<p>Narodenie b\u00e1b\u00e4tka je ve\u013ek\u00e1 a\u00a0radostn\u00e1 udalos\u0165.<\/p>\n","protected":false},"author":1,"featured_media":2766,"comment_status":"closed","ping_status":"closed","sticky":false,"template":"","format":"standard","meta":{"footnotes":""},"categories":[6],"tags":[24],"class_list":{"0":"entry","1":"post","2":"publish","3":"author-marian-jasenoveceltras-sk","4":"has-excerpt","5":"has-more-link","6":"post-2762","8":"format-standard","9":"has-post-thumbnail","10":"category-aktuality-sk","11":"post_tag-aktuality"},"_links":{"self":[{"href":"https:\/\/www.farakostolna.sk\/index.php?rest_route=\/wp\/v2\/posts\/2762","targetHints":{"allow":["GET"]}}],"collection":[{"href":"https:\/\/www.farakostolna.sk\/index.php?rest_route=\/wp\/v2\/posts"}],"about":[{"href":"https:\/\/www.farakostolna.sk\/index.php?rest_route=\/wp\/v2\/types\/post"}],"author":[{"embeddable":true,"href":"https:\/\/www.farakostolna.sk\/index.php?rest_route=\/wp\/v2\/users\/1"}],"replies":[{"embeddable":true,"href":"https:\/\/www.farakostolna.sk\/index.php?rest_route=%2Fwp%2Fv2%2Fcomments&post=2762"}],"version-history":[{"count":0,"href":"https:\/\/www.farakostolna.sk\/index.php?rest_route=\/wp\/v2\/posts\/2762\/revisions"}],"wp:featuredmedia":[{"embeddable":true,"href":"https:\/\/www.farakostolna.sk\/index.php?rest_route=\/"}],"wp:attachment":[{"href":"https:\/\/www.farakostolna.sk\/index.php?rest_route=%2Fwp%2Fv2%2Fmedia&parent=2762"}],"wp:term":[{"taxonomy":"category","embeddable":true,"href":"https:\/\/www.farakostolna.sk\/index.php?rest_route=%2Fwp%2Fv2%2Fcategories&post=2762"},{"taxonomy":"post_tag","embeddable":true,"href":"https:\/\/www.farakostolna.sk\/index.php?rest_route=%2Fwp%2Fv2%2Ftags&post=2762"}],"curies":[{"name":"wp","href":"https:\/\/api.w.org\/{rel}","templated":true}]}}