{"id":2712,"date":"2016-01-17T17:19:58","date_gmt":"2016-01-17T17:19:58","guid":{"rendered":"http:\/\/kostolna.fara.sk\/?p=2712"},"modified":"2016-01-17T17:19:58","modified_gmt":"2016-01-17T17:19:58","slug":"sviatost-krstu-s-otcom-biskupom-halkom-keresztelo-a-puspok-atyaval","status":"publish","type":"post","link":"https:\/\/www.farakostolna.sk\/?p=2712","title":{"rendered":"Sviatos\u0165 krstu s otcom biskupom Ha\u013ekom \/ Keresztel\u0151 a p\u00fcsp\u00f6k aty\u00e1val"},"content":{"rendered":"<p>\t\t\t\t<a href=\"http:\/\/kostolna.fara.sk\/sviatost-krstu-s-otcom-biskupom-halkom-keresztelo-a-puspok-atyaval\/w-6854\/\" rel=\"attachment wp-att-2713\"><img loading=\"lazy\" decoding=\"async\" class=\"size-thumbnail wp-image-2713 alignleft\" src=\"http:\/\/kostolna.fara.sk\/wp-content\/uploads\/2016\/02\/w-6854-150x150.jpg\" alt=\"w-6854\" width=\"150\" height=\"150\" \/><\/a>V sobotu 16. janu\u00e1ra 2016 sme v na\u0161ej farnosti o 15 hodine v Kostolnej pri Dunaji sl\u00e1vili \u0161tyri krsty det\u00ed: Kinga, L\u00e1szl\u00f3, Patrik a Ter\u00e9zia M\u00e1ria.<!--more--> Kinga bola \u0161tvrt\u00fdm die\u0165a\u0165om v rodine a \u00a0tak \u00a0k n\u00e1m zav\u00edtal otec Jozef Ha\u013eko. Priebeh krstu bol ve\u013emi d\u00f4stojn\u00fd a sl\u00e1vnostn\u00fd. Rodi\u010dia i krsn\u00ed rodi\u010dia st\u00e1li okolo olt\u00e1ra a tak mohli hlb\u0161ie vn\u00edma\u0165 tajomstvo sviatosti krstu. Otec Ha\u013eko n\u00e1s vo svojich dvojjazy\u010dn\u00fdch pr\u00edhovoroch \u00a0ve\u013emi povzbudzoval, aby sme si zachovali vieru a u\u010dili ju aj na\u0161e deti od mali\u010dka. Pouk\u00e1zal aj na pevn\u00e9 spojenie die\u0165a\u0165a s Bohom, ktor\u00e9 krstom vzniklo a si ho treba chr\u00e1ni\u0165. Pri tejto sl\u00e1vnosti boli pr\u00edtomn\u00ed aj viacer\u00ed k\u0148azi.<\/p>\n<p>Otec biskup Ha\u013eko ostal s nami aj na hostine a pri\u0161iel pozdravi\u0165 ka\u017ed\u00fa rodinu osobitne. O 18 hodine sl\u00fa\u017eil v na\u0161om farskom kostole aj sv\u00e4t\u00fa om\u0161u. Vo svojej hom\u00edlii spom\u00ednal svoju sk\u00fasenos\u0165 z vojny, kde museli hraba\u0165 padaj\u00face l\u00edstie: nelogick\u00e1 \u010dinnos\u0165, ktor\u00e1 m\u00f4\u017ee nadobudn\u00fa\u0165 zmysel, ke\u010f ju kon\u00e1me z l\u00e1sky k Bohu.<\/p>\n<p>V\u010faka Bohu za dar sviatosti krstu, v\u010faka otcovi biskupovi, \u017ee prijal pozvanie, v\u010faka n\u00e1\u0161mu p\u00e1novi far\u00e1rovi, ktor\u00fd sa pri\u010dinil o priebeh i\u00a0v\u0161etk\u00fdm pr\u00edtomn\u00fdm, ktor\u00ed sa radovali s nami.<\/p>\n<p><em>MJ<\/em><\/p>\n<p><a href=\"https:\/\/goo.gl\/photos\/JdnqMSEqA84cimJN8\" target=\"_blank\" rel=\"noopener noreferrer\">Fotky \/ F\u00e9nyk\u00e9pek:<\/a><\/p>\n<p>\u00d6r\u00f6mteli \u00e9s egyben megtisztel\u0151 esem\u00e9ny r\u00e9szesei lehett\u00fcnk janu\u00e1r 16-\u00e1n, az Urunk megkeresztelked\u00e9s\u00e9nek \u00fcnnepe ut\u00e1ni szombaton az egyh\u00e1zfai pl\u00e9b\u00e1niatemplomban. \u00d6r\u00f6mteli, hiszen a keresztel\u0151 mindig \u00f6r\u00f6m\u00f6t jelent, s megtisztel\u0151, mivel a kereszts\u00e9g szents\u00e9g\u00e9t Mons. Ha\u013eko J\u00f3zsef p\u00fcsp\u00f6k atya szolg\u00e1ltatta ki. A szertart\u00e1s a n\u00e9gyes sz\u00e1m jegy\u00e9ben zajlott, hiszen pl\u00e9b\u00e1niak\u00f6zs\u00e9g\u00fcnk n\u00e9gy \u00faj taggal \u2013 King\u00e1val, L\u00e1szl\u00f3val, Patrikkal \u00e9s Ter\u00e9zia M\u00e1ri\u00e1val \u2013 gazdagodott aznap, s Gajdo\u0161 P\u00e1l pl\u00e9b\u00e1nos negyedik gyermek sz\u00fclet\u00e9se alkalm\u00e1b\u00f3l h\u00edvta meg a p\u00fcsp\u00f6k aty\u00e1t.<\/p>\n<p>Ha\u013eko p\u00fcsp\u00f6k atya besz\u00e9d\u00e9ben a megkeresztelked\u00e9ssel l\u00e9trej\u00f6v\u0151 Isten &#8211; gyermek kapcsolatot lelki k\u00f6ld\u00f6kzsin\u00f3rnak nevezte, s hasonl\u00edtotta a szolg\u00e1ltat\u00f3 \u00e9s a mobiltelefon k\u00f6zt m\u0171k\u00f6d\u0151 t\u00e9rer\u0151h\u00f6z is. Majd feladta a leck\u00e9t nek\u00fcnk, sz\u00fcl\u0151knek, keresztsz\u00fcl\u0151knek, mikor r\u00e1mutatott arra, hogy ezt a kapcsolatot az ima teszi \u00e9l\u0151v\u00e9, amelyet legjobban a sz\u00fcl\u0151 p\u00e9ld\u00e1ja nyom\u00e1n saj\u00e1t\u00edt el a gyermek.<\/p>\n<p>A p\u00fcsp\u00f6k atya a keresztel\u00e9s szertart\u00e1s\u00e1hoz tartoz\u00f3 minden egyes im\u00e1n\u00e1l \u00e9s esem\u00e9nyn\u00e9l elmagyar\u00e1zta annak jelent\u00e9s\u00e9t. Az exorcizmust, vagyis \u00f6rd\u00f6g\u0171z\u0151 im\u00e1t \u2013 szint\u00e9n modern korunk v\u00edvm\u00e1nyainak seg\u00edts\u00e9g\u00fcl h\u00edv\u00e1s\u00e1val \u2013 v\u00edrus\u00f6l\u0151 programhoz hasonl\u00edtotta. Megtudtuk, mi is a jelent\u0151s\u00e9ge a v\u00edzzel val\u00f3 le\u00f6nt\u00e9st megel\u0151z\u0151 katekumenok olaj\u00e1val val\u00f3 megken\u00e9snek. A m\u00faltban az egym\u00e1ssal birk\u00f3z\u00f3k olajjal kent\u00e9k be magukat, hogy kicsusszanjanak az ellens\u00e9g szor\u00edt\u00e1s\u00e1b\u00f3l, a szertart\u00e1s ezen r\u00e9sze teh\u00e1t a gonosz hatalm\u00e1b\u00f3l val\u00f3 szabadul\u00e1st jelenti. A gyermekek megkeresztel\u00e9se ut\u00e1n k\u00fcl\u00f6n \u00e1ld\u00e1sban r\u00e9szes\u00fcltek a frissen megkeresztelt gyermekek \u00e9desany\u00e1i, majd \u00e9desap\u00e1i.<\/p>\n<p>Nagy \u00f6r\u00f6m volt sz\u00e1munkra \u2013 nemcsak az \u00e9rintett n\u00e9gy csal\u00e1d sz\u00e1m\u00e1ra, hanem az eg\u00e9sz pl\u00e9b\u00e1niak\u00f6zs\u00e9g sz\u00e1m\u00e1ra is \u2013, hogy a p\u00fcsp\u00f6k atya elfogadta a megh\u00edv\u00e1st, \u00e9s elj\u00f6tt, hogy megkeresztelje gyermekeinket, akik a kereszt\u00e9ny j\u00f6v\u0151 z\u00e1loga. Mindig nagy megtiszteltet\u00e9s, ha a p\u00fcsp\u00f6k ell\u00e1togat a h\u00edvek k\u00f6z\u00e9, s rem\u00e9lj\u00fck, hogy egyben nagy kegyelmek forr\u00e1sa is.<\/p>\n<p><em>GZs<\/em>\t\t\t\t<\/p>\n","protected":false},"excerpt":{"rendered":"<p>V sobotu 16. janu\u00e1ra 2016 sme v na\u0161ej farnosti o 15 hodine v Kostolnej pri Dunaji sl\u00e1vili \u0161tyri krsty det\u00ed: Kinga, L\u00e1szl\u00f3, Patrik a Ter\u00e9zia M\u00e1ria.<\/p>\n","protected":false},"author":1,"featured_media":2713,"comment_status":"closed","ping_status":"closed","sticky":false,"template":"","format":"standard","meta":{"footnotes":""},"categories":[4],"tags":[24],"class_list":{"0":"entry","1":"post","2":"publish","3":"author-marian-jasenoveceltras-sk","4":"has-excerpt","5":"has-more-link","6":"post-2712","8":"format-standard","9":"has-post-thumbnail","10":"category-akcie","11":"post_tag-aktuality"},"_links":{"self":[{"href":"https:\/\/www.farakostolna.sk\/index.php?rest_route=\/wp\/v2\/posts\/2712","targetHints":{"allow":["GET"]}}],"collection":[{"href":"https:\/\/www.farakostolna.sk\/index.php?rest_route=\/wp\/v2\/posts"}],"about":[{"href":"https:\/\/www.farakostolna.sk\/index.php?rest_route=\/wp\/v2\/types\/post"}],"author":[{"embeddable":true,"href":"https:\/\/www.farakostolna.sk\/index.php?rest_route=\/wp\/v2\/users\/1"}],"replies":[{"embeddable":true,"href":"https:\/\/www.farakostolna.sk\/index.php?rest_route=%2Fwp%2Fv2%2Fcomments&post=2712"}],"version-history":[{"count":0,"href":"https:\/\/www.farakostolna.sk\/index.php?rest_route=\/wp\/v2\/posts\/2712\/revisions"}],"wp:featuredmedia":[{"embeddable":true,"href":"https:\/\/www.farakostolna.sk\/index.php?rest_route=\/"}],"wp:attachment":[{"href":"https:\/\/www.farakostolna.sk\/index.php?rest_route=%2Fwp%2Fv2%2Fmedia&parent=2712"}],"wp:term":[{"taxonomy":"category","embeddable":true,"href":"https:\/\/www.farakostolna.sk\/index.php?rest_route=%2Fwp%2Fv2%2Fcategories&post=2712"},{"taxonomy":"post_tag","embeddable":true,"href":"https:\/\/www.farakostolna.sk\/index.php?rest_route=%2Fwp%2Fv2%2Ftags&post=2712"}],"curies":[{"name":"wp","href":"https:\/\/api.w.org\/{rel}","templated":true}]}}