{"id":2687,"date":"2015-12-23T11:24:42","date_gmt":"2015-12-23T11:24:42","guid":{"rendered":"http:\/\/kostolna.fara.sk\/?p=2687"},"modified":"2015-12-23T11:24:42","modified_gmt":"2015-12-23T11:24:42","slug":"stavanie-vianocneho-stromu-karacsonyfa-allitas-2","status":"publish","type":"post","link":"https:\/\/www.farakostolna.sk\/?p=2687","title":{"rendered":"Stavanie viano\u010dn\u00e9ho stromu \/ Kar\u00e1csonyfa-\u00e1ll\u00edt\u00e1s"},"content":{"rendered":"<p>\t\t\t\t<i><a href=\"http:\/\/kostolna.fara.sk\/wp-content\/uploads\/2015\/12\/DSC02236.jpg\"><img loading=\"lazy\" decoding=\"async\" class=\" size-thumbnail wp-image-2691 alignleft\" src=\"http:\/\/kostolna.fara.sk\/wp-content\/uploads\/2015\/12\/DSC02236-150x150.jpg\" alt=\"DSC02236\" width=\"150\" height=\"150\" \/><\/a>\u00c1no, stavanie stromu, lebo o strom\u010deku nem\u00f4\u017ee by\u0165 v\u00f4bec re\u010d. Rodisko Kostoln\u00e1 pri Dunaji, vek pribli\u017ene 25 rokov, p\u00f4vodn\u00e1 hmotnos\u0165 s\u00a0cel\u00fdm p\u0148om dve tony a po skr\u00e1ten\u00ed takmer 750 kilogramov.<\/i><!--more--><\/p>\n<p>Pri odpilovan\u00ed tohto mohutn\u00e9ho kr\u00e1savca za pou\u017eit\u00ed vysokozdvi\u017enej plo\u0161iny a auto\u017eeriavu s pracovnou v\u00fd\u0161kou 30 metrov i\u0161la pr\u00e1ca od ruky. Pri sledovan\u00ed neobvykl\u00e9ho predstavenia sa mohlo zda\u0165, \u017ee aj postavenie bude prebieha\u0165 podobne hladko, ako jeho \u201edemont\u00e1\u017e\u201c. Prv\u00e1 sk\u00fa\u0161ka vytvalosti a odhodlania pri\u0161la u\u017e pri vstupe do kostola. N\u00e1sledne bolo vysk\u00fa\u0161an\u00fdch nieko\u013eko techn\u00edk stavania stromu. Po viacer\u00fdch ne\u00faspe\u0161n\u00fdch pokusoch a privolania \u010fal\u0161\u00edch \u201edobrovo\u013en\u00edkov\u201c sa n\u00e1m spolo\u010dn\u00fdmi silami podarilo takmer nemo\u017en\u00e9. Postavi\u0165 viano\u010dn\u00fd strom na jeho nov\u00e9 prechodn\u00e9 bydlisko vo farskom kostole.<\/p>\n<p>Srde\u010dn\u00e1 v\u010faka patr\u00ed darcom stromu, pil\u010d\u00edkom, firme Prangl Slovakia zo Senca, ktor\u00e1 poskytla \u017eeriavn\u00edcke pr\u00e1ce a, samozrejme, odv\u00e1\u017enym chlapom z farnosti a jej okolia, ktor\u00ed pomohli pres\u0165ahovaniu zelen\u00e9ho symbolu Vianoc.<\/p>\n<p><a href=\"https:\/\/goo.gl\/photos\/jkmDEfDJ7csrGewH6\" target=\"_blank\" rel=\"noopener noreferrer\">Fotky\/F\u00e9nyk\u00e9pek<\/a><\/p>\n<p>Az id\u00e9n egy val\u00f3s\u00e1gos fa\u00f3ri\u00e1ssal kellett megk\u00fczdeni\u00fck a kar\u00e1csonyfa-\u00e1ll\u00edt\u00e1sra v\u00e1llalkoz\u00f3knak Egyh\u00e1zf\u00e1n. Az eredetileg k\u00e9ttonn\u00e1s feny\u0151fa a r\u00f6vid\u00edt\u00e9s ut\u00e1n is 750 kilogrammot nyomott. A fa kiv\u00e1g\u00e1sa a daru seg\u00edts\u00e9g\u00e9vel z\u00f6kken\u0151mentesen ment v\u00e9gbe ellent\u00e9tben annak fel\u00e1ll\u00edt\u00e1s\u00e1val a pl\u00e9b\u00e1niatemplomban. V\u00e9g\u00fcl azonban tov\u00e1bbi \u201e\u00f6nk\u00e9ntesek\u201d k\u00f6zbel\u00e9p\u00e9s\u00e9vel siker\u00fclt megoldani a feladatot. K\u00f6sz\u00f6net illeti a fa adom\u00e1nyoz\u00f3it, a fav\u00e1g\u00f3kat, a szenci Prangl c\u00e9get, amely a darut biztos\u00edtotta s term\u00e9szetesen pl\u00e9b\u00e1niak\u00f6zs\u00e9g\u00fcnk \u00e9s a k\u00f6rny\u00e9k b\u00e1tor f\u00e9rfiait, akik r\u00e9szt vettek a munk\u00e1latokban.\t\t\t\t<\/p>\n","protected":false},"excerpt":{"rendered":"<p>\u00c1no, stavanie stromu, lebo o strom\u010deku nem\u00f4\u017ee by\u0165 v\u00f4bec re\u010d. Rodisko Kostoln\u00e1 pri Dunaji, vek pribli\u017ene 25 rokov, p\u00f4vodn\u00e1 hmotnos\u0165 s\u00a0cel\u00fdm p\u0148om dve tony a po skr\u00e1ten\u00ed takmer 750 kilogramov.<\/p>\n","protected":false},"author":1,"featured_media":2691,"comment_status":"closed","ping_status":"closed","sticky":false,"template":"","format":"standard","meta":{"footnotes":""},"categories":[6],"tags":[24],"class_list":{"0":"entry","1":"post","2":"publish","3":"author-marian-jasenoveceltras-sk","4":"has-excerpt","5":"has-more-link","6":"post-2687","8":"format-standard","9":"has-post-thumbnail","10":"category-aktuality-sk","11":"post_tag-aktuality"},"_links":{"self":[{"href":"https:\/\/www.farakostolna.sk\/index.php?rest_route=\/wp\/v2\/posts\/2687","targetHints":{"allow":["GET"]}}],"collection":[{"href":"https:\/\/www.farakostolna.sk\/index.php?rest_route=\/wp\/v2\/posts"}],"about":[{"href":"https:\/\/www.farakostolna.sk\/index.php?rest_route=\/wp\/v2\/types\/post"}],"author":[{"embeddable":true,"href":"https:\/\/www.farakostolna.sk\/index.php?rest_route=\/wp\/v2\/users\/1"}],"replies":[{"embeddable":true,"href":"https:\/\/www.farakostolna.sk\/index.php?rest_route=%2Fwp%2Fv2%2Fcomments&post=2687"}],"version-history":[{"count":0,"href":"https:\/\/www.farakostolna.sk\/index.php?rest_route=\/wp\/v2\/posts\/2687\/revisions"}],"wp:featuredmedia":[{"embeddable":true,"href":"https:\/\/www.farakostolna.sk\/index.php?rest_route=\/"}],"wp:attachment":[{"href":"https:\/\/www.farakostolna.sk\/index.php?rest_route=%2Fwp%2Fv2%2Fmedia&parent=2687"}],"wp:term":[{"taxonomy":"category","embeddable":true,"href":"https:\/\/www.farakostolna.sk\/index.php?rest_route=%2Fwp%2Fv2%2Fcategories&post=2687"},{"taxonomy":"post_tag","embeddable":true,"href":"https:\/\/www.farakostolna.sk\/index.php?rest_route=%2Fwp%2Fv2%2Ftags&post=2687"}],"curies":[{"name":"wp","href":"https:\/\/api.w.org\/{rel}","templated":true}]}}