{"id":2673,"date":"2015-12-05T18:45:27","date_gmt":"2015-12-05T18:45:27","guid":{"rendered":"http:\/\/kostolna.fara.sk\/?p=2673"},"modified":"2015-12-05T18:45:27","modified_gmt":"2015-12-05T18:45:27","slug":"svaty-mikulas-prisiel-aj-k-nam-szent-miklos-eljott-hozzank-is","status":"publish","type":"post","link":"https:\/\/www.farakostolna.sk\/?p=2673","title":{"rendered":"Sv\u00e4t\u00fd Mikul\u00e1\u0161 pri\u0161iel aj k n\u00e1m \/ Szent Mikl\u00f3s elj\u00f6tt hozz\u00e1nk is"},"content":{"rendered":"<p>\t\t\t\t<a href=\"http:\/\/kostolna.fara.sk\/wp-content\/uploads\/2015\/12\/DSC07931.jpg\"><img loading=\"lazy\" decoding=\"async\" class=\" size-thumbnail wp-image-2674 alignleft\" src=\"http:\/\/kostolna.fara.sk\/wp-content\/uploads\/2015\/12\/DSC07931-150x150.jpg\" alt=\"DSC07931\" width=\"150\" height=\"150\" \/><\/a><\/p>\n<p>E\u0161te sk\u00f4r ako si stihli na\u0161e deti o\u010disti\u0165 a nachysta\u0165 top\u00e1no\u010dky na okno doma, <!--more-->zav\u00edtal do na\u0161ej farnosti po rodinnej sv\u00e4tej om\u0161i v sobotu 5. 12. sv\u00e4t\u00fd Mikul\u00e1\u0161. Deti\u010dky mu zaspievali, za \u010do dostali vyt\u00fa\u017een\u00fd bal\u00ed\u010dek sladkost\u00ed. Bolo ich veru ne\u00farekom, ale ka\u017ed\u00e9mu sa u\u0161lo, ve\u010f Mikul\u00e1\u0161 to m\u00e1 dobre vypo\u010d\u00edtan\u00e9. Po om\u0161i i n\u00e1s dospel\u00e1kov pon\u00fakli tepl\u00fdm \u010dajom a pun\u010dom. Deti mali pri vysvietenom strom\u010deku mal\u00fa viano\u010dn\u00fa tancova\u010dku. Sv\u00e4t\u00e9mu Mikul\u00e1\u0161ovi i v\u0161etk\u00fdm organiz\u00e1torom ve\u013ek\u00e9 \u201eP\u00e1n Boh zapla\u0165\u201c.<\/p>\n<p><em>Zuzana Horv\u00e1tov\u00e1<\/em>, Hrub\u00fd \u0160\u00far<\/p>\n<p>&nbsp;<\/p>\n<p><a href=\"https:\/\/goo.gl\/photos\/LhwCz97z9ADLd76JA\" target=\"_blank\" rel=\"noopener noreferrer\">Folky\/F\u00e9nyk\u00e9pek<\/a><\/p>\n<p>&nbsp;<\/p>\n<p>M\u00e9g miel\u0151tt a gyerekeknek siker\u00fclt volna kitiszt\u00edtani \u00e9s kitenni az ablakba a cip\u0151iket, december 5-\u00e9n a szombati csal\u00e1di szentmis\u00e9re ell\u00e1togatott pl\u00e9b\u00e1niak\u00f6zs\u00e9g\u00fcnkbe a Mikul\u00e1s. Mindenki megkapta a v\u00e1rva v\u00e1rt csomagot, miut\u00e1n \u00e9neksz\u00f3val k\u00f6sz\u00f6nt\u00f6tte \u0151t. B\u00e1r sok gyerek j\u00f6tt el, mindenkinek jutott csomag, hiszen a Mikul\u00e1s pontosan tudja, mennyire van sz\u00fcks\u00e9g. A szentmise ut\u00e1n a feln\u0151tteket meleg tea \u00e9s puncs v\u00e1rta. A gyerekek a kivil\u00e1g\u00edtott feny\u0151f\u00e1n\u00e1l m\u00e9g t\u00e1ncra is perd\u00fcltek. Isten fizesse meg Szent Mikl\u00f3snak, hogy ell\u00e1togatott hozz\u00e1nk, \u00e9s minden szervez\u0151nek a seg\u00edts\u00e9get!\t\t\t\t<\/p>\n","protected":false},"excerpt":{"rendered":"<p>E\u0161te sk\u00f4r ako si stihli na\u0161e deti o\u010disti\u0165 a nachysta\u0165 top\u00e1no\u010dky na okno doma,<\/p>\n","protected":false},"author":1,"featured_media":2674,"comment_status":"closed","ping_status":"closed","sticky":false,"template":"","format":"standard","meta":{"footnotes":""},"categories":[6],"tags":[24],"class_list":{"0":"entry","1":"post","2":"publish","3":"author-marian-jasenoveceltras-sk","4":"has-excerpt","5":"has-more-link","6":"post-2673","8":"format-standard","9":"has-post-thumbnail","10":"category-aktuality-sk","11":"post_tag-aktuality"},"_links":{"self":[{"href":"https:\/\/www.farakostolna.sk\/index.php?rest_route=\/wp\/v2\/posts\/2673","targetHints":{"allow":["GET"]}}],"collection":[{"href":"https:\/\/www.farakostolna.sk\/index.php?rest_route=\/wp\/v2\/posts"}],"about":[{"href":"https:\/\/www.farakostolna.sk\/index.php?rest_route=\/wp\/v2\/types\/post"}],"author":[{"embeddable":true,"href":"https:\/\/www.farakostolna.sk\/index.php?rest_route=\/wp\/v2\/users\/1"}],"replies":[{"embeddable":true,"href":"https:\/\/www.farakostolna.sk\/index.php?rest_route=%2Fwp%2Fv2%2Fcomments&post=2673"}],"version-history":[{"count":0,"href":"https:\/\/www.farakostolna.sk\/index.php?rest_route=\/wp\/v2\/posts\/2673\/revisions"}],"wp:featuredmedia":[{"embeddable":true,"href":"https:\/\/www.farakostolna.sk\/index.php?rest_route=\/"}],"wp:attachment":[{"href":"https:\/\/www.farakostolna.sk\/index.php?rest_route=%2Fwp%2Fv2%2Fmedia&parent=2673"}],"wp:term":[{"taxonomy":"category","embeddable":true,"href":"https:\/\/www.farakostolna.sk\/index.php?rest_route=%2Fwp%2Fv2%2Fcategories&post=2673"},{"taxonomy":"post_tag","embeddable":true,"href":"https:\/\/www.farakostolna.sk\/index.php?rest_route=%2Fwp%2Fv2%2Ftags&post=2673"}],"curies":[{"name":"wp","href":"https:\/\/api.w.org\/{rel}","templated":true}]}}