{"id":2669,"date":"2015-12-10T17:00:53","date_gmt":"2015-12-10T17:00:53","guid":{"rendered":"http:\/\/kostolna.fara.sk\/?p=2669"},"modified":"2015-12-10T17:00:53","modified_gmt":"2015-12-10T17:00:53","slug":"svetoznamy-exorcista-vo-farnosti-elias-vella-plebaniakozsegunkben","status":"publish","type":"post","link":"https:\/\/www.farakostolna.sk\/?p=2669","title":{"rendered":"Svetozn\u00e1my exorcista vo farnosti \/ Elias Vella pl\u00e9b\u00e1niak\u00f6zs\u00e9g\u00fcnkben"},"content":{"rendered":"<p>\t\t\t\t<a href=\"http:\/\/kostolna.fara.sk\/wp-content\/uploads\/2015\/12\/DSC_0652.jpg\"><img loading=\"lazy\" decoding=\"async\" class=\" size-thumbnail wp-image-2670 alignleft\" src=\"http:\/\/kostolna.fara.sk\/wp-content\/uploads\/2015\/12\/DSC_0652-150x150.jpg\" alt=\"DSC_0652\" width=\"150\" height=\"150\" \/><\/a><\/p>\n<p>Vyvrcholen\u00edm duchovn\u00fdch aktiv\u00edt v\u00a0na\u0161ej farnosti bola 10. decembra vz\u00e1cna <!--more-->n\u00e1v\u0161teva svetozn\u00e1meho evanjeliz\u00e1tora a exorcistu p\u00e1tra Eliasa Vellu, OFMConv z Malty. Jeho pr\u00edhovor bol silnou motiv\u00e1ciou pre vstup do Roka milosrdenstva. Slov\u00e1, ktor\u00e9 zazneli, boli ve\u013emi jednoduch\u00e9, ale za to v\u00fdsti\u017en\u00e9. Ka\u017ed\u00fd mohol ma\u0165 dojem, \u017ee s\u00fa adresovan\u00e9 pr\u00e1ve jemu.<\/p>\n<p><a href=\"https:\/\/goo.gl\/photos\/wvVZDJTNJmPKsmpD9\" target=\"_blank\" rel=\"noopener noreferrer\">Folky\/F\u00e9nyk\u00e9pek<\/a>\u00a0&#8211; Vide\u00e1 s\u00fa ni\u017e\u0161ie<\/p>\n<p>December 10-\u00e9n a vil\u00e1gszerte ismert Elias Vella OFMConv, m\u00e1ltai hithirdet\u0151 \u00e9s exorcista szem\u00e9ly\u00e9ben rendk\u00edv\u00fcl \u00e9rt\u00e9kes vend\u00e9get k\u00f6sz\u00f6nthett\u00fcnk Egyh\u00e1zf\u00e1n a pl\u00e9b\u00e1niatemplomban. Vella atya besz\u00e9de er\u0151s \u00f6szt\u00f6nz\u00e9s\u00fcl szolg\u00e1lt az irgalmass\u00e1g szent\u00e9v\u00e9nek kezdet\u00e9n. Az elhangzott szavak nagyon egyszer\u0171ek voltak, ugyanakkor rendk\u00edv\u00fcl tal\u00e1l\u00f3ak. Mindenki \u00fagy \u00e9rezhette, hogy neki sz\u00f3lnak.<\/p>\n<p>&nbsp;<\/p>\n<p>Predn\u00e1\u0161ka<\/p>\n<p><iframe loading=\"lazy\" title=\"Predn\u00e1\u0161ka Eliasa Vellu\" width=\"700\" height=\"394\" src=\"https:\/\/www.youtube.com\/embed\/RRPrHCC7jT0?feature=oembed\" frameborder=\"0\" allow=\"accelerometer; autoplay; clipboard-write; encrypted-media; gyroscope; picture-in-picture; web-share\" allowfullscreen><\/iframe><\/p>\n<p>Hom\u00edlia<\/p>\n<p><iframe loading=\"lazy\" title=\"Homilia Elias Vella\" width=\"700\" height=\"394\" src=\"https:\/\/www.youtube.com\/embed\/TyaagQC96d8?feature=oembed\" frameborder=\"0\" allow=\"accelerometer; autoplay; clipboard-write; encrypted-media; gyroscope; picture-in-picture; web-share\" allowfullscreen><\/iframe><\/p>\n<p>Ador\u00e1cia<\/p>\n<p><iframe loading=\"lazy\" title=\"Ador\u00e1cia\" width=\"700\" height=\"394\" src=\"https:\/\/www.youtube.com\/embed\/NpLhldUoVh0?feature=oembed\" frameborder=\"0\" allow=\"accelerometer; autoplay; clipboard-write; encrypted-media; gyroscope; picture-in-picture; web-share\" allowfullscreen><\/iframe>\t\t\t\t<\/p>\n","protected":false},"excerpt":{"rendered":"<p>Vyvrcholen\u00edm duchovn\u00fdch aktiv\u00edt v\u00a0na\u0161ej farnosti bola 10. decembra vz\u00e1cna<\/p>\n","protected":false},"author":1,"featured_media":2670,"comment_status":"closed","ping_status":"closed","sticky":false,"template":"","format":"standard","meta":{"footnotes":""},"categories":[6],"tags":[24],"class_list":{"0":"entry","1":"post","2":"publish","3":"author-marian-jasenoveceltras-sk","4":"has-excerpt","5":"has-more-link","6":"post-2669","8":"format-standard","9":"has-post-thumbnail","10":"category-aktuality-sk","11":"post_tag-aktuality"},"_links":{"self":[{"href":"https:\/\/www.farakostolna.sk\/index.php?rest_route=\/wp\/v2\/posts\/2669","targetHints":{"allow":["GET"]}}],"collection":[{"href":"https:\/\/www.farakostolna.sk\/index.php?rest_route=\/wp\/v2\/posts"}],"about":[{"href":"https:\/\/www.farakostolna.sk\/index.php?rest_route=\/wp\/v2\/types\/post"}],"author":[{"embeddable":true,"href":"https:\/\/www.farakostolna.sk\/index.php?rest_route=\/wp\/v2\/users\/1"}],"replies":[{"embeddable":true,"href":"https:\/\/www.farakostolna.sk\/index.php?rest_route=%2Fwp%2Fv2%2Fcomments&post=2669"}],"version-history":[{"count":0,"href":"https:\/\/www.farakostolna.sk\/index.php?rest_route=\/wp\/v2\/posts\/2669\/revisions"}],"wp:featuredmedia":[{"embeddable":true,"href":"https:\/\/www.farakostolna.sk\/index.php?rest_route=\/"}],"wp:attachment":[{"href":"https:\/\/www.farakostolna.sk\/index.php?rest_route=%2Fwp%2Fv2%2Fmedia&parent=2669"}],"wp:term":[{"taxonomy":"category","embeddable":true,"href":"https:\/\/www.farakostolna.sk\/index.php?rest_route=%2Fwp%2Fv2%2Fcategories&post=2669"},{"taxonomy":"post_tag","embeddable":true,"href":"https:\/\/www.farakostolna.sk\/index.php?rest_route=%2Fwp%2Fv2%2Ftags&post=2669"}],"curies":[{"name":"wp","href":"https:\/\/api.w.org\/{rel}","templated":true}]}}