{"id":2651,"date":"2015-10-24T15:30:40","date_gmt":"2015-10-24T15:30:40","guid":{"rendered":"http:\/\/kostolna.fara.sk\/?p=2651"},"modified":"2015-10-24T15:30:40","modified_gmt":"2015-10-24T15:30:40","slug":"sviatost-birmovania-v-nasej-farnosti-bermalas","status":"publish","type":"post","link":"https:\/\/www.farakostolna.sk\/?p=2651","title":{"rendered":"Sviatos\u0165 birmovania v na\u0161ej farnosti \/ B\u00e9rm\u00e1l\u00e1s"},"content":{"rendered":"<p>\t\t\t\t<a href=\"http:\/\/kostolna.fara.sk\/wp-content\/uploads\/2015\/10\/Birmovka_140.jpg\"><img loading=\"lazy\" decoding=\"async\" class=\" size-thumbnail wp-image-2663 alignleft\" src=\"http:\/\/kostolna.fara.sk\/wp-content\/uploads\/2015\/10\/Birmovka_140-150x150.jpg\" alt=\"Birmovka_140\" width=\"150\" height=\"150\" \/><\/a>Po marat\u00f3ne pr\u00edprav, stretnut\u00ed, v\u00fdletov a sk\u00fa\u0161an\u00ed mlad\u00fdch adeptov na prijatie sviatosti kres\u0165anskej dospelosti sme sa do\u010dkali d\u0148a \u201eD\u201c.<!--more--><\/p>\n<p>24. okt\u00f3bra sme priv\u00edtali v na\u0161om farskom kostole vz\u00e1cneho hos\u0165a biskupa J. E. Mons. Jozefa Ha\u013eka. Po \u00favodn\u00fdch spevoch a \u010d\u00edtaniach nap\u00e4t\u00e9 mysle pr\u00edtomn\u00fdch milo roz\u010deril otec biskup v hom\u00edlii. Brilantn\u00fdm sp\u00f4sobom a re\u010dou mlad\u00fdm nielen pribl\u00ed\u017eil potrebu birmovky, ale uviedol aj svoje sk\u00fasenosti o tom, ak\u00e9 je d\u00f4le\u017eit\u00e9 na\u0161e svedectvo a vedomosti pre \u0161\u00edrenie evanjelia.<\/p>\n<p>Svojou pr\u00edtomnos\u0165ou na tejto udalosti kres\u0165anskej inici\u00e1cie \u201elajkujeme\u201c Bohu jeho v\u00fdzvu pre n\u00e1s \u2013 podobne, ako to robia mnoh\u00ed na soci\u00e1lnych sie\u0165ach na internete. Rovnako, ako po\u010d\u00edta\u010d potrebuje obnovi\u0165 softv\u00e9r a nezaob\u00edde sa bez ochrann\u00fdch (antiv\u00edrov\u00fdch) programov, tak sa aj kres\u0165ania potrebuj\u00fa duchovne obnovi\u0165 a chr\u00e1ni\u0165 pred n\u00e1strahami Diabla. Toto v\u0161etko n\u00e1m pon\u00faka Cirkev skrze sviatosti. Takouto modernou re\u010dou bl\u00edzkou dne\u0161nej ml\u00e1de\u017ei otec biskup nadch\u00fdnal v\u0161etk\u00fdch pr\u00edtomn\u00fdch pre \u017eivot pod\u013ea evanjelia.<\/p>\n<p>V ceste k Bohu n\u00e1m v\u0161ak stoja viacer\u00ed nepriatelia: na\u0161e siln\u00e9 ego, p\u00fdcha, lenivos\u0165, \u013eahostajnos\u0165\u2026<\/p>\n<p>D\u00fafam v\u0161ak, \u017ee sviatostn\u00fd \u017eivot m\u00f4\u017ee prem\u00f4c\u0165 v\u0161etky n\u00e1strahy, ktor\u00e9 n\u00e1s oberaj\u00fa o \u017eivot v plnosti. Vysl\u00fa\u017eenie sviatosti birmovania a pr\u00edtomnos\u0165 biskupa n\u00e1m m\u00f4\u017eu by\u0165 siln\u00fdm impulzom. Kie\u017eby slov\u00e1 z hom\u00edlie boli semienkom viery pre v\u0161etk\u00fdch pr\u00edtomn\u00fdch, aby n\u00e1m Duch Sv\u00e4t\u00fd bol radcom v na\u0161om \u017eivote.<\/p>\n<p>Pre nezainteresovan\u00fdch sa cel\u00e1 sl\u00e1vnos\u0165 azda javila ako jedna z mnoh\u00fdch sl\u00e1vnost\u00ed, ktor\u00e9 za\u017e\u00edvame po\u010das roka. Samotn\u00e9mu vysl\u00fa\u017eeniu sviatosti kres\u0165anskej dospelosti v\u0161ak predch\u00e1dzala nieko\u013ekomesa\u010dn\u00e1 pr\u00edprava, s ktorou p\u00e1nu far\u00e1rovi pom\u00e1hali niektor\u00ed na\u0161i farn\u00edci. V\u0161etk\u00fdm patr\u00ed \u00faprimn\u00e1 v\u010faka \u2013 ich pr\u00e1ca a obeta je pekn\u00fdm pr\u00edkladom evanjeliz\u00e1cie a zhroma\u017e\u010fovania skuto\u010dn\u00fdch pokladov.<\/p>\n<p><i>Martin \u0160i\u0161ka<\/i><\/p>\n<p><a href=\"https:\/\/goo.gl\/photos\/Wt2H3AWmiUmXryox8\" target=\"_blank\" rel=\"noopener noreferrer\">Fotky \/ F\u00e9nyk\u00e9pek<\/a><\/p>\n<hr \/>\n<p>&nbsp;<\/p>\n<p>B\u00e9rm\u00e1lkoz\u00e1s egy sz\u00fcl\u0151 szemsz\u00f6g\u00e9b\u0151l<\/p>\n<p>Szaladnak a napok, hetek, \u00e9s m\u00e1r azt vessz\u00fck \u00e9szre, hogy bizony egy h\u00f3nap telt el az\u00f3ta, hogy gyermekeinket <em>Mons. Ha\u013eko J\u00f3zsef<\/em> p\u00fcsp\u00f6k atya a b\u00e9rm\u00e1l\u00e1s szents\u00e9g\u00e9ben r\u00e9szes\u00edtette. Ezt az esem\u00e9nyt m\u00e1r nagyon v\u00e1rt\u00e1k a b\u00e9rm\u00e1lkoz\u00e1sra k\u00e9sz\u00fcl\u0151k \u00e9s sz\u00fcleik egyar\u00e1nt. Hogy mi\u00e9rt? \u2013 szerintem ezt l\u00e1tja mindenki, aki egy kicsit is nyitott szemmel \u00e9s f\u00fcllel j\u00e1r.<\/p>\n<p>Egyesek az\u00e9rt, mert: \u201eMeddig kell m\u00e9g templomba j\u00e1rni!?\u201c, m\u00e1sok az\u00e9rt, mert: \u201eM\u00e1r megint kell valahova menni, \u00e9s nem \u00fclhetek a\u00a0t\u00e9v\u00e9 \u00e9s a sz\u00e1m\u00edt\u00f3g\u00e9p el\u0151tt.\u201d A b\u00e9rm\u00e1lkoz\u00e1sra k\u00e9sz\u00fcl\u0151k egy r\u00e9sze pedig csendben, sz\u00f3 n\u00e9lk\u00fcl ment az oktat\u00e1sra felel\u0151ss\u00e9gb\u0151l, k\u00f6teless\u00e9gb\u0151l.<\/p>\n<p>V\u00e9g\u00fcl is m\u00e1r m\u00f6g\u00f6tt\u00fcnk van az eg\u00e9sz esem\u00e9ny nagyon sok tanuls\u00e1ggal, v\u00e9lem\u00e9nyez\u00e9ssel, nemtetsz\u00e9ssel a saj\u00e1t magam r\u00e9sz\u00e9r\u0151l is. \u00c9n mint sz\u00fcl\u0151 a k\u00f6vetkez\u0151 s\u00f3hajjal v\u00e1rtam a nagy napot \u201eM\u00e1r legyen v\u00e9gre v\u00e9ge, \u00e9s ne kelljen vit\u00e1znom!\u201d Hogy ne kelljen meggy\u0151zn\u00f6m valakiket arr\u00f3l, mi mindent kellene bebiztos\u00edtani ahhoz, hogy ez egy eml\u00e9kezetes, sz\u00e9p lefoly\u00e1s\u00fa esem\u00e9ny legyen. Mivelhogy egyesek nem hallgatt\u00e1k meg, \u00e9s nem fogadt\u00e1k el eddigi tapasztalataimat \u00e9s tan\u00e1csaimat. (Hiszen m\u00e1r n\u00e9gy keresztgyermekem \u00e9s a l\u00e1nyom b\u00e9rm\u00e1lkoz\u00e1s\u00e1nak voltam eddig r\u00e9szese.)<\/p>\n<p>Sok esetben javaslataimra a k\u00f6vetkez\u0151 v\u00e1laszt kaptam: \u201eMinek ez, minek az, hiszen ez csak egy k\u00f6z\u00f6ns\u00e9ges mise.\u201d \u201eMi\u00e9rt kell annak \u00fagy lennie, mint n\u00e9gy \u00e9ve volt? \u201eMi\u00e9rt kell azt \u00fagy csin\u00e1lni, mint m\u00e1shol? stb.<\/p>\n<p>H\u00e1t, mindenesetre olyan is volt az eg\u00e9sz! Szervez\u00e9sb\u0151l el\u00e9gtelen.<\/p>\n<p>Visszat\u00e9rve azonban a nagy esem\u00e9nyre, 2015. okt\u00f3ber 24-\u00e9n ker\u00fclt sor Egyh\u00e1zf\u00e1n arra a napra, mikor is a J\u00f3isten elk\u00fcldte hozz\u00e1nk a p\u00fcsp\u00f6k atya \u00e1ltal a Szentlelket. A b\u00e9rm\u00e1lkoz\u00e1s szents\u00e9g\u00e9hez j\u00e1rul\u00f3 harminc fiatal elfogadta ezt az \u00e1ld\u00e1st, \u00e9s megvallott\u00e1k hit\u00fcket, amelyet rem\u00e9lj\u00fck, meg is tartanak tov\u00e1bbra is, de ahhoz nem el\u00e9g csak az \u00edg\u00e9ret, hozz\u00e1tartozik a tett \u00e9s az akarat is.<\/p>\n<p>A p\u00fcsp\u00f6k atya pr\u00e9dik\u00e1ci\u00f3j\u00e1ban a b\u00e9rm\u00e1lkoz\u00f3khoz sz\u00f3lt, k\u00f6zvetlen\u00fcl a fiatalokhoz, elmondva saj\u00e1t tapasztalatait, \u00e9lm\u00e9nyeit a vel\u00fck val\u00f3 kapcsolat\u00e1r\u00f3l. Majd k\u00f6vetkezett a b\u00e9rm\u00e1l\u00e1s szents\u00e9g\u00e9nek kiszolg\u00e1l\u00e1sa. A szentmise a p\u00e1pai himnusz el\u00e9nekl\u00e9s\u00e9vel \u00e9rt v\u00e9get.<\/p>\n<p>Ez a kegyeletteljes esem\u00e9ny azonban \u00e9rtelm\u00e9t \u00e9s \u00e9rt\u00e9k\u00e9t veszti, ha gyermekeink t\u00e1vol maradnak templomukt\u00f3l \u00e9s hit\u00fckt\u0151l.<\/p>\n<p>Im\u00e1dkozzunk \u00e9rt\u00fck, hogy a j\u00f6v\u0151ben is kitartsanak hit\u00fck mellett, \u00e9s tudj\u00e1k, \u00e9rezz\u00e9k, hogy sz\u00fcks\u00e9g\u00fck van J\u00e9zusra, hogy tartoznak neki azzal, hogy n\u00e9ha-n\u00e9ha ell\u00e1togatnak a templomba!<\/p>\n<p>Ezen \u00fajs\u00e1g sorain kereszt\u00fcl szeretn\u00e9m m\u00e9g egyszer megk\u00f6sz\u00f6nni pl\u00e9b\u00e1nos urunknak, <em>Pali aty\u00e1nak<\/em> gondoskod\u00e1s\u00e1t \u00e9s t\u00fcrelm\u00e9t, hogy felk\u00e9sz\u00edtette b\u00e9rm\u00e1lkoz\u00f3inkat, valamint <em>Tak\u00e1cs Csab\u00e1nak<\/em>, aki szint\u00e9n idej\u00e9t nem sajn\u00e1lva igyekezett \u00e1tadni gyermekeinknek tapasztalatait ahhoz, hogy elnyerj\u00e9k a J\u00f3isten \u00e1ltal ny\u00fajtott kegyelmet. K\u00fcl\u00f6n k\u00f6sz\u00f6nettel tartozunk m\u00e9g a <em>Horv\u00e1th csal\u00e1dnak<\/em>, hogy a gy\u00f6ny\u00f6r\u0171 vir\u00e1gokkal \u00e9s a d\u00edsz\u00edt\u00e9ssel emelt\u00e9k az esem\u00e9ny hangulat\u00e1t.<\/p>\n<p style=\"text-align: right;\"><strong>\u00a0\u00a0\u00a0\u00a0\u00a0\u00a0\u00a0\u00a0\u00a0\u00a0\u00a0\u00a0\u00a0\u00a0\u00a0\u00a0\u00a0\u00a0\u00a0\u00a0\u00a0\u00a0\u00a0\u00a0\u00a0\u00a0\u00a0\u00a0\u00a0\u00a0\u00a0\u00a0\u00a0\u00a0\u00a0\u00a0\u00a0\u00a0\u00a0\u00a0\u00a0\u00a0\u00a0\u00a0\u00a0\u00a0\u00a0\u00a0\u00a0\u00a0\u00a0\u00a0\u00a0\u00a0\u00a0\u00a0\u00a0\u00a0\u00a0\u00a0\u00a0\u00a0\u00a0\u00a0\u00a0\u00a0\u00a0\u00a0\u00a0\u00a0\u00a0\u00a0\u00a0\u00a0\u00a0\u00a0\u00a0\u00a0 <\/strong><em>Bors Etelka,<\/em> Hegys\u00far<\/p>\n<hr \/>\n<p>&nbsp;<\/p>\n<p>Az el\u0151k\u00e9sz\u00fcletek, tal\u00e1lkoz\u00f3k, zar\u00e1ndoklatok \u00e9s feleltet\u00e9sek maratonja ut\u00e1n v\u00e9gre el\u00e9rkezett a nagy nap a b\u00e9rm\u00e1lkoz\u00e1sra k\u00e9sz\u00fcl\u0151k sz\u00e1m\u00e1ra.<\/p>\n<p>Okt\u00f3ber 24-\u00e9n Ha\u013eko J\u00f3zsef p\u00fcsp\u00f6k atya szem\u00e9ly\u00e9ben k\u00fcl\u00f6nleges vend\u00e9get \u00fcdv\u00f6z\u00f6lhett\u00fcnk pl\u00e9b\u00e1niatemplomunkban. A bevezet\u0151 \u00e9nekek \u00e9s olvasm\u00e1nyokat k\u00f6vet\u0151en meghallgathattuk a p\u00fcsp\u00f6k atya hom\u00edli\u00e1j\u00e1t, melyben brili\u00e1ns m\u00f3don k\u00f6zel\u00edtette meg a fiataloknak a b\u00e9rm\u00e1l\u00e1s sz\u00fcks\u00e9gess\u00e9get, s megosztotta vel\u00fcnk abb\u00e9li tapasztalatait is, hogy milyen fontos a tan\u00fas\u00e1gt\u00e9tel\u00fcnk \u00e9s ismereteink az evang\u00e9lium hirdet\u00e9s\u00e9hez.<\/p>\n<p>Az ezen az esem\u00e9nyen val\u00f3 jelenl\u00e9t\u00fcnkkel \u201el\u00e1jkoljuk\u201d azt, hogy Isten sz\u00f3l\u00edt minket, ahogyan azt sokan a szoci\u00e1lis h\u00e1l\u00f3kon teszik. Ahogy a sz\u00e1m\u00edt\u00f3g\u00e9pnek is sz\u00fcks\u00e9ge van szoftverfriss\u00edt\u00e9sre \u00e9s v\u00edrusirt\u00f3 programokra, a kereszt\u00e9nyeknek is sz\u00fcks\u00e9g\u00fck van arra, hogy lelkileg meg\u00fajuljanak, \u00e9s v\u00e9dekezzenek a Gonosz fenyeget\u00e9seivel szemben. Ezt k\u00edn\u00e1lja nek\u00fcnk az Egyh\u00e1z a szents\u00e9gek \u00e1ltal. Ilyen modern, a fiatalokhoz k\u00f6zel\u00e1ll\u00f3 p\u00e9ld\u00e1kon kereszt\u00fcl buzd\u00edtott a p\u00fcsp\u00f6k atya az evang\u00e9lium szerinti \u00e9letre.<\/p>\n<p>Az Istenhez vezet\u0151 \u00faton azonban sz\u00e1mos ellens\u00e9g v\u00e1r r\u00e1nk: a saj\u00e1t, t\u00fals\u00e1gosan is er\u0151s eg\u00f3nk, b\u00fcszkes\u00e9g, lustas\u00e1g, k\u00f6z\u00f6mb\u00f6ss\u00e9g\u2026<\/p>\n<p>Rem\u00e9lem azonban, hogy a szents\u00e9gi \u00e9let k\u00e9pes legy\u0151zni mindezeket az akad\u00e1lyokat. A b\u00e9rm\u00e1l\u00e1s szents\u00e9g\u00e9nek kiszolg\u00e1ltat\u00e1sa \u00e9s a p\u00fcsp\u00f6k atya jelenl\u00e9te is er\u0151s impulzusok lehetnek. B\u00e1rcsak a hom\u00edlia szavai a hit vet\u0151magjak\u00e9nt hullottak volna minden jelenl\u00e9v\u0151 sz\u00edv\u00e9be!<\/p>\n<p>A b\u00e9rm\u00e1l\u00e1s nem csup\u00e1n egy volt a sz\u00e1mos \u00fcnnep k\u00f6z\u00fcl az \u00e9v folyam\u00e1n. T\u00f6bb h\u00f3napos felk\u00e9sz\u00fcl\u00e9s \u2013 felk\u00e9sz\u00edt\u00e9s \u2013 el\u0151zte meg, melyben a pl\u00e9b\u00e1nos \u00farnak pl\u00e9b\u00e1niak\u00f6zs\u00e9g\u00fcnk m\u00e1s tagjai is seg\u00edtettek. Mindenkit \u0151szinte k\u00f6sz\u00f6net illet. Munk\u00e1juk \u00e9s \u00e1ldozatuk az evangeliz\u00e1ci\u00f3 \u00e9s az igazi kincsek gy\u0171jt\u00e9s\u00e9nek sz\u00e9p p\u00e9ld\u00e1ja.\t\t\t\t<\/p>\n","protected":false},"excerpt":{"rendered":"<p>Po marat\u00f3ne pr\u00edprav, stretnut\u00ed, v\u00fdletov a sk\u00fa\u0161an\u00ed mlad\u00fdch adeptov na prijatie sviatosti kres\u0165anskej dospelosti sme sa do\u010dkali d\u0148a \u201eD\u201c.<\/p>\n","protected":false},"author":1,"featured_media":2663,"comment_status":"closed","ping_status":"closed","sticky":false,"template":"","format":"standard","meta":{"footnotes":""},"categories":[6],"tags":[24],"class_list":{"0":"entry","1":"post","2":"publish","3":"author-marian-jasenoveceltras-sk","4":"has-excerpt","5":"has-more-link","6":"post-2651","8":"format-standard","9":"has-post-thumbnail","10":"category-aktuality-sk","11":"post_tag-aktuality"},"_links":{"self":[{"href":"https:\/\/www.farakostolna.sk\/index.php?rest_route=\/wp\/v2\/posts\/2651","targetHints":{"allow":["GET"]}}],"collection":[{"href":"https:\/\/www.farakostolna.sk\/index.php?rest_route=\/wp\/v2\/posts"}],"about":[{"href":"https:\/\/www.farakostolna.sk\/index.php?rest_route=\/wp\/v2\/types\/post"}],"author":[{"embeddable":true,"href":"https:\/\/www.farakostolna.sk\/index.php?rest_route=\/wp\/v2\/users\/1"}],"replies":[{"embeddable":true,"href":"https:\/\/www.farakostolna.sk\/index.php?rest_route=%2Fwp%2Fv2%2Fcomments&post=2651"}],"version-history":[{"count":0,"href":"https:\/\/www.farakostolna.sk\/index.php?rest_route=\/wp\/v2\/posts\/2651\/revisions"}],"wp:featuredmedia":[{"embeddable":true,"href":"https:\/\/www.farakostolna.sk\/index.php?rest_route=\/"}],"wp:attachment":[{"href":"https:\/\/www.farakostolna.sk\/index.php?rest_route=%2Fwp%2Fv2%2Fmedia&parent=2651"}],"wp:term":[{"taxonomy":"category","embeddable":true,"href":"https:\/\/www.farakostolna.sk\/index.php?rest_route=%2Fwp%2Fv2%2Fcategories&post=2651"},{"taxonomy":"post_tag","embeddable":true,"href":"https:\/\/www.farakostolna.sk\/index.php?rest_route=%2Fwp%2Fv2%2Ftags&post=2651"}],"curies":[{"name":"wp","href":"https:\/\/api.w.org\/{rel}","templated":true}]}}