{"id":2637,"date":"2015-10-27T09:21:28","date_gmt":"2015-10-27T09:21:28","guid":{"rendered":"http:\/\/kostolna.fara.sk\/?p=2637"},"modified":"2015-10-27T09:21:28","modified_gmt":"2015-10-27T09:21:28","slug":"duchovny-den-pre-manzelske-pary-lelki-nap-hazasparoknak","status":"publish","type":"post","link":"https:\/\/www.farakostolna.sk\/?p=2637","title":{"rendered":"Duchovn\u00fd de\u0148 pre man\u017eelsk\u00e9 p\u00e1ry \/ Lelki nap h\u00e1zasp\u00e1roknak"},"content":{"rendered":"<p>\t\t\t\t<a href=\"http:\/\/kostolna.fara.sk\/wp-content\/uploads\/2015\/10\/h\u00e1zasp\u00e1r.bmp\"><img loading=\"lazy\" decoding=\"async\" class=\"  wp-image-2638 alignleft\" src=\"http:\/\/kostolna.fara.sk\/wp-content\/uploads\/2015\/10\/h\u00e1zasp\u00e1r.bmp\" alt=\"h\u00e1zasp\u00e1r\" width=\"147\" height=\"250\" \/><\/a>Man\u017eelstvo a\u00a0rodina v\u00a0dne\u0161nom svete musia \u010deli\u0165 viacer\u00fdm \u00fatokom a\u00a0probl\u00e9mom. <!--more-->Cirkev je toho vedom\u00e1, a\u00a0pr\u00e1ve preto sa rozhodla venova\u0165 tejto t\u00e9me samostatn\u00fa synodu. T\u00e9mou duchovn\u00e9ho d\u0148a v\u00a0ma\u010farskom jazyku veden\u00e9ho Alexandrom Pussom, SJ v\u00a0Hrubom \u0160\u00fare bolo tie\u017e man\u017eelstvo. V\u00a0prvej \u010dasti svojej predn\u00e1\u0161ky n\u00e1m otec Alexander objasnil ot\u00e1zky t\u00fdkaj\u00face sa platnosti man\u017eelstva, potom sa zameral na komunik\u00e1ciu v\u00a0man\u017eelstve. Po jeho predn\u00e1\u0161ke nasledovali svedectv\u00e1 dvoch man\u017eelsk\u00fdch p\u00e1rov zameran\u00e9 tie\u017e na komunik\u00e1ciu a\u00a0modlitbov\u00fd \u017eivot v\u00a0man\u017eelstve. Z\u00a0budovy z\u00e1kladnej \u0161koly sme sa presunuli do kaplnky na tich\u00fa ador\u00e1ciu a\u00a0v\u010faka otcovi Milanovi Blahovi sme mali mo\u017enos\u0165 prist\u00fapi\u0165 k\u00a0sv\u00e4tej spovedi. Duchovn\u00fd de\u0148 sme ukon\u010dili sv\u00e4tou om\u0161ou celebrovanou p\u00e1trom Pussom. \u010eakujeme mu zato, \u017ee prijal na\u0161e pozvanie a\u00a0obohatil n\u00e1s skuto\u010dne cenn\u00fdmi vedomos\u0165ami. Po\u010fakovanie patr\u00ed aj skautsk\u00fdm ved\u00facim z\u00a011. skautsk\u00e9ho zboru sv. Imricha, ktor\u00ed sa postarali o\u00a0detsk\u00fd program pre na\u0161e ratolesti.<\/p>\n<p><a href=\"https:\/\/goo.gl\/photos\/mtCY1ZUmSuMCubX48\" target=\"_blank\" rel=\"noopener noreferrer\">Fotky \/ F\u00e9nyk\u00e9pek<\/a><\/p>\n<p>A\u00a0h\u00e1zass\u00e1g \u00e9s a csal\u00e1d napjainkban rengeteg t\u00e1mad\u00e1snak van kit\u00e9ve, sz\u00e1mos probl\u00e9m\u00e1val \u00e9s kih\u00edv\u00e1ssal kell megk\u00fczdenie. Az Egyh\u00e1z mindennek tudat\u00e1ban s a t\u00e1rsadalom eme alapsejtj\u00e9nek fontoss\u00e1g\u00e1t ismerve k\u00fcl\u00f6n szin\u00f3dust szentelt a t\u00e9m\u00e1nak. A R\u00f3m\u00e1b\u00f3l \u00e9rkez\u0151 Puss S\u00e1ndor jezsuita aty\u00e1nak, ekecsi lelkip\u00e1sztornak k\u00f6sz\u00f6nhet\u0151en kis \u00edzel\u00edt\u0151t kaphattak az ott zajl\u00f3 esem\u00e9nyekb\u0151l is okt\u00f3ber 17-\u00e9n a hegys\u00fari lelki nap r\u00e9sztvev\u0151i, melynek t\u00e9m\u00e1ja a h\u00e1zass\u00e1g volt.<\/p>\n<p>S\u00e1ndor atya el\u0151ad\u00e1s\u00e1nak els\u0151 r\u00e9sz\u00e9ben felv\u00e1zolta a h\u00e1zasuland\u00f3k hozz\u00e1\u00e1ll\u00e1sra vonatkoz\u00f3 probl\u00e9m\u00e1kat, \u00e9s r\u00e9szletesebben foglalkozott a h\u00e1zass\u00e1g \u00e9rv\u00e9nytelens\u00e9g\u00e9vel. Az atya hangs\u00falyozta a h\u00e1zass\u00e1gra val\u00f3 felk\u00e9sz\u00edt\u00e9s fontoss\u00e1g\u00e1t, manaps\u00e1g ugyanis \u2013 ha egy\u00e1ltal\u00e1n \u00f6ssze akarnak h\u00e1zasodni \u2013 nincs ig\u00e9ny a jegyesoktat\u00e1sra, nincs r\u00e1 idej\u00fck a fiataloknak, \u00e9s nem egy esetben nem is j\u00e1rnak templomba. Kiemelte a sz\u00fcl\u0151k szerep\u00e9t ebben a helyzetben, hiszen \u0151k azok, akik tudn\u00e1nak tenni valamit, akik meg tudn\u00e1k \u00e9rtetni a h\u00e1zass\u00e1g l\u00e9nyeg\u00e9t gyerekeikkel. A pap feladata pedig az lenne, hogy a jegyesoktat\u00e1s sor\u00e1n tiszt\u00e1zza, mi teszi \u00e9rv\u00e9nyess\u00e9 a h\u00e1zass\u00e1got, s kiz\u00e1rja azokat az okokat, amelyek megakad\u00e1lyozhatn\u00e1k azt. Mindannyian k\u00e9nytelenek vagyunk szembes\u00fclni azzal a t\u00e9nnyel \u2013 sajnos, nem egyszer k\u00f6zvetlen k\u00f6rnyezet\u00fcnkben is \u2013, hogy sok a v\u00e1l\u00e1s, ugyanakkor sok az \u00e9rv\u00e9nytelen h\u00e1zass\u00e1g is. Ha pedig egy h\u00e1zass\u00e1gr\u00f3l kider\u00fcl, hogy \u00e9rv\u00e9nytelen, a felek k\u00f6thetnek \u00e9rv\u00e9nyes h\u00e1zass\u00e1got, \u00e9s \u00e9lhetnek szents\u00e9gi \u00e9letet. Ezeknek az eseteknek a rendez\u00e9s\u00e9vel \u00e9s az elv\u00e1ltak helyzet\u00e9vel foglalkozik \u2013 t\u00f6bbek k\u00f6z\u00f6tt \u2013 a jelenleg zajl\u00f3 szin\u00f3dus is.<\/p>\n<p>Az atya felh\u00edvta a figyelmet arra is, hogy a h\u00e1zass\u00e1g szents\u00e9g\u00e9t a h\u00e1zasuland\u00f3k egym\u00e1snak szolg\u00e1ltatj\u00e1k ki, ez a h\u00e1zass\u00e1g l\u00e9nyege, a pap csup\u00e1n tan\u00fa, aki \u00e1ld\u00e1s\u00e1t adja a frigyre. Teh\u00e1t azok is tulajdonk\u00e9ppen \u201eh\u00e1zasok\u201d, akik egy h\u00e1zban, vagyis egy\u00fctt \u00e9lnek, s elhat\u00e1rozz\u00e1k, hogy h\u0171s\u00e9gesek maradnak egym\u00e1shoz. A h\u00e1zass\u00e1gk\u00f6t\u00e9s szinonim\u00e1jak\u00e9nt \u2013 mint megtudtuk t\u00e9vesen \u2013 haszn\u00e1lt \u201eesk\u00fcv\u0151\u201d, vagyis az esk\u00fct\u00e9tel nem l\u00e9nyeges, m\u00e1s n\u00e9pekn\u00e9l nincs is meg (\u201e\u0151si magyar szok\u00e1s szerint\u201d). Ezt az esk\u00fct nagyon sokan meg is szegik, de ett\u0151l m\u00e9g nem v\u00e1lik \u00e9rv\u00e9nytelenn\u00e9 a h\u00e1zass\u00e1g.<\/p>\n<p>\u201eAmit Isten egybek\u00f6t\u00f6tt, ember sz\u00e9t ne v\u00e1lassza!\u201d \u2013 ugye mindannyiunk f\u00fcl\u00e9ben ismer\u0151sen cseng? De vajon elgondolkodtunk-e azon, hogy ennek az ellenkez\u0151je is \u00e9rv\u00e9nyes? Vagyis: \u201eAmit Isten nem k\u00f6t\u00f6tt egybe, essen sz\u00e9t!\u201d \u2013 ford\u00edtotta meg az el\u0151bbi id\u00e9zetet az el\u0151ad\u00f3, s r\u00e1t\u00e9rt arra, hogy mikor \u00e9rv\u00e9nytelen egy h\u00e1zass\u00e1g. A k\u00e9rd\u00e9ses esetekben mindig csak a h\u00e1zass\u00e1gk\u00f6t\u00e9s napja a vizsg\u00e1lat t\u00e1rgya, vagyis ha akkor nem volt csal\u00e1s, ha \u0151szinte volt a h\u00e1zasuland\u00f3k sz\u00e1nd\u00e9ka, \u00e9rv\u00e9nyes a h\u00e1zass\u00e1g. Az atya szavai alapj\u00e1n az egy-k\u00e9t \u00e9v ut\u00e1n sz\u00e9tes\u0151 h\u00e1zass\u00e1gok \u00e1ltal\u00e1ban nem is voltak \u00e9rv\u00e9nyesek. Megtudtuk, hogy eleve \u00e9rv\u00e9nytelen az a h\u00e1zass\u00e1g, amely a teherbees\u00e9s miatt j\u00f6n l\u00e9tre, de \u00e9rv\u00e9nytelen\u00edt\u0151 k\u00f6r\u00fclm\u00e9ny az \u201e\u00e9n majd \u00e1tnevelem\u201d, \u201e\u00e9n majd leszoktatom\u201d (pl. az alkoholist\u00e1t) jelsz\u00f3val indul\u00f3 frigy is. \u00c9rv\u00e9nytelenn\u00e9 teszi a h\u00e1zass\u00e1got az is, ha az egyik f\u00e9l valami fontosat eltitkol, s ami k\u00e9s\u0151bb bizony\u00edthat\u00f3 pl. p\u00e9nz\u00fcgyi helyzet, \u00f6r\u00f6kl\u0151d\u0151 betegs\u00e9gek, s az is, ha a k\u00f6z\u00f6s \u00e9letet \u00e9rint\u0151 valamely fontos dologban a h\u00e1zasuland\u00f3k elfelejtettek megegyezni. Nem \u00e9rv\u00e9nyes a h\u00e1zass\u00e1g akkor sem, ha megk\u00f6t\u00e9se el\u0151tt a v\u00e1l\u00e1s gondolata, a v\u00e1l\u00e1s mint lehet\u0151s\u00e9g felmer\u00fcl. A jegyesoktat\u00e1s teh\u00e1t a h\u00e1zass\u00e1g \u00e9rv\u00e9nyess\u00e9ge szempontj\u00e1b\u00f3l alapvet\u0151 fontoss\u00e1g\u00fa, hiszen ott kellene tiszt\u00e1zni a jegyesekkel ezeket a k\u00e9rd\u00e9seket, s kisz\u0171rni az eleve \u00e9rv\u00e9nytelennek indul\u00f3 h\u00e1zass\u00e1gokat. \u00cdgy a polg\u00e1ri v\u00e1l\u00e1sok sz\u00e1ma is jelent\u0151sen cs\u00f6kkenhetne.<\/p>\n<p>Az atya hangs\u00falyozta, hogy amikor h\u00e1zass\u00e1got k\u00f6t\u00fcnk, csal\u00e1dot alap\u00edtunk, vagyis nem a h\u00e1zass\u00e1got v\u00e1lasztjuk mint \u00e9letform\u00e1t, hanem a csal\u00e1dot. S ehhez hasonl\u00f3an: nem a paps\u00e1g az \u00e9letforma, hanem a papi vagy szerzetesi k\u00f6z\u00f6ss\u00e9g. Teh\u00e1t, mikor valaki hivat\u00e1st v\u00e1laszt, k\u00f6z\u00f6ss\u00e9get v\u00e1laszt: a csal\u00e1dot vagy a papi, illetve szerzetesi k\u00f6z\u00f6ss\u00e9get.<\/p>\n<p>Az Egyh\u00e1z a jelenlegi szin\u00f3dussal kiemeli a csal\u00e1d fontoss\u00e1g\u00e1t, kimondja, hogy sz\u00fcks\u00e9g van a csal\u00e1dokra, s\u0151t csal\u00e1di l\u00e9gk\u00f6rnek, irgalmass\u00e1gnak \u00e9s k\u00f6ny\u00f6r\u00fcletess\u00e9gnek kellene uralkodni az Egyh\u00e1zban is. Felh\u00edvja a figyelmet arra, hogy a papoknak is tanulm\u00e1nyozniuk kell a csal\u00e1dot mint az Egyh\u00e1z k\u00e9p\u00e9t, s tanulni bel\u0151le. Nem szabad hagyni, hogy a csal\u00e1d elt\u0171nj\u00f6n mint minta, hogy csak egy form\u00e1ja legyen az egy\u00fcttl\u00e9tnek.<\/p>\n<p>M\u00edg S\u00e1ndor atya el\u0151ad\u00e1s\u00e1nak els\u0151 r\u00e9sze a h\u00e1zass\u00e1g \u00e9rv\u00e9nyess\u00e9g\u00e9r\u0151l sz\u00f3lt, a m\u00e1sodik r\u00e9szben kit\u00e9rt a konfliktuskezel\u00e9s fontoss\u00e1g\u00e1ra. Az \u00e9rv\u00e9nyes h\u00e1zass\u00e1g \u2013 ha a felek j\u00f3l ismerik egym\u00e1st, ha nincsenek kiz\u00e1r\u00f3 k\u00f6r\u00fclm\u00e9nyek, \u00e9s a pap is \u00e1ld\u00e1s\u00e1t adta \u2013 nem szakadhat sz\u00e9t, ez azonban nem azt jelenti, hogy nem lesznek gondok. Az el\u0151ad\u00f3 szerint minden gond egy lehet\u0151s\u00e9g: a J\u00f3isten minden nagy aj\u00e1nd\u00e9k\u00e1t becsomagolja egy gondba, egy konfliktusba \u2013 ez egy aj\u00e1nd\u00e9k, amelyet ki kell tudni csomagolni. Nem szabad megijedni a probl\u00e9m\u00e1t\u00f3l, hanem kezelni kell, ezt pedig meg lehet tanulni. Maga Sz\u0171z M\u00e1ria is konfliktusba ker\u00fclt: gyermeket v\u00e1rt apa n\u00e9lk\u00fcl. A h\u00e1zass\u00e1got meg is kell tudni tartani, ehhez pedig elengedhetetlen, hogy a h\u00e1zast\u00e1rsak tudj\u00e1k kezelni a konfliktusokat, hogy tudjanak kommunik\u00e1lni, hogy tudj\u00e1k megbesz\u00e9lni a dolgokat. Ennek hi\u00e1nya a leggyakoribb v\u00e1l\u00f3ok. Majd az atya a verb\u00e1lis kommunik\u00e1ci\u00f3 mellett a non-verb\u00e1lis kommunik\u00e1ci\u00f3 fontoss\u00e1g\u00e1t taglalta, vagyis: nem mindegy, hogyan, mikor, milyen hangs\u00fallyal mondjuk, amit mondunk. Fontos a testbesz\u00e9d, a m\u00e1sik b\u00e1tor\u00edt\u00e1sa, meghallgat\u00e1sa, a nyugodt l\u00e9gk\u00f6r, a f\u00e9lre\u00e9rt\u00e9sek tiszt\u00e1z\u00e1sa. Felh\u00edvta a figyelmet arra, hogy \u00e9rdemes a konfliktusokat megoldani, mert ez\u00e1ltal gazdagabb\u00e1 v\u00e1lik az \u00e9let\u00fcnk, gyakran egy s\u00falyos probl\u00e9ma megold\u00e1sa ut\u00e1n elm\u00e9ly\u00fcl a kapcsolat a h\u00e1zast\u00e1rsak k\u00f6z\u00f6tt. A konfliktus teh\u00e1t egy aj\u00e1nd\u00e9k, amelyet nem \u00e9rdemes elker\u00fclni, mert az olyan, mintha kicsomagolatlanul hagyn\u00e1nk az aj\u00e1nd\u00e9kot.<\/p>\n<p>A probl\u00e9m\u00e1kat \u2013 a munkahelyi gondokat is bele\u00e9rtve \u2013 teh\u00e1t nem szabad elfojtani, meg kell besz\u00e9lni egym\u00e1ssal, kezelni kell a k\u00f6z\u00f6s \u00e9s saj\u00e1t konfliktusokat egyar\u00e1nt. Ha pedig a h\u00e1zast\u00e1rsak k\u00f6z\u00f6sen nem tal\u00e1lnak megold\u00e1st, tan\u00e1csot kell k\u00e9rni, hiszen a h\u00e1zass\u00e1gk\u00f6t\u00e9sn\u00e9l is ott volt m\u00e9g k\u00e9t tan\u00fa \u00e9s a pap. Fontos, hogy a gyerekeket is beavass\u00e1k \u2013 a szintj\u00fcknek megfelel\u0151en \u2013 a konfliktusba, hiszen a gyerek figyeli sz\u00fcleit, \u00e9s sokkal jobban ismeri \u0151ket, mint a sz\u00fcl\u0151k a gyereket, nem \u00e9rdemes teh\u00e1t becsapni \u0151ket. A gyereknek azt is l\u00e1tnia kell, hogy a sz\u00fcl\u0151k szeretik egym\u00e1st, l\u00e1tnia kell, hogy van \u00e9rtelme az \u00e9letnek. Az atya kimondta azt is, hogy a \u201ev\u00e1l\u00e1s\u00e1rv\u00e1k\u201d sokkal rosszabb helyzetben vannak, mint az \u00e1rva gyerekek.<\/p>\n<p>Az el\u0151ad\u00f3 v\u00e9g\u00fcl megnevezte a h\u00e1zass\u00e1g h\u00e1rom alappill\u00e9r\u00e9t, ami nem m\u00e1s, mint a kommunik\u00e1ci\u00f3, a testi kapcsolat \u00e9s az Istennel val\u00f3 kapcsolat, vagyis az ima\u00e9let. Ezeket fejtette ki b\u0151vebben a d\u00e9lut\u00e1n folyam\u00e1n tan\u00fas\u00e1gt\u00e9tel\u00e9ben a D\u00f6m\u00f6t\u00f6r \u00e9s a Boros h\u00e1zasp\u00e1r, akik az atya megh\u00edv\u00e1s\u00e1ra \u00e9rkeztek. K\u00f6sz\u00f6net nekik \u0151szinte szavaik\u00e9rt, a gyakorlati \u00e9letb\u0151l vett p\u00e9ld\u00e1ik\u00e9rt, s mindannyiunkat gazdag\u00edt\u00f3 gondolataik\u00e9rt!<\/p>\n<p>Az el\u0151ad\u00e1s \u00e9s a tan\u00fas\u00e1gt\u00e9telek ut\u00e1n k\u00e9t csoportban besz\u00e9lgett\u00fcnk arr\u00f3l, mit is tehetn\u00e9nk az\u00e9rt, hogy jobb legyen a h\u00e1zass\u00e1gunk, majd az alapiskol\u00e1b\u00f3l \u2013 amely helyt adott a lelki nap els\u0151 r\u00e9sz\u00e9nek \u2013 \u00e1tvonultunk a k\u00e1poln\u00e1ba, ahol csendes szents\u00e9gim\u00e1d\u00e1sra \u00e9s Blaho Milan aty\u00e1nak k\u00f6sz\u00f6nhet\u0151en szentgy\u00f3n\u00e1sra is volt lehet\u0151s\u00e9g. A lelki nap szentmis\u00e9vel z\u00e1rult, melyet S\u00e1ndor atya mutatott be. K\u00f6sz\u00f6nj\u00fck neki, hogy elfogadta a megh\u00edv\u00e1st, s hogy tartalmas el\u0151ad\u00e1s\u00e1b\u00f3l sokat mer\u00edthett\u00fcnk. K\u00f6sz\u00f6net illeti a helyi 11. Sz\u00e1m\u00fa Szent Imre Cserk\u00e9szcsapat \u0151rsvezet\u0151it is, akik a lelki nap eg\u00e9sz ideje alatt programot biztos\u00edtottak a r\u00e9sztvev\u0151k kisebb-nagyobb csemet\u00e9i sz\u00e1m\u00e1ra.<\/p>\n<p>Gujber Zsuzsa\t\t\t\t<\/p>\n","protected":false},"excerpt":{"rendered":"<p>Man\u017eelstvo a\u00a0rodina v\u00a0dne\u0161nom svete musia \u010deli\u0165 viacer\u00fdm \u00fatokom a\u00a0probl\u00e9mom.<\/p>\n","protected":false},"author":1,"featured_media":2638,"comment_status":"closed","ping_status":"closed","sticky":false,"template":"","format":"standard","meta":{"footnotes":""},"categories":[6],"tags":[24],"class_list":{"0":"entry","1":"post","2":"publish","3":"author-marian-jasenoveceltras-sk","4":"has-excerpt","5":"has-more-link","6":"post-2637","8":"format-standard","9":"has-post-thumbnail","10":"category-aktuality-sk","11":"post_tag-aktuality"},"_links":{"self":[{"href":"https:\/\/www.farakostolna.sk\/index.php?rest_route=\/wp\/v2\/posts\/2637","targetHints":{"allow":["GET"]}}],"collection":[{"href":"https:\/\/www.farakostolna.sk\/index.php?rest_route=\/wp\/v2\/posts"}],"about":[{"href":"https:\/\/www.farakostolna.sk\/index.php?rest_route=\/wp\/v2\/types\/post"}],"author":[{"embeddable":true,"href":"https:\/\/www.farakostolna.sk\/index.php?rest_route=\/wp\/v2\/users\/1"}],"replies":[{"embeddable":true,"href":"https:\/\/www.farakostolna.sk\/index.php?rest_route=%2Fwp%2Fv2%2Fcomments&post=2637"}],"version-history":[{"count":0,"href":"https:\/\/www.farakostolna.sk\/index.php?rest_route=\/wp\/v2\/posts\/2637\/revisions"}],"wp:featuredmedia":[{"embeddable":true,"href":"https:\/\/www.farakostolna.sk\/index.php?rest_route=\/"}],"wp:attachment":[{"href":"https:\/\/www.farakostolna.sk\/index.php?rest_route=%2Fwp%2Fv2%2Fmedia&parent=2637"}],"wp:term":[{"taxonomy":"category","embeddable":true,"href":"https:\/\/www.farakostolna.sk\/index.php?rest_route=%2Fwp%2Fv2%2Fcategories&post=2637"},{"taxonomy":"post_tag","embeddable":true,"href":"https:\/\/www.farakostolna.sk\/index.php?rest_route=%2Fwp%2Fv2%2Ftags&post=2637"}],"curies":[{"name":"wp","href":"https:\/\/api.w.org\/{rel}","templated":true}]}}