{"id":2631,"date":"2015-10-03T10:01:46","date_gmt":"2015-10-03T10:01:46","guid":{"rendered":"http:\/\/kostolna.fara.sk\/?p=2631"},"modified":"2015-10-03T10:01:46","modified_gmt":"2015-10-03T10:01:46","slug":"jesenno-zimna-detska-burza-gyerekborze","status":"publish","type":"post","link":"https:\/\/www.farakostolna.sk\/?p=2631","title":{"rendered":"Jesenno-zimn\u00e1 detsk\u00e1 burza \/ Gyerekb\u00f6rze"},"content":{"rendered":"<p>\t\t\t\t<a href=\"http:\/\/kostolna.fara.sk\/wp-content\/uploads\/2015\/10\/DSC01786.jpg\"><img loading=\"lazy\" decoding=\"async\" class=\" size-thumbnail wp-image-2635 alignleft\" src=\"http:\/\/kostolna.fara.sk\/wp-content\/uploads\/2015\/10\/DSC01786-150x150.jpg\" alt=\"DSC01786\" width=\"150\" height=\"150\" \/><\/a>U\u017e po druh\u00fdkr\u00e1t sa priestory pastora\u010dn\u00e9ho centra v\u00a0Kostolnej pri Dunaji premenili na takmer ozajstn\u00fd obchodn\u00fd priestor. <!--more-->Maminy z\u00a0farnosti sa toti\u017e rozhodli op\u00e4\u0165 usporiada\u0165 burzu detsk\u00fdch vec\u00ed, hra\u010diek, top\u00e1nok, ko\u010d\u00edkov a\u00a0\u010fal\u0161\u00edch drobnost\u00ed potrebn\u00fdch pri obliekan\u00ed \u010di starostlivosti o\u00a0b\u00e1b\u00e4tk\u00e1 \u010di \u0161k\u00f4lkarov. Do predaja sa zapojilo 20 mami\u010diek, \u010do je takmer 100 %-n\u00fd n\u00e1rast oproti jarnej burze konanej len p\u00e1r mesiacov dozadu. A o\u00a0n\u00e1v\u0161tevnosti sa d\u00e1 tie\u017e poveda\u0165, \u017ee vzr\u00e1stla, dokonca nieko\u013eko ston\u00e1sobne. Pozit\u00edvom je tie\u017e to, \u017ee ka\u017ed\u00e1 pred\u00e1vaj\u00faca mami\u010dka nie\u010do predala a\u00a0ka\u017ed\u00e1 kupuj\u00faca si so sebou nie\u010do odn\u00e1\u0161ala. A\u00a0aby to nebolo len o\u00a0radosti mami\u010diek, pote\u0161il sa aj p\u00e1n far\u00e1r, ktor\u00e9mu sa organiz\u00e1torky rozhodli venova\u0165 cel\u00fd \u00fa\u010dastn\u00edcky poplatok pred\u00e1vaj\u00facich. Jedna mama sa rozhodla venova\u0165 cel\u00fa tr\u017ebu z\u00a0predaja, rovnako ako minul\u00fdkr\u00e1t. Spolu sme teda odovzdali p\u00e1novi far\u00e1rovi na nov\u00e9 vitr\u00e1\u017eov\u00e9 okn\u00e1 do n\u00e1\u0161ho farsk\u00e9ho kostola 65 eur.<\/p>\n<p>\u010eakujeme v\u0161etk\u00fdm, ktor\u00ed n\u00e1m ak\u00fdmko\u013evek sp\u00f4sobom pomohli pri organiz\u00e1cii, vyba\u013eovan\u00ed \u010di sprat\u00e1van\u00ed pastora\u010dn\u00e9ho centra. Ak\u00e1ko\u013evek pomoc bola nezi\u0161tn\u00e1 a\u00a0to si ve\u013emi v\u00e1\u017eime&#8230;<\/p>\n<p>organiz\u00e1torky<\/p>\n<p><a href=\"https:\/\/goo.gl\/photos\/2MvPJUmvxWDFXjqp7\" target=\"_blank\" rel=\"noopener noreferrer\">Fotky\/F\u00e9nyk\u00e9pek:<\/a><\/p>\n<p>A pasztor\u00e1ci\u00f3s k\u00f6zpont helyis\u00e9gei adtak otthont a m\u00e1sodik gyerekb\u00f6rz\u00e9nek is pl\u00e9b\u00e1niak\u00f6zs\u00e9g\u00fcnkben. H\u00fasz \u00e9desanya k\u00edn\u00e1lta elad\u00e1sra azokat a ruh\u00e1kat, j\u00e1t\u00e9kokat, cip\u0151ket, babakocsikat \u00e9s egy\u00e9b holmikat, amelyekre m\u00e1r csemet\u00e9inek nincs sz\u00fcks\u00e9ge. A b\u00f6rze ir\u00e1nti \u00e9rdekl\u0151d\u00e9s jelent\u0151sen megn\u00f6vekedett, hiszen a tavaszi b\u00f6rz\u00e9hez k\u00e9pest csaknem sz\u00e1z sz\u00e1zal\u00e9kkal n\u0151tt az elad\u00e1sba bekapcsol\u00f3d\u00f3k \u00e9s t\u00f6bb sz\u00e1z sz\u00e1zal\u00e9kkal a v\u00e1s\u00e1rl\u00f3k sz\u00e1ma. Tov\u00e1bbi pozit\u00edvum, hogy minden elad\u00f3 el is adott valamit, s minden v\u00e1s\u00e1rl\u00f3nak siker\u00fclt is valamit hazavinnie. V\u00e9g\u00fcl az \u00e9desany\u00e1k \u00fagy d\u00f6nt\u00f6ttek, hogy az elad\u00f3k r\u00e9szv\u00e9teli d\u00edj\u00e1b\u00f3l befolyt teljes \u00f6sszeget a pl\u00e9b\u00e1nos \u00farnak adom\u00e1nyozz\u00e1k a pl\u00e9b\u00e1niatemplom \u00faj ablakaira. Az egyik anyuka \u2013 \u00fagy, mint a tavaszi b\u00f6rze alkalm\u00e1val \u2013 az eg\u00e9sz bev\u00e9tel\u00e9t felaj\u00e1nlotta. \u00cdgy \u00f6sszesen 65 eur\u00f3t adtunk \u00e1t.<\/p>\n<p>K\u00f6sz\u00f6net illet mindenkit, aki seg\u00edtett a szervez\u00e9sben, pakol\u00e1sban \u00e9s rendrak\u00e1sban. Mindennem\u0171 seg\u00edts\u00e9g \u00f6nzetlen volt, amit nagyra \u00e9rt\u00e9kel\u00fcnk.<\/p>\n<p>A szervez\u0151k\t\t\t\t<\/p>\n","protected":false},"excerpt":{"rendered":"<p>U\u017e po druh\u00fdkr\u00e1t sa priestory pastora\u010dn\u00e9ho centra v\u00a0Kostolnej pri Dunaji premenili na takmer ozajstn\u00fd obchodn\u00fd priestor.<\/p>\n","protected":false},"author":1,"featured_media":2635,"comment_status":"closed","ping_status":"closed","sticky":false,"template":"","format":"standard","meta":{"footnotes":""},"categories":[4,6],"tags":[22,24],"class_list":{"0":"entry","1":"post","2":"publish","3":"author-marian-jasenoveceltras-sk","4":"has-excerpt","5":"has-more-link","6":"post-2631","8":"format-standard","9":"has-post-thumbnail","10":"category-akcie","11":"category-aktuality-sk","12":"post_tag-akcie","13":"post_tag-aktuality"},"_links":{"self":[{"href":"https:\/\/www.farakostolna.sk\/index.php?rest_route=\/wp\/v2\/posts\/2631","targetHints":{"allow":["GET"]}}],"collection":[{"href":"https:\/\/www.farakostolna.sk\/index.php?rest_route=\/wp\/v2\/posts"}],"about":[{"href":"https:\/\/www.farakostolna.sk\/index.php?rest_route=\/wp\/v2\/types\/post"}],"author":[{"embeddable":true,"href":"https:\/\/www.farakostolna.sk\/index.php?rest_route=\/wp\/v2\/users\/1"}],"replies":[{"embeddable":true,"href":"https:\/\/www.farakostolna.sk\/index.php?rest_route=%2Fwp%2Fv2%2Fcomments&post=2631"}],"version-history":[{"count":0,"href":"https:\/\/www.farakostolna.sk\/index.php?rest_route=\/wp\/v2\/posts\/2631\/revisions"}],"wp:featuredmedia":[{"embeddable":true,"href":"https:\/\/www.farakostolna.sk\/index.php?rest_route=\/"}],"wp:attachment":[{"href":"https:\/\/www.farakostolna.sk\/index.php?rest_route=%2Fwp%2Fv2%2Fmedia&parent=2631"}],"wp:term":[{"taxonomy":"category","embeddable":true,"href":"https:\/\/www.farakostolna.sk\/index.php?rest_route=%2Fwp%2Fv2%2Fcategories&post=2631"},{"taxonomy":"post_tag","embeddable":true,"href":"https:\/\/www.farakostolna.sk\/index.php?rest_route=%2Fwp%2Fv2%2Ftags&post=2631"}],"curies":[{"name":"wp","href":"https:\/\/api.w.org\/{rel}","templated":true}]}}